{"id":42998,"date":"2024-06-08T22:46:52","date_gmt":"2024-06-09T01:46:52","guid":{"rendered":"https:\/\/radiorevelacionfm.cl\/?p=42998"},"modified":"2024-06-08T22:46:52","modified_gmt":"2024-06-09T01:46:52","slug":"difunden-beneficios-de-ley-conciliacion-de-la-vida-personal-familiar-y-laboral","status":"publish","type":"post","link":"https:\/\/radiorevelacionfm.cl\/?p=42998","title":{"rendered":"Difunden beneficios de Ley Conciliaci\u00f3n de la Vida Personal, Familiar y Laboral"},"content":{"rendered":"<div class=\"flex_column av_one_full  flex_column_div av-zero-column-padding first  avia-builder-el-0  el_before_av_one_full  avia-builder-el-first  \" style='border-radius:0px; '><div  class='avia-image-container  av-styling-    avia-builder-el-1  avia-builder-el-no-sibling  avia-align-center '  itemprop=\"image\" itemscope=\"itemscope\" itemtype=\"https:\/\/schema.org\/ImageObject\"  ><div class='avia-image-container-inner'><div class='avia-image-overlay-wrap'><img decoding=\"async\" class='wp-image-42999 avia-img-lazy-loading-not-42999 avia_image' src=\"https:\/\/radiorevelacionfm.cl\/wp-content\/uploads\/2024\/06\/ley-conciliacion_vacacionespreferentes-1_optimized.jpg\" alt='' title='ley-conciliacion_vacacionespreferentes-(1)_optimized' height=\"600\" width=\"908\"  itemprop=\"thumbnailUrl\" srcset=\"https:\/\/radiorevelacionfm.cl\/wp-content\/uploads\/2024\/06\/ley-conciliacion_vacacionespreferentes-1_optimized.jpg 908w, https:\/\/radiorevelacionfm.cl\/wp-content\/uploads\/2024\/06\/ley-conciliacion_vacacionespreferentes-1_optimized-300x198.jpg 300w, https:\/\/radiorevelacionfm.cl\/wp-content\/uploads\/2024\/06\/ley-conciliacion_vacacionespreferentes-1_optimized-768x507.jpg 768w, https:\/\/radiorevelacionfm.cl\/wp-content\/uploads\/2024\/06\/ley-conciliacion_vacacionespreferentes-1_optimized-705x466.jpg 705w, https:\/\/radiorevelacionfm.cl\/wp-content\/uploads\/2024\/06\/ley-conciliacion_vacacionespreferentes-1_optimized-450x297.jpg 450w, https:\/\/radiorevelacionfm.cl\/wp-content\/uploads\/2024\/06\/ley-conciliacion_vacacionespreferentes-1_optimized-600x396.jpg 600w\" sizes=\"(max-width: 908px) 100vw, 908px\" \/><\/div><\/div><\/div><\/div><div class=\"flex_column av_one_full  flex_column_div av-zero-column-padding first  avia-builder-el-2  el_after_av_one_full  el_before_av_one_full  column-top-margin\" style='border-radius:0px; '><section class=\"av_textblock_section \"  itemscope=\"itemscope\" itemtype=\"https:\/\/schema.org\/BlogPosting\" itemprop=\"blogPost\" ><div class='avia_textblock  '   itemprop=\"text\" ><h1 style=\"text-align: center;\"><span style=\"font-size: 18pt;\"><b><span lang=\"ES\">Difunden beneficios de Ley Conciliaci\u00f3n de la Vida Personal, Familiar y Laboral<\/span><\/b><\/span><\/h1>\n<div id=\"gtx-trans\" style=\"position: absolute; left: -50px; top: 4.31534px;\">\n<div class=\"gtx-trans-icon\"><\/div>\n<\/div>\n<\/div><\/section><\/div><div class=\"flex_column av_one_full  flex_column_div av-zero-column-padding first  avia-builder-el-4  el_after_av_one_full  el_before_av_hr  column-top-margin\" style='border-radius:0px; '><section class=\"av_textblock_section \"  itemscope=\"itemscope\" itemtype=\"https:\/\/schema.org\/BlogPosting\" itemprop=\"blogPost\" ><div class='avia_textblock  '   itemprop=\"text\" ><p class=\"v1gmail-xmsonormal\" style=\"text-align: justify;\"><span lang=\"ES\">En el hotel Dreams Coyhaique y junto al sindicato y al gerente de la empresa, el Seremi de Trabajo y Previsi\u00f3n Social, Rodrigo D\u00edaz Cordaro junto al Director regional(s), Christian Aros de la Direcci\u00f3n del Trabajo, \u00a0realizaron un punto de prensa para reforzar algunos de los beneficios que tiene la nueva ley de Conciliaci\u00f3n vida personal, familiar y laboral, que entr\u00f3 en vigencia en enero de este a\u00f1o.<\/span><\/p>\n<p class=\"v1MsoNormal\" style=\"text-align: justify;\"><span lang=\"ES\">Al respecto, el Seremi Rodrigo D\u00edaz Cordaro, de Trabajo y Previsi\u00f3n Social, \u00abEsta ley para el Gobierno de Chile, para el Gobierno del Presidente Boric es fundamental porque nos permite visibilizar el trabajo decente y adem\u00e1s superar la brecha de g\u00e9nero que hoy tenemos en el pa\u00eds, porque esto reconoce que hoy d\u00eda las mujeres est\u00e1n en detrimento en relaci\u00f3n a nosotros, los hombres, esto busca equiparar la cancha y por eso tenemos medidas como la prioridad en los permisos en periodo de vacaciones, dadas por el Ministerio de Educaci\u00f3n. En ese caso es importante, porque esto tiene que ser 30 d\u00edas antes, as\u00ed lo se\u00f1ala la ley, y en el caso de la regi\u00f3n de Ays\u00e9n, las vacaciones parten el 8 de julio, por lo tanto tenemos pocos d\u00edas para que quienes no lo han hecho, soliciten las vacaciones preferentes, cumpliendo con lo que se\u00f1ala la ley. Tambi\u00e9n pueden solicitar bandas horarias y, para el sector privado, el teletrabajo. Es importante avanzar, informarse, y por ello estamos ac\u00e1 como Gobierno reiterando y comunicando detalles de esta nueva ley\u00bb.<\/span><\/p>\n<p class=\"v1gmail-xmsonormal\" style=\"text-align: justify;\"><span lang=\"ES\">La presidenta del Sindicato de Trabajadores de Empresa Dreams Coyhaique, Johane Vallejos, se refiri\u00f3 a la importancia de informarse sobre las nuevas leyes y beneficios laborales, \u00abComo mam\u00e1 y trabajadora nos acomodan mucho estas nuevas leyes que se est\u00e1n implementando, para poder equilibrar el tema familiar, que es muy importante cuando una es mam\u00e1 y tiene hijos chicos. Tambi\u00e9n es importante llegar a un acuerdo y un equilibrio con la empresa, que pueda permitir que esto sea \u00f3ptimo, tanto para que cuando yo est\u00e9 trabajando no est\u00e9 preocupada de lo que sucede en casa y al rev\u00e9s. Estamos hoy d\u00eda representando a una empresa que ha ido a la par con esta nueva ley, se han ido haciendo las gestiones pertinentes para que las trabajadoras y los trabajadores tambi\u00e9n tengamos la facilidad de poder hacer uso de estas nuevas posibilidades para poder desempe\u00f1arnos, y muy al pendiente de todo esto, que va sucediendo para poder tambi\u00e9n informarlo a los nuevos trabajadores, y a los trabajadores que ya est\u00e1n, para que se mantengan informados\u00bb, afirm\u00f3.<\/span><\/p>\n<p class=\"v1MsoNormal\" style=\"text-align: justify;\"><span lang=\"ES\">Tal como acot\u00f3 el Seremi D\u00edaz Cordaro, la ley 21.645, establece derecho a modalidades h\u00edbridas, de modo que las y los trabajadores puedan efectuar todo o parte de su jornada diaria o semanal en esas modalidades en la medida que la naturaleza de sus funciones. Quienes pueden acceder a este beneficio son las y los trabajadores que tienen el cuidado personal de un ni\u00f1o o ni\u00f1a menor de 14 a\u00f1os, o quienes tengan a su cargo el cuidado de una persona con discapacidad o en situaci\u00f3n de dependencia severa o moderada, no importando la edad de quien se cuida.<\/span><\/p>\n<p class=\"v1MsoNormal\" style=\"text-align: justify;\"><span lang=\"ES\">Otro de los puntos es el derecho al uso preferente del feriado legal, estableciendo que las y los trabajadores que tengan a su cuidado a un ni\u00f1o o ni\u00f1a menor de 14 a\u00f1os o un adolescente menor de 18 a\u00f1os con una discapacidad o dependencia severa, tienen el derecho preferente al uso el feriado legal durante el periodo de vacaciones establecido por el Ministerio de Educaci\u00f3n, debiendo analizar su solicitud en forma preferente a aquellas personas sin estas responsabilidades. De igual modo, la ley reconoce el derecho a la modificaci\u00f3n transitoria del sistema de turnos o la distribuci\u00f3n de la jornada diaria semanal.<\/span><\/p>\n<p class=\"v1MsoNormal\" style=\"text-align: justify;\"><span lang=\"ES\">Desde el punto de vista del empleador, el gerente general de Dreams Coyhaique, John Ru\u00edz coment\u00f3 sobre el di\u00e1logo y acuerdo existente con las y los trabajadores de la empresa, \u00abLa ley de conciliaci\u00f3n la vemos con muy buenos ojos, hace un a\u00f1o que estamos trabajando tambi\u00e9n en el proyecto de las 40 horas. Estamos abiertos a que nuestros trabajadores y trabajadoras nos soliciten sus periodos de vacaciones, no tenemos ning\u00fan problema en cumplir con los est\u00e1ndares solicitados, as\u00ed es que estamos tambi\u00e9n contentos como empresa, porque nos toca entretener y para entretener tenemos que estar en un ambiente saludable de trabajo\u00bb.<\/span><\/p>\n<p class=\"v1MsoNormal\" style=\"text-align: justify;\"><span lang=\"ES\">En relaci\u00f3n a las sanciones a las que se exponen los empleadores\/as que no otorguen los derechos, el Director regional(s) del Trabajo, Christian Aros, mencion\u00f3, \u00abEn estos distintos derechos lo primero que tiene que hacer el trabajador o la trabajadora que est\u00e1 en esta situaci\u00f3n, se\u00f1alada en la ley, es hacer la presentaci\u00f3n correspondiente a su empleador. El empleador tiene un plazo de entre diez y quince d\u00edas, dependiendo del derecho, para responder, si acoge o no la solicitud del trabajador\/a, y si no la acoge, dar las razones por las cuales no la acoge. Si el empleador no acogiera esa solicitud o no propone una en subsidio de la se\u00f1alada por el trabajador\/a, el trabajador\/a tiene derecho a recurrir a nuestra inspecci\u00f3n, hacer la denuncia respectiva y nosotros vamos a fiscalizar si se cumplieron o no los requisitos que se se\u00f1ala en la ley. En caso de que no se hayan cumplido, podemos sancionar a las empresas con multas que van entre las 3 a las 60 UTM en algunos casos\u00bb. Con respecto a los permisos mencionados por el Seremi D\u00edaz Cordaro, Aros Troncoso detall\u00f3, \u00aben caso de conciliaci\u00f3n de la vida personal, familiar y laboral, las multas van de 3 a 60 por trabajador, porque es el caso individual del trabajador\u00bb.<\/span><\/p>\n<p class=\"v1MsoNormal\" style=\"text-align: justify;\"><b><u><span lang=\"ES\">Derecho a vacaciones preferentes<\/span><\/u><\/b><\/p>\n<p class=\"v1MsoNormal\" style=\"text-align: justify;\"><span lang=\"ES\">Las personas beneficiadas tendr\u00e1n preferencia en el otorgamiento del feriado anual en el periodo de vacaciones escolares fijadas por el Ministerio de Educaci\u00f3n. En la Regi\u00f3n de Ays\u00e9n las vacaciones de invierno son entre el 8 y el 26 de julio de 2024.<\/span><\/p>\n<p class=\"v1MsoNormal\" style=\"text-align: justify;\"><b><span lang=\"ES\">\u00bfA qui\u00e9nes est\u00e1 dirigido?<\/span><\/b><\/p>\n<p class=\"v1MsoNormal\" style=\"text-align: justify;\"><span lang=\"ES\">A quienes tienen el cuidado personal de ni\u00f1os o ni\u00f1as menores de 14 a\u00f1os o adolescentes menores de 18 a\u00f1os con discapacidad o en situaci\u00f3n de dependencia severa o moderada.<\/span><\/p>\n<p class=\"v1MsoNormal\" style=\"text-align: justify;\"><b><span lang=\"ES\">\u00bfC\u00f3mo se solicita?<\/span><\/b><\/p>\n<p class=\"v1MsoNormal\" style=\"text-align: justify;\"><span lang=\"ES\">La persona trabajadora deber\u00e1 solicitar el uso de su feriado durante el periodo de vacaciones escolares determinado por el Ministerio de Educaci\u00f3n, con al menos treinta d\u00edas de anticipaci\u00f3n, acompa\u00f1ando alguno de estos documentos:<\/span><\/p>\n<p class=\"v1gmail-MsoListParagraphCxSpFirst\" style=\"text-align: justify;\"><span lang=\"ES\">\u00d8\u00a0\u00a0<\/span><span lang=\"ES\">Certificado de nacimiento que acredite filiaci\u00f3n de ni\u00f1o o ni\u00f1a.<\/span><\/p>\n<p class=\"v1gmail-MsoListParagraphCxSpMiddle\" style=\"text-align: justify;\"><span lang=\"ES\">\u00d8\u00a0\u00a0<\/span><span lang=\"ES\">Resoluci\u00f3n judicial de un tribunal que otorga cuidado personal de ni\u00f1o o ni\u00f1a.<\/span><\/p>\n<p class=\"v1gmail-MsoListParagraphCxSpMiddle\" style=\"text-align: justify;\"><span lang=\"ES\">\u00d8\u00a0\u00a0<\/span><span lang=\"ES\">Certificado de inscripci\u00f3n en el Registro Nacional de la Discapacidad.<\/span><\/p>\n<p class=\"v1gmail-MsoListParagraphCxSpLast\" style=\"text-align: justify;\"><span lang=\"ES\">\u00d8\u00a0\u00a0<\/span><span lang=\"ES\">Documento emitido por el Ministerio de Desarrollo Social y Familia, que d\u00e9 cuenta de la calidad de cuidador o cuidadora, que actualmente consiste en un certificado o credencial que se obtiene mediante el Registro Social de Hogares.<\/span><\/p>\n<p class=\"v1MsoNormal\" style=\"text-align: justify;\"><span lang=\"ES\">Para quienes requieran mayor informaci\u00f3n de la ley de conciliaci\u00f3n de la vida personal, familiar y laboral, pueden ingresar al sitio web de la Subsecretar\u00eda del Trabajo\u00a0<\/span><a href=\"http:\/\/www.subtrab.gob.cl\/conciliacion\/\" target=\"_blank\" rel=\"noopener noreferrer\"><span lang=\"ES\">www.subtrab.gob.cl\/conciliacion<\/span><\/a><span lang=\"ES\">.<\/span><\/p>\n<\/div><\/section><\/div><div  style='height:50px' class='hr hr-invisible   avia-builder-el-6  el_after_av_one_full  el_before_av_social_share '><span class='hr-inner ' ><span class='hr-inner-style'><\/span><\/span><\/div><\/p>\n<div  class='av-social-sharing-box  avia-builder-el-7  el_after_av_hr  el_before_av_hr  '><div class='av-share-box'><h5 class='av-share-link-description av-no-toc '>Compartir esta noticia<\/h5><ul class='av-share-box-list noLightbox'><li class='av-share-link av-social-link-facebook' ><a target=\"_blank\" aria-label=\"Compartir en Facebook\" href='https:\/\/www.facebook.com\/sharer.php?u=https:\/\/radiorevelacionfm.cl\/?p=42998&#038;t=Difunden%20beneficios%20de%20Ley%20Conciliaci%C3%B3n%20de%20la%20Vida%20Personal%2C%20Familiar%20y%20Laboral' aria-hidden='false' data-av_icon='\ue8f3' data-av_iconfont='entypo-fontello' title='' data-avia-related-tooltip='Compartir en Facebook' rel=\"noopener\"><span class='avia_hidden_link_text'>Compartir en Facebook<\/span><\/a><\/li><li class='av-share-link av-social-link-twitter' ><a target=\"_blank\" aria-label=\"Compartir en Twitter\" href='https:\/\/twitter.com\/share?text=Difunden%20beneficios%20de%20Ley%20Conciliaci%C3%B3n%20de%20la%20Vida%20Personal%2C%20Familiar%20y%20Laboral&#038;url=https:\/\/radiorevelacionfm.cl\/?p=42998' aria-hidden='false' data-av_icon='\ue8f1' data-av_iconfont='entypo-fontello' title='' data-avia-related-tooltip='Compartir en Twitter' rel=\"noopener\"><span class='avia_hidden_link_text'>Compartir en Twitter<\/span><\/a><\/li><li class='av-share-link av-social-link-whatsapp' ><a target=\"_blank\" aria-label=\"Compartir en Whatsapp\" href='https:\/\/api.whatsapp.com\/send?text=https:\/\/radiorevelacionfm.cl\/?p=42998' aria-hidden='false' data-av_icon='\uf232' data-av_iconfont='entypo-fontello' title='' data-avia-related-tooltip='Compartir en Whatsapp' rel=\"noopener\"><span class='avia_hidden_link_text'>Compartir en Whatsapp<\/span><\/a><\/li><li class='av-share-link av-social-link-linkedin' ><a target=\"_blank\" aria-label=\"Compartir en LinkedIn\" href='https:\/\/linkedin.com\/shareArticle?mini=true&#038;title=Difunden%20beneficios%20de%20Ley%20Conciliaci%C3%B3n%20de%20la%20Vida%20Personal%2C%20Familiar%20y%20Laboral&#038;url=https:\/\/radiorevelacionfm.cl\/?p=42998' aria-hidden='false' data-av_icon='\ue8fc' data-av_iconfont='entypo-fontello' title='' data-avia-related-tooltip='Compartir en LinkedIn' rel=\"noopener\"><span class='avia_hidden_link_text'>Compartir en LinkedIn<\/span><\/a><\/li><li class='av-share-link av-social-link-mail' ><a  aria-label=\"Compartir por correo\" href='mailto:?subject=Difunden%20beneficios%20de%20Ley%20Conciliaci%C3%B3n%20de%20la%20Vida%20Personal%2C%20Familiar%20y%20Laboral&#038;body=https:\/\/radiorevelacionfm.cl\/?p=42998' aria-hidden='false' data-av_icon='\ue805' data-av_iconfont='entypo-fontello' title='' data-avia-related-tooltip='Compartir por correo'><span class='avia_hidden_link_text'>Compartir por correo<\/span><\/a><\/li><\/ul><\/div><\/div>\n<div  style='height:50px' class='hr hr-invisible   avia-builder-el-8  el_after_av_social_share  el_before_av_comments_list '><span class='hr-inner ' ><span class='hr-inner-style'><\/span><\/span><\/div>\n<div  class='av-buildercomment  av-blog-meta-html-info-disabled av-blog-meta-tag-disabled  '><\/div>\n","protected":false},"excerpt":{"rendered":"","protected":false},"author":1,"featured_media":42999,"comment_status":"open","ping_status":"open","sticky":false,"template":"","format":"standard","meta":{"footnotes":""},"categories":[56],"tags":[],"class_list":["post-42998","post","type-post","status-publish","format-standard","has-post-thumbnail","hentry","category-trabajo"],"jetpack_featured_media_url":"https:\/\/radiorevelacionfm.cl\/wp-content\/uploads\/2024\/06\/ley-conciliacion_vacacionespreferentes-1_optimized.jpg","_links":{"self":[{"href":"https:\/\/radiorevelacionfm.cl\/index.php?rest_route=\/wp\/v2\/posts\/42998","targetHints":{"allow":["GET"]}}],"collection":[{"href":"https:\/\/radiorevelacionfm.cl\/index.php?rest_route=\/wp\/v2\/posts"}],"about":[{"href":"https:\/\/radiorevelacionfm.cl\/index.php?rest_route=\/wp\/v2\/types\/post"}],"author":[{"embeddable":true,"href":"https:\/\/radiorevelacionfm.cl\/index.php?rest_route=\/wp\/v2\/users\/1"}],"replies":[{"embeddable":true,"href":"https:\/\/radiorevelacionfm.cl\/index.php?rest_route=%2Fwp%2Fv2%2Fcomments&post=42998"}],"version-history":[{"count":1,"href":"https:\/\/radiorevelacionfm.cl\/index.php?rest_route=\/wp\/v2\/posts\/42998\/revisions"}],"predecessor-version":[{"id":43000,"href":"https:\/\/radiorevelacionfm.cl\/index.php?rest_route=\/wp\/v2\/posts\/42998\/revisions\/43000"}],"wp:featuredmedia":[{"embeddable":true,"href":"https:\/\/radiorevelacionfm.cl\/index.php?rest_route=\/wp\/v2\/media\/42999"}],"wp:attachment":[{"href":"https:\/\/radiorevelacionfm.cl\/index.php?rest_route=%2Fwp%2Fv2%2Fmedia&parent=42998"}],"wp:term":[{"taxonomy":"category","embeddable":true,"href":"https:\/\/radiorevelacionfm.cl\/index.php?rest_route=%2Fwp%2Fv2%2Fcategories&post=42998"},{"taxonomy":"post_tag","embeddable":true,"href":"https:\/\/radiorevelacionfm.cl\/index.php?rest_route=%2Fwp%2Fv2%2Ftags&post=42998"}],"curies":[{"name":"wp","href":"https:\/\/api.w.org\/{rel}","templated":true}]}}