{"id":42995,"date":"2024-06-09T22:40:14","date_gmt":"2024-06-10T01:40:14","guid":{"rendered":"https:\/\/radiorevelacionfm.cl\/?p=42995"},"modified":"2024-06-09T22:54:29","modified_gmt":"2024-06-10T01:54:29","slug":"cenco-74-anos-coordinando-el-apoyo-ante-la-emergencia","status":"publish","type":"post","link":"https:\/\/radiorevelacionfm.cl\/?p=42995","title":{"rendered":"Cenco: 74 a\u00f1os coordinando el apoyo ante la emergencia"},"content":{"rendered":"<div class=\"flex_column av_one_full  flex_column_div av-zero-column-padding first  avia-builder-el-0  el_before_av_one_full  avia-builder-el-first  \" style='border-radius:0px; '><div  class='avia-image-container  av-styling-    avia-builder-el-1  avia-builder-el-no-sibling  avia-align-center '  itemprop=\"image\" itemscope=\"itemscope\" itemtype=\"https:\/\/schema.org\/ImageObject\"  ><div class='avia-image-container-inner'><div class='avia-image-overlay-wrap'><img decoding=\"async\" class='wp-image-42996 avia-img-lazy-loading-not-42996 avia_image' src=\"https:\/\/radiorevelacionfm.cl\/wp-content\/uploads\/2024\/06\/ed582e19-0cfb-41a3-b084-7d5c633b3d42-1-1.jpg\" alt='' title='ed582e19-0cfb-41a3-b084-7d5c633b3d42 (1) (1)' height=\"665\" width=\"801\"  itemprop=\"thumbnailUrl\" srcset=\"https:\/\/radiorevelacionfm.cl\/wp-content\/uploads\/2024\/06\/ed582e19-0cfb-41a3-b084-7d5c633b3d42-1-1.jpg 801w, https:\/\/radiorevelacionfm.cl\/wp-content\/uploads\/2024\/06\/ed582e19-0cfb-41a3-b084-7d5c633b3d42-1-1-300x249.jpg 300w, https:\/\/radiorevelacionfm.cl\/wp-content\/uploads\/2024\/06\/ed582e19-0cfb-41a3-b084-7d5c633b3d42-1-1-768x638.jpg 768w, https:\/\/radiorevelacionfm.cl\/wp-content\/uploads\/2024\/06\/ed582e19-0cfb-41a3-b084-7d5c633b3d42-1-1-705x585.jpg 705w, https:\/\/radiorevelacionfm.cl\/wp-content\/uploads\/2024\/06\/ed582e19-0cfb-41a3-b084-7d5c633b3d42-1-1-450x374.jpg 450w, https:\/\/radiorevelacionfm.cl\/wp-content\/uploads\/2024\/06\/ed582e19-0cfb-41a3-b084-7d5c633b3d42-1-1-600x498.jpg 600w\" sizes=\"(max-width: 801px) 100vw, 801px\" \/><\/div><\/div><\/div><\/div><div class=\"flex_column av_one_full  flex_column_div av-zero-column-padding first  avia-builder-el-2  el_after_av_one_full  el_before_av_one_full  column-top-margin\" style='border-radius:0px; '><section class=\"av_textblock_section \"  itemscope=\"itemscope\" itemtype=\"https:\/\/schema.org\/BlogPosting\" itemprop=\"blogPost\" ><div class='avia_textblock  '   itemprop=\"text\" ><p style=\"text-align: center;\"><strong><span style=\"font-size: 18pt;\">Cenco: 74 a\u00f1os coordinando el apoyo ante la emergencia<\/span><\/strong><\/p>\n<div id=\"gtx-trans\" style=\"position: absolute; left: -50px; top: 4.31534px;\">\n<div class=\"gtx-trans-icon\"><\/div>\n<\/div>\n<\/div><\/section><\/div><div class=\"flex_column av_one_full  flex_column_div av-zero-column-padding first  avia-builder-el-4  el_after_av_one_full  el_before_av_hr  column-top-margin\" style='border-radius:0px; '><section class=\"av_textblock_section \"  itemscope=\"itemscope\" itemtype=\"https:\/\/schema.org\/BlogPosting\" itemprop=\"blogPost\" ><div class='avia_textblock  '   itemprop=\"text\" ><p style=\"text-align: justify;\"><em>Desde el mes de enero al\u00a02 de junio de 2024, Carabineros ha recibido 25.582 llamadas de emergencia, de las cuales el 57% no corresponden a emergencias policiales.<\/em><\/p>\n<p style=\"text-align: justify;\">Comunicar, coordinar y apoyar el despliegue operativo en la poblaci\u00f3n, permitiendo enlazar el recurso humano, material y tecnol\u00f3gico, constituyen el principal objetivo de la Central de Comunicaciones (Cenco) fundada un 7 de junio de 1950 bajo el nombre de \u00abPlanta General Transmisora del Servicio de Radiopatrullas\u00bb, que hoy cumple 74 a\u00f1os de trabajo, al servicio de toda persona que requiera del apoyo o ayuda de Carabineros.<\/p>\n<p style=\"text-align: justify;\">A trav\u00e9s del fono 62661 la comunidad contactaba a la Instituci\u00f3n, requiriendo apoyo ante la emergencia o frente a un delito, obteniendo una respuesta oportuna por parte dispositivos desplegados en las primeras ocho radiopatrullas que integraban la 17\u00b0 Comisar\u00eda de Radiopatrullas en la Regi\u00f3n Metropolitana.<\/p>\n<p style=\"text-align: justify;\">En junio de 1979 se crea el fono de emergencias policiales 133 el cual hoy rige en todo el pa\u00eds, bajo el mismo objetivo, cual es coordinar la respuesta institucional ante la emergencia o requerimientos de la comunidad.<\/p>\n<p style=\"text-align: justify;\"><strong>Llamados<\/strong><\/p>\n<p style=\"text-align: justify;\">Pitanzas, bromas, insultos, consultas por el estado de carreteras, farmacias de turno, horarios de vuelos, situaci\u00f3n clim\u00e1tica, entre muchas otras, conforman las denominadas llamadas inoficiosas y que durante el a\u00f1o 2023 superaron las 42 mil, generando un colapso del nivel de emergencias.<\/p>\n<p style=\"text-align: justify;\">Durante el a\u00f1o reci\u00e9n pasado, Cenco Ays\u00e9n atendi\u00f3 68.810 llamadas, con un promedio mensual de 5.688 llamados.<\/p>\n<p style=\"text-align: justify;\">Desde el mes de enero al 2 de junio de 2024, Carabineros ha recibido 25.582 llamadas de emergencia, de las cuales el 57% no corresponden a emergencias policiales.<\/p>\n<p style=\"text-align: justify;\"><strong>Buen uso del 133<\/strong><\/p>\n<p style=\"text-align: justify;\">Usualmente quien est\u00e1 viviendo una emergencia se encuentra en estado de shock, y requiere de la llegada de Carabineros en el menor tiempo posible, lo cual no s\u00f3lo requiere de mantener esta l\u00ednea habilitada, sino tambi\u00e9n de un funcionario emp\u00e1tico, capaz de orientar y coordinar una respuesta o apoyo oportuno.<\/p>\n<p style=\"text-align: justify;\">A trav\u00e9s de sus operadores, Cenco atiende durante las 24 horas del d\u00eda los requerimientos que ingresan a trav\u00e9s del fono de emergencias 133 por parte de quienes demandan la presencia policial, desplegando los cursos de acci\u00f3n tendientes a orientar los dispositivos en la poblaci\u00f3n con informaci\u00f3n espec\u00edfica del procedimiento en gesti\u00f3n, manteniendo contacto radial con las unidades operativas y servicios especializados, coordinando, recibiendo y proporcionando informaci\u00f3n \u00fatil para el desarrollo de sus tareas y funciones espec\u00edficas, manteniendo informado al Mando sobre la contingencia y canalizando las instrucciones que estos emanen o impartan.<\/p>\n<p style=\"text-align: justify;\">Carabineros llam\u00f3 a la responsabilidad, a hacer un buen uso del 133 evitando entorpecer una acci\u00f3n inmediata perjudicando a quienes realmente la necesitan, toda vez que muchas veces unos pocos segundos pueden hacer la diferencia entre la vida o la muerte.<\/p>\n<\/div><\/section><\/div><div  style='height:50px' class='hr hr-invisible   avia-builder-el-6  el_after_av_one_full  el_before_av_social_share '><span class='hr-inner ' ><span class='hr-inner-style'><\/span><\/span><\/div><\/p>\n<div  class='av-social-sharing-box  avia-builder-el-7  el_after_av_hr  el_before_av_hr  '><div class='av-share-box'><h5 class='av-share-link-description av-no-toc '>Compartir esta noticia<\/h5><ul class='av-share-box-list noLightbox'><li class='av-share-link av-social-link-facebook' ><a target=\"_blank\" aria-label=\"Compartir en Facebook\" href='https:\/\/www.facebook.com\/sharer.php?u=https:\/\/radiorevelacionfm.cl\/?p=42995&#038;t=Cenco%3A%2074%20a%C3%B1os%20coordinando%20el%20apoyo%20ante%20la%20emergencia' aria-hidden='false' data-av_icon='\ue8f3' data-av_iconfont='entypo-fontello' title='' data-avia-related-tooltip='Compartir en Facebook' rel=\"noopener\"><span class='avia_hidden_link_text'>Compartir en Facebook<\/span><\/a><\/li><li class='av-share-link av-social-link-twitter' ><a target=\"_blank\" aria-label=\"Compartir en Twitter\" href='https:\/\/twitter.com\/share?text=Cenco%3A%2074%20a%C3%B1os%20coordinando%20el%20apoyo%20ante%20la%20emergencia&#038;url=https:\/\/radiorevelacionfm.cl\/?p=42995' aria-hidden='false' data-av_icon='\ue8f1' data-av_iconfont='entypo-fontello' title='' data-avia-related-tooltip='Compartir en Twitter' rel=\"noopener\"><span class='avia_hidden_link_text'>Compartir en Twitter<\/span><\/a><\/li><li class='av-share-link av-social-link-whatsapp' ><a target=\"_blank\" aria-label=\"Compartir en Whatsapp\" href='https:\/\/api.whatsapp.com\/send?text=https:\/\/radiorevelacionfm.cl\/?p=42995' aria-hidden='false' data-av_icon='\uf232' data-av_iconfont='entypo-fontello' title='' data-avia-related-tooltip='Compartir en Whatsapp' rel=\"noopener\"><span class='avia_hidden_link_text'>Compartir en Whatsapp<\/span><\/a><\/li><li class='av-share-link av-social-link-linkedin' ><a target=\"_blank\" aria-label=\"Compartir en LinkedIn\" href='https:\/\/linkedin.com\/shareArticle?mini=true&#038;title=Cenco%3A%2074%20a%C3%B1os%20coordinando%20el%20apoyo%20ante%20la%20emergencia&#038;url=https:\/\/radiorevelacionfm.cl\/?p=42995' aria-hidden='false' data-av_icon='\ue8fc' data-av_iconfont='entypo-fontello' title='' data-avia-related-tooltip='Compartir en LinkedIn' rel=\"noopener\"><span class='avia_hidden_link_text'>Compartir en LinkedIn<\/span><\/a><\/li><li class='av-share-link av-social-link-mail' ><a  aria-label=\"Compartir por correo\" href='mailto:?subject=Cenco%3A%2074%20a%C3%B1os%20coordinando%20el%20apoyo%20ante%20la%20emergencia&#038;body=https:\/\/radiorevelacionfm.cl\/?p=42995' aria-hidden='false' data-av_icon='\ue805' data-av_iconfont='entypo-fontello' title='' data-avia-related-tooltip='Compartir por correo'><span class='avia_hidden_link_text'>Compartir por correo<\/span><\/a><\/li><\/ul><\/div><\/div>\n<div  style='height:50px' class='hr hr-invisible   avia-builder-el-8  el_after_av_social_share  el_before_av_comments_list '><span class='hr-inner ' ><span class='hr-inner-style'><\/span><\/span><\/div>\n<div  class='av-buildercomment  av-blog-meta-html-info-disabled av-blog-meta-tag-disabled  '><\/div>\n","protected":false},"excerpt":{"rendered":"","protected":false},"author":1,"featured_media":42996,"comment_status":"open","ping_status":"open","sticky":false,"template":"","format":"standard","meta":{"footnotes":""},"categories":[36],"tags":[],"class_list":["post-42995","post","type-post","status-publish","format-standard","has-post-thumbnail","hentry","category-policial"],"jetpack_featured_media_url":"https:\/\/radiorevelacionfm.cl\/wp-content\/uploads\/2024\/06\/ed582e19-0cfb-41a3-b084-7d5c633b3d42-1-1.jpg","_links":{"self":[{"href":"https:\/\/radiorevelacionfm.cl\/index.php?rest_route=\/wp\/v2\/posts\/42995","targetHints":{"allow":["GET"]}}],"collection":[{"href":"https:\/\/radiorevelacionfm.cl\/index.php?rest_route=\/wp\/v2\/posts"}],"about":[{"href":"https:\/\/radiorevelacionfm.cl\/index.php?rest_route=\/wp\/v2\/types\/post"}],"author":[{"embeddable":true,"href":"https:\/\/radiorevelacionfm.cl\/index.php?rest_route=\/wp\/v2\/users\/1"}],"replies":[{"embeddable":true,"href":"https:\/\/radiorevelacionfm.cl\/index.php?rest_route=%2Fwp%2Fv2%2Fcomments&post=42995"}],"version-history":[{"count":1,"href":"https:\/\/radiorevelacionfm.cl\/index.php?rest_route=\/wp\/v2\/posts\/42995\/revisions"}],"predecessor-version":[{"id":42997,"href":"https:\/\/radiorevelacionfm.cl\/index.php?rest_route=\/wp\/v2\/posts\/42995\/revisions\/42997"}],"wp:featuredmedia":[{"embeddable":true,"href":"https:\/\/radiorevelacionfm.cl\/index.php?rest_route=\/wp\/v2\/media\/42996"}],"wp:attachment":[{"href":"https:\/\/radiorevelacionfm.cl\/index.php?rest_route=%2Fwp%2Fv2%2Fmedia&parent=42995"}],"wp:term":[{"taxonomy":"category","embeddable":true,"href":"https:\/\/radiorevelacionfm.cl\/index.php?rest_route=%2Fwp%2Fv2%2Fcategories&post=42995"},{"taxonomy":"post_tag","embeddable":true,"href":"https:\/\/radiorevelacionfm.cl\/index.php?rest_route=%2Fwp%2Fv2%2Ftags&post=42995"}],"curies":[{"name":"wp","href":"https:\/\/api.w.org\/{rel}","templated":true}]}}