{"id":42992,"date":"2024-06-08T20:46:52","date_gmt":"2024-06-08T23:46:52","guid":{"rendered":"https:\/\/radiorevelacionfm.cl\/?p=42992"},"modified":"2024-06-08T20:46:52","modified_gmt":"2024-06-08T23:46:52","slug":"refuerzan-llamado-a-las-mujeres-de-la-region-a-postular-al-capital-abeja-2024","status":"publish","type":"post","link":"https:\/\/radiorevelacionfm.cl\/?p=42992","title":{"rendered":"Refuerzan llamado a las mujeres de la regi\u00f3n a postular al Capital Abeja 2024"},"content":{"rendered":"<div class=\"flex_column av_one_full  flex_column_div av-zero-column-padding first  avia-builder-el-0  el_before_av_one_full  avia-builder-el-first  \" style='border-radius:0px; '><div  class='avia-image-container  av-styling-    avia-builder-el-1  avia-builder-el-no-sibling  avia-align-center '  itemprop=\"image\" itemscope=\"itemscope\" itemtype=\"https:\/\/schema.org\/ImageObject\"  ><div class='avia-image-container-inner'><div class='avia-image-overlay-wrap'><img decoding=\"async\" class='wp-image-42993 avia-img-lazy-loading-not-42993 avia_image' src=\"https:\/\/radiorevelacionfm.cl\/wp-content\/uploads\/2024\/06\/abeja-1-1_optimized.jpeg\" alt='' title='abeja-1-(1)_optimized' height=\"600\" width=\"897\"  itemprop=\"thumbnailUrl\" srcset=\"https:\/\/radiorevelacionfm.cl\/wp-content\/uploads\/2024\/06\/abeja-1-1_optimized.jpeg 897w, https:\/\/radiorevelacionfm.cl\/wp-content\/uploads\/2024\/06\/abeja-1-1_optimized-300x201.jpeg 300w, https:\/\/radiorevelacionfm.cl\/wp-content\/uploads\/2024\/06\/abeja-1-1_optimized-768x514.jpeg 768w, https:\/\/radiorevelacionfm.cl\/wp-content\/uploads\/2024\/06\/abeja-1-1_optimized-705x472.jpeg 705w, https:\/\/radiorevelacionfm.cl\/wp-content\/uploads\/2024\/06\/abeja-1-1_optimized-450x301.jpeg 450w, https:\/\/radiorevelacionfm.cl\/wp-content\/uploads\/2024\/06\/abeja-1-1_optimized-600x401.jpeg 600w\" sizes=\"(max-width: 897px) 100vw, 897px\" \/><\/div><\/div><\/div><\/div><div class=\"flex_column av_one_full  flex_column_div av-zero-column-padding first  avia-builder-el-2  el_after_av_one_full  el_before_av_one_full  column-top-margin\" style='border-radius:0px; '><section class=\"av_textblock_section \"  itemscope=\"itemscope\" itemtype=\"https:\/\/schema.org\/BlogPosting\" itemprop=\"blogPost\" ><div class='avia_textblock  '   itemprop=\"text\" ><p style=\"text-align: center;\"><strong><span style=\"font-size: 18pt;\">Refuerzan llamado a las mujeres de la regi\u00f3n a postular al Capital Abeja 2024<\/span><\/strong><\/p>\n<div id=\"gtx-trans\" style=\"position: absolute; left: -50px; top: 4.31534px;\">\n<div class=\"gtx-trans-icon\"><\/div>\n<\/div>\n<\/div><\/section><\/div><div class=\"flex_column av_one_full  flex_column_div av-zero-column-padding first  avia-builder-el-4  el_after_av_one_full  el_before_av_hr  column-top-margin\" style='border-radius:0px; '><section class=\"av_textblock_section \"  itemscope=\"itemscope\" itemtype=\"https:\/\/schema.org\/BlogPosting\" itemprop=\"blogPost\" ><div class='avia_textblock  '   itemprop=\"text\" ><p dir=\"ltr\" style=\"text-align: justify;\">Desde la casa y taller de Carla Verdejo Antiman, emprendedora y fundadora de \u00abHormig\u00f3n Ecol\u00f3gico\u00bb, la Directora Regional del Servicio Nacional de la Mujer y la Equidad de G\u00e9nero (SernamEG), la Seremi de la Mujer y Equidad de G\u00e9nero, el Seremi de Econom\u00eda y la Directora Regional del Servicio de Cooperaci\u00f3n T\u00e9cnica (Sercotec), reforzaron el llamado a las mujeres de Ays\u00e9n a postular hasta este 11 de junio a la versi\u00f3n 2024 del Capital Abeja Emprende.<\/p>\n<p dir=\"ltr\" style=\"text-align: justify;\">Este fondo concursable, el cual Carla se adjudic\u00f3 el a\u00f1o 2023, promueve la creaci\u00f3n de nuevos negocios liderados por mujeres, con oportunidad de participar en el mercado a trav\u00e9s de su formalizaci\u00f3n. Otorga un subsidio de $3.500.000 para concretar las actividades detalladas en el plan de trabajo que desarrolla cada beneficiaria.<\/p>\n<p dir=\"ltr\" style=\"text-align: justify;\">\u00abPara el Servicio Nacional de la Mujer y la Equidad de G\u00e9nero de Ays\u00e9n es s\u00faper importante poder hoy en d\u00eda visitar este emprendimiento, que ha sido financiado con fondos de SernamEG en convenio con Sercotec, y que van orientados a favorecer la autonom\u00eda econ\u00f3mica de las mujeres, y de esta misma manera fortalecer sus emprendimientos en el territorio\u00bb, destac\u00f3 la Directora de SernamEG Ays\u00e9n, Patricia Baeza Cabezas.<\/p>\n<p dir=\"ltr\" style=\"text-align: justify;\">\u00abEstamos ac\u00e1 en el emprendimiento de Carla, que se llama &#8216;Hormig\u00f3n Ecol\u00f3gico&#8217;, el cual fue posible gracias a nuestro Capital Abeja, que con orgullo podemos decir que permite potenciar las habilidades, las capacidades y la creatividad de las mujeres de nuestra regi\u00f3n\u00bb, se\u00f1al\u00f3 por su parte la Seremi de la Mujer y la Equidad de G\u00e9nero, Andrea M\u00e9ndez Valenzuela.<\/p>\n<p dir=\"ltr\" style=\"text-align: justify;\">Los requisitos para postular son: ser mayor de edad (igual o mayor a 18 a\u00f1os); tener sexo registral femenino; no tener inicio de actividades en primera categor\u00eda ante el Servicio de Impuestos Internos; y contar con un proyecto de negocio que cumpla con el foco definido por la convocatoria de Sercotec en la regi\u00f3n, se\u00f1alado en las bases de postulaci\u00f3n.<\/p>\n<p dir=\"ltr\" style=\"text-align: justify;\">\u00abInvitamos a todas las mujeres de la Regi\u00f3n de Ays\u00e9n a postular al Capital Abeja. Conocimos la experiencia de Carla Verdejo, una emprendedora de Coyhaique que incorpora la econom\u00eda circular, a trav\u00e9s de las botellas y la construcci\u00f3n, un rubro que es particularmente masculinizado, pero ella se ha ido incorporando d\u00eda a d\u00eda, y logra un producto muy bueno para la comunidad\u00bb, puntualiz\u00f3 el Seremi de Econom\u00eda, Felipe Rojas Pizarro.<\/p>\n<p dir=\"ltr\" style=\"text-align: justify;\">Para postular, las interesadas deben hacerlo hasta el d\u00eda 11 de junio en la p\u00e1gina web de Sercotec, donde deben registrarse como usuarias, descargar y leer las bases y anexos de la convocatoria, y finalmente completar el formulario de postulaci\u00f3n.<\/p>\n<p dir=\"ltr\" style=\"text-align: justify;\">Carla Verdejo Antiman, emprendedora beneficiada por el Capital Abeja 2023, finaliz\u00f3 la instancia invitando ella tambi\u00e9n a las mujeres de Ays\u00e9n a participar de la convocatoria de este a\u00f1o, asegurando que este fondo \u00abayuda mucho, porque hay personas que solamente est\u00e1n con la idea y quieren crear su proyecto, quieren tener un trabajo, quieren surgir, y de repente no tienen los fondos necesarios para poder hacerlo, necesitan una ayuda. Encuentro que a m\u00ed me facilit\u00f3 bastante lo que quer\u00eda hacer con mi proyecto\u00bb.<\/p>\n<\/div><\/section><\/div><div  style='height:50px' class='hr hr-invisible   avia-builder-el-6  el_after_av_one_full  el_before_av_social_share '><span class='hr-inner ' ><span class='hr-inner-style'><\/span><\/span><\/div><\/p>\n<div  class='av-social-sharing-box  avia-builder-el-7  el_after_av_hr  el_before_av_hr  '><div class='av-share-box'><h5 class='av-share-link-description av-no-toc '>Compartir esta noticia<\/h5><ul class='av-share-box-list noLightbox'><li class='av-share-link av-social-link-facebook' ><a target=\"_blank\" aria-label=\"Compartir en Facebook\" href='https:\/\/www.facebook.com\/sharer.php?u=https:\/\/radiorevelacionfm.cl\/?p=42992&#038;t=Refuerzan%20llamado%20a%20las%20mujeres%20de%20la%20regi%C3%B3n%20a%20postular%20al%20Capital%20Abeja%202024' aria-hidden='false' data-av_icon='\ue8f3' data-av_iconfont='entypo-fontello' title='' data-avia-related-tooltip='Compartir en Facebook' rel=\"noopener\"><span class='avia_hidden_link_text'>Compartir en Facebook<\/span><\/a><\/li><li class='av-share-link av-social-link-twitter' ><a target=\"_blank\" aria-label=\"Compartir en Twitter\" href='https:\/\/twitter.com\/share?text=Refuerzan%20llamado%20a%20las%20mujeres%20de%20la%20regi%C3%B3n%20a%20postular%20al%20Capital%20Abeja%202024&#038;url=https:\/\/radiorevelacionfm.cl\/?p=42992' aria-hidden='false' data-av_icon='\ue8f1' data-av_iconfont='entypo-fontello' title='' data-avia-related-tooltip='Compartir en Twitter' rel=\"noopener\"><span class='avia_hidden_link_text'>Compartir en Twitter<\/span><\/a><\/li><li class='av-share-link av-social-link-whatsapp' ><a target=\"_blank\" aria-label=\"Compartir en Whatsapp\" href='https:\/\/api.whatsapp.com\/send?text=https:\/\/radiorevelacionfm.cl\/?p=42992' aria-hidden='false' data-av_icon='\uf232' data-av_iconfont='entypo-fontello' title='' data-avia-related-tooltip='Compartir en Whatsapp' rel=\"noopener\"><span class='avia_hidden_link_text'>Compartir en Whatsapp<\/span><\/a><\/li><li class='av-share-link av-social-link-linkedin' ><a target=\"_blank\" aria-label=\"Compartir en LinkedIn\" href='https:\/\/linkedin.com\/shareArticle?mini=true&#038;title=Refuerzan%20llamado%20a%20las%20mujeres%20de%20la%20regi%C3%B3n%20a%20postular%20al%20Capital%20Abeja%202024&#038;url=https:\/\/radiorevelacionfm.cl\/?p=42992' aria-hidden='false' data-av_icon='\ue8fc' data-av_iconfont='entypo-fontello' title='' data-avia-related-tooltip='Compartir en LinkedIn' rel=\"noopener\"><span class='avia_hidden_link_text'>Compartir en LinkedIn<\/span><\/a><\/li><li class='av-share-link av-social-link-mail' ><a  aria-label=\"Compartir por correo\" href='mailto:?subject=Refuerzan%20llamado%20a%20las%20mujeres%20de%20la%20regi%C3%B3n%20a%20postular%20al%20Capital%20Abeja%202024&#038;body=https:\/\/radiorevelacionfm.cl\/?p=42992' aria-hidden='false' data-av_icon='\ue805' data-av_iconfont='entypo-fontello' title='' data-avia-related-tooltip='Compartir por correo'><span class='avia_hidden_link_text'>Compartir por correo<\/span><\/a><\/li><\/ul><\/div><\/div>\n<div  style='height:50px' class='hr hr-invisible   avia-builder-el-8  el_after_av_social_share  el_before_av_comments_list '><span class='hr-inner ' ><span class='hr-inner-style'><\/span><\/span><\/div>\n<div  class='av-buildercomment  av-blog-meta-html-info-disabled av-blog-meta-tag-disabled  '><\/div>\n","protected":false},"excerpt":{"rendered":"","protected":false},"author":1,"featured_media":42993,"comment_status":"open","ping_status":"open","sticky":false,"template":"","format":"standard","meta":{"footnotes":""},"categories":[38],"tags":[],"class_list":["post-42992","post","type-post","status-publish","format-standard","has-post-thumbnail","hentry","category-regional"],"jetpack_featured_media_url":"https:\/\/radiorevelacionfm.cl\/wp-content\/uploads\/2024\/06\/abeja-1-1_optimized.jpeg","_links":{"self":[{"href":"https:\/\/radiorevelacionfm.cl\/index.php?rest_route=\/wp\/v2\/posts\/42992","targetHints":{"allow":["GET"]}}],"collection":[{"href":"https:\/\/radiorevelacionfm.cl\/index.php?rest_route=\/wp\/v2\/posts"}],"about":[{"href":"https:\/\/radiorevelacionfm.cl\/index.php?rest_route=\/wp\/v2\/types\/post"}],"author":[{"embeddable":true,"href":"https:\/\/radiorevelacionfm.cl\/index.php?rest_route=\/wp\/v2\/users\/1"}],"replies":[{"embeddable":true,"href":"https:\/\/radiorevelacionfm.cl\/index.php?rest_route=%2Fwp%2Fv2%2Fcomments&post=42992"}],"version-history":[{"count":1,"href":"https:\/\/radiorevelacionfm.cl\/index.php?rest_route=\/wp\/v2\/posts\/42992\/revisions"}],"predecessor-version":[{"id":42994,"href":"https:\/\/radiorevelacionfm.cl\/index.php?rest_route=\/wp\/v2\/posts\/42992\/revisions\/42994"}],"wp:featuredmedia":[{"embeddable":true,"href":"https:\/\/radiorevelacionfm.cl\/index.php?rest_route=\/wp\/v2\/media\/42993"}],"wp:attachment":[{"href":"https:\/\/radiorevelacionfm.cl\/index.php?rest_route=%2Fwp%2Fv2%2Fmedia&parent=42992"}],"wp:term":[{"taxonomy":"category","embeddable":true,"href":"https:\/\/radiorevelacionfm.cl\/index.php?rest_route=%2Fwp%2Fv2%2Fcategories&post=42992"},{"taxonomy":"post_tag","embeddable":true,"href":"https:\/\/radiorevelacionfm.cl\/index.php?rest_route=%2Fwp%2Fv2%2Ftags&post=42992"}],"curies":[{"name":"wp","href":"https:\/\/api.w.org\/{rel}","templated":true}]}}