{"id":4299,"date":"2021-05-19T16:05:22","date_gmt":"2021-05-19T19:05:22","guid":{"rendered":"https:\/\/radiorevelacionfm.cl\/?p=4299"},"modified":"2021-05-19T16:10:36","modified_gmt":"2021-05-19T19:10:36","slug":"tenistas-paralimpicos-clasifican-a-chile-al-mundial-de-italia-tras-10-anos-de-espera","status":"publish","type":"post","link":"https:\/\/radiorevelacionfm.cl\/?p=4299","title":{"rendered":"Tenistas paral\u00edmpicos clasifican a Chile al mundial de Italia tras 10 a\u00f1os de espera"},"content":{"rendered":"<div class=\"flex_column av_one_full  flex_column_div av-zero-column-padding first  avia-builder-el-0  el_before_av_one_full  avia-builder-el-first  \" style='border-radius:0px; '><div  class='avia-image-container  av-styling-    avia-builder-el-1  avia-builder-el-no-sibling  avia-align-center '  itemprop=\"image\" itemscope=\"itemscope\" itemtype=\"https:\/\/schema.org\/ImageObject\"  ><div class='avia-image-container-inner'><div class='avia-image-overlay-wrap'><img decoding=\"async\" class='wp-image-0 avia-img-lazy-loading-not-0 avia_image' src=\"https:\/\/radiorevelacionfm.cl\/wp-content\/uploads\/2021\/05\/WhatsApp-Image-2021-05-19-at-11.41.59-1-1.jpeg\" alt='' title=''   itemprop=\"thumbnailUrl\"  \/><\/div><\/div><\/div><\/div><div class=\"flex_column av_one_full  flex_column_div av-zero-column-padding first  avia-builder-el-2  el_after_av_one_full  el_before_av_one_full  column-top-margin\" style='border-radius:0px; '><section class=\"av_textblock_section \"  itemscope=\"itemscope\" itemtype=\"https:\/\/schema.org\/BlogPosting\" itemprop=\"blogPost\" ><div class='avia_textblock  '   itemprop=\"text\" ><p style=\"text-align: center;\"><span style=\"font-size: 18pt;\"><strong><span lang=\"ES-MX\">Tenistas paral\u00edmpicos clasifican a Chile al mundial de Italia tras 10 a\u00f1os de espera<\/span><\/strong><\/span><\/p>\n<div id=\"gtx-trans\" style=\"position: absolute; left: -50px; top: 4.31534px;\">\n<div class=\"gtx-trans-icon\"><\/div>\n<\/div>\n<\/div><\/section><\/div><div class=\"flex_column av_one_full  flex_column_div av-zero-column-padding first  avia-builder-el-4  el_after_av_one_full  el_before_av_hr  column-top-margin\" style='border-radius:0px; '><section class=\"av_textblock_section \"  itemscope=\"itemscope\" itemtype=\"https:\/\/schema.org\/BlogPosting\" itemprop=\"blogPost\" ><div class='avia_textblock  '   itemprop=\"text\" ><p style=\"font-weight: 400; text-align: justify;\">Brayan Tapia y Alexander Cataldo, ambos tenistas paral\u00edmpicos de 23 a\u00f1os, lograron vencer por 2-0 a Austria en el torneo clasificatorio que se disput\u00f3 en Vilamoura, Portugal.<\/p>\n<p style=\"font-weight: 400; text-align: justify;\">Muy emocionados se encuentran los tenistas paral\u00edmpicos Brayan Tapia y Alexander Cataldo luego de que vencieran a Austria por 2-0 en el torneo clasificatorio de Portugal. Con esto el Team Chile vuelve a estar presente en un mundial masculino luego de 10 a\u00f1os. A realizarse en Italia entre el 27 de septiembre y el 3 de octubre.<\/p>\n<p style=\"font-weight: 400; text-align: justify;\">Si bien ya hab\u00edan asegurado las clasificatorias de Chile en la semifinal con Australia, el equipo logr\u00f3 adem\u00e1s coronarse como campeones del torneo.<\/p>\n<p style=\"font-weight: 400; text-align: justify;\">\u00bfC\u00f3mo se logr\u00f3 esto? Brayan y Alexander son amigos desde que eran ni\u00f1os. Ambos son de Antofagasta y asist\u00edan a rehabilitaci\u00f3n en Telet\u00f3n. Fue all\u00ed donde tuvieron sus primeros encuentros con el tenis, sin pensar que a\u00f1os m\u00e1s tarde se convertir\u00edan en deportistas de alto rendimiento que representar\u00edan a Chile en distintos mundiales.<\/p>\n<p style=\"font-weight: 400; text-align: justify;\">Para Brayan este logro significa\u00a0\u201cque se van a abrir puertas nuevas, vamos a poder optar a mejores cosas. Poder lograr algo para el pa\u00eds, por fin vamos a poder volver a un mundial y eso significa mucho, tanto para m\u00ed como para mis compa\u00f1eros. Es muy emocionante poder jugar por nuestra selecci\u00f3n y una sensaci\u00f3n muy hermosa el poder lograr lo que hace mucho tiempo no se lograba\u201d.<\/p>\n<p style=\"font-weight: 400; text-align: justify;\">\u201cLa preparaci\u00f3n de cada uno fue muy distinta debido a la pandemia. Yo vivo en Antofagasta, Alexander en Santiago y Jaime (Sep\u00falveda) en Talca, entonces cada uno tuvo una preparaci\u00f3n s\u00faper distinta. Si bien no dejamos de entrenar f\u00edsicamente, ten\u00edsticamente s\u00ed hab\u00edamos parado, al menos yo. En Antofagasta tuvimos que parar, no pod\u00edamos volver a las canchas. Tuve un par de semanas de una pre-temporada antes de este gran torneo, luego me fui a Santiago y estuve casi dos meses entrenando. Nos mantuvimos bien, mejor\u00f3 mucho nuestro nivel entrenando duro todos los d\u00edas en Santiago para poder representar bien a Chile\u201d, agrega Tapia.<\/p>\n<p style=\"font-weight: 400; text-align: justify;\">Esto es compartido tambi\u00e9n por Alexander, quien actualmente ocupa el 1\u00b0 de Chile y el 25\u00b0 del ranking mundial. \u201cEste logro para mi es una haza\u00f1a, porque competimos con pa\u00edses que no nos correspond\u00eda como Asia, \u00c1frica, Europa, Ocean\u00eda. Nos correspond\u00eda Am\u00e9rica, pero como el equipo se mantuvo fuerte sali\u00f3 todo bien. Desde el primer minuto que nos metimos en esto y nos dijeron que nos iban a mezclar con todos, el equipo tuvo una actitud incre\u00edble. La bancamos de una manera incre\u00edble y de verdad estoy content\u00edsimo por eso, estoy muy orgulloso tambi\u00e9n del equipo. Es orgullo, satisfacci\u00f3n, eso yo creo es lo que sentimos todos\u201d.<\/p>\n<p style=\"font-weight: 400; text-align: justify;\">\u201cAntes de venir nos preparamos muy bien, entrenamos doble jornada. Yo entrenaba dos horas en la ma\u00f1ana y en la tarde, hac\u00edamos una hora y media de f\u00edsico y sicol\u00f3gicamente tambi\u00e9n ven\u00edamos muy bien preparados. Ven\u00edamos con mucha hambre, con muchas ganas de querer ganar, nuestro objetivo era clasificar y con el correr de las rondas se fueron dando las cosas. La preparaci\u00f3n que tuvimos fue ardua, muy fuerte y nos sirvi\u00f3, porque lo sacamos muy bien adelante\u201d, indica Cataldo.<\/p>\n<p style=\"font-weight: 400; text-align: justify;\"><strong>ORGULLO PARA TELET\u00d3N<\/strong><\/p>\n<p style=\"font-weight: 400; text-align: justify;\">En Telet\u00f3n Antofagasta bien saben y siguen de cerca la carrera de los deportistas.<\/p>\n<p style=\"font-weight: 400; text-align: justify;\">\u201cEl deporte impacta de manera positiva en la rehabilitaci\u00f3n tanto a nivel de desarrollo de habilidades y capacidades f\u00edsicas, como a nivel psicol\u00f3gico. Hay pacientes que llegan a Telet\u00f3n por accidentes y se encuentran en un duelo por aceptar la situaci\u00f3n en la que est\u00e1n, y hacer deporte les ayuda a creer en sus capacidades y les permite hacer otras cosas\u201d, as\u00ed lo explica el encargado de la Unidad de Ejercicios y Deportes Adaptados (UEDA) de Telet\u00f3n Antofagasta, Sebasti\u00e1n Arancibia.<\/p>\n<p style=\"font-weight: 400; text-align: justify;\">Quien adem\u00e1s agrega que\u00a0\u201clos talleres que realizamos en Telet\u00f3n, como parte de la rehabilitaci\u00f3n, tienen como base que todos puedan hacer deportes, sin importar su compromiso motor. Con el triunfo de Brayan y Alexander estamos muy contentos; para nosotros es un ejemplo de lo que se puede lograr cuando las cosas se hacen bien. Telet\u00f3n Antofagasta ha sido pionero en muchos deportes adaptados y estamos trabajando en un modelo de desarrollo que sea sostenible en el tiempo y trabajando colaborativamente para que los pacientes que participan en los talleres puedan hacer deportes, as\u00ed como tambi\u00e9n una carrera\u201d.<\/p>\n<\/div><\/section><\/div><div  style='height:50px' class='hr hr-invisible   avia-builder-el-6  el_after_av_one_full  el_before_av_social_share '><span class='hr-inner ' ><span class='hr-inner-style'><\/span><\/span><\/div><\/p>\n<div  class='av-social-sharing-box  avia-builder-el-7  el_after_av_hr  el_before_av_hr  '><div class='av-share-box'><h5 class='av-share-link-description av-no-toc '>Compartir esta noticia<\/h5><ul class='av-share-box-list noLightbox'><li class='av-share-link av-social-link-facebook' ><a target=\"_blank\" aria-label=\"Compartir en Facebook\" href='https:\/\/www.facebook.com\/sharer.php?u=https:\/\/radiorevelacionfm.cl\/?p=4299&#038;t=Tenistas%20paral%C3%ADmpicos%20clasifican%20a%20Chile%20al%20mundial%20de%20Italia%20tras%2010%20a%C3%B1os%20de%20espera' aria-hidden='false' data-av_icon='\ue8f3' data-av_iconfont='entypo-fontello' title='' data-avia-related-tooltip='Compartir en Facebook' rel=\"noopener\"><span class='avia_hidden_link_text'>Compartir en Facebook<\/span><\/a><\/li><li class='av-share-link av-social-link-twitter' ><a target=\"_blank\" aria-label=\"Compartir en Twitter\" href='https:\/\/twitter.com\/share?text=Tenistas%20paral%C3%ADmpicos%20clasifican%20a%20Chile%20al%20mundial%20de%20Italia%20tras%2010%20a%C3%B1os%20de%20espera&#038;url=https:\/\/radiorevelacionfm.cl\/?p=4299' aria-hidden='false' data-av_icon='\ue8f1' data-av_iconfont='entypo-fontello' title='' data-avia-related-tooltip='Compartir en Twitter' rel=\"noopener\"><span class='avia_hidden_link_text'>Compartir en Twitter<\/span><\/a><\/li><li class='av-share-link av-social-link-whatsapp' ><a target=\"_blank\" aria-label=\"Compartir en Whatsapp\" href='https:\/\/api.whatsapp.com\/send?text=https:\/\/radiorevelacionfm.cl\/?p=4299' aria-hidden='false' data-av_icon='\uf232' data-av_iconfont='entypo-fontello' title='' data-avia-related-tooltip='Compartir en Whatsapp' rel=\"noopener\"><span class='avia_hidden_link_text'>Compartir en Whatsapp<\/span><\/a><\/li><li class='av-share-link av-social-link-linkedin' ><a target=\"_blank\" aria-label=\"Compartir en LinkedIn\" href='https:\/\/linkedin.com\/shareArticle?mini=true&#038;title=Tenistas%20paral%C3%ADmpicos%20clasifican%20a%20Chile%20al%20mundial%20de%20Italia%20tras%2010%20a%C3%B1os%20de%20espera&#038;url=https:\/\/radiorevelacionfm.cl\/?p=4299' aria-hidden='false' data-av_icon='\ue8fc' data-av_iconfont='entypo-fontello' title='' data-avia-related-tooltip='Compartir en LinkedIn' rel=\"noopener\"><span class='avia_hidden_link_text'>Compartir en LinkedIn<\/span><\/a><\/li><li class='av-share-link av-social-link-mail' ><a  aria-label=\"Compartir por correo\" href='mailto:?subject=Tenistas%20paral%C3%ADmpicos%20clasifican%20a%20Chile%20al%20mundial%20de%20Italia%20tras%2010%20a%C3%B1os%20de%20espera&#038;body=https:\/\/radiorevelacionfm.cl\/?p=4299' aria-hidden='false' data-av_icon='\ue805' data-av_iconfont='entypo-fontello' title='' data-avia-related-tooltip='Compartir por correo'><span class='avia_hidden_link_text'>Compartir por correo<\/span><\/a><\/li><\/ul><\/div><\/div>\n<div  style='height:50px' class='hr hr-invisible   avia-builder-el-8  el_after_av_social_share  el_before_av_comments_list '><span class='hr-inner ' ><span class='hr-inner-style'><\/span><\/span><\/div>\n<div  class='av-buildercomment  av-blog-meta-html-info-disabled av-blog-meta-tag-disabled  '><\/div>\n","protected":false},"excerpt":{"rendered":"","protected":false},"author":1,"featured_media":0,"comment_status":"open","ping_status":"open","sticky":false,"template":"","format":"standard","meta":{"footnotes":""},"categories":[40],"tags":[],"class_list":["post-4299","post","type-post","status-publish","format-standard","hentry","category-deportes"],"jetpack_featured_media_url":"","_links":{"self":[{"href":"https:\/\/radiorevelacionfm.cl\/index.php?rest_route=\/wp\/v2\/posts\/4299","targetHints":{"allow":["GET"]}}],"collection":[{"href":"https:\/\/radiorevelacionfm.cl\/index.php?rest_route=\/wp\/v2\/posts"}],"about":[{"href":"https:\/\/radiorevelacionfm.cl\/index.php?rest_route=\/wp\/v2\/types\/post"}],"author":[{"embeddable":true,"href":"https:\/\/radiorevelacionfm.cl\/index.php?rest_route=\/wp\/v2\/users\/1"}],"replies":[{"embeddable":true,"href":"https:\/\/radiorevelacionfm.cl\/index.php?rest_route=%2Fwp%2Fv2%2Fcomments&post=4299"}],"version-history":[{"count":1,"href":"https:\/\/radiorevelacionfm.cl\/index.php?rest_route=\/wp\/v2\/posts\/4299\/revisions"}],"predecessor-version":[{"id":4301,"href":"https:\/\/radiorevelacionfm.cl\/index.php?rest_route=\/wp\/v2\/posts\/4299\/revisions\/4301"}],"wp:attachment":[{"href":"https:\/\/radiorevelacionfm.cl\/index.php?rest_route=%2Fwp%2Fv2%2Fmedia&parent=4299"}],"wp:term":[{"taxonomy":"category","embeddable":true,"href":"https:\/\/radiorevelacionfm.cl\/index.php?rest_route=%2Fwp%2Fv2%2Fcategories&post=4299"},{"taxonomy":"post_tag","embeddable":true,"href":"https:\/\/radiorevelacionfm.cl\/index.php?rest_route=%2Fwp%2Fv2%2Ftags&post=4299"}],"curies":[{"name":"wp","href":"https:\/\/api.w.org\/{rel}","templated":true}]}}