{"id":42989,"date":"2024-06-07T19:55:04","date_gmt":"2024-06-07T22:55:04","guid":{"rendered":"https:\/\/radiorevelacionfm.cl\/?p=42989"},"modified":"2024-06-07T19:55:04","modified_gmt":"2024-06-07T22:55:04","slug":"solidaridad-regional-agrupaysen-se-suma-a-la-crubc-de-los-lagos-en-momento-crucial","status":"publish","type":"post","link":"https:\/\/radiorevelacionfm.cl\/?p=42989","title":{"rendered":"Solidaridad Regional: AGRUPAYSEN se suma a la CRUBC de Los Lagos en momento crucial"},"content":{"rendered":"<div class=\"flex_column av_one_full  flex_column_div av-zero-column-padding first  avia-builder-el-0  el_before_av_one_full  avia-builder-el-first  \" style='border-radius:0px; '><div  class='avia-image-container  av-styling-    avia-builder-el-1  avia-builder-el-no-sibling  avia-align-center '  itemprop=\"image\" itemscope=\"itemscope\" itemtype=\"https:\/\/schema.org\/ImageObject\"  ><div class='avia-image-container-inner'><div class='avia-image-overlay-wrap'><img decoding=\"async\" class='wp-image-42990 avia-img-lazy-loading-not-42990 avia_image' src=\"https:\/\/radiorevelacionfm.cl\/wp-content\/uploads\/2024\/06\/agrupaysen-1_optimized.jpeg\" alt='' title='agrupaysen-(1)_optimized' height=\"600\" width=\"800\"  itemprop=\"thumbnailUrl\" srcset=\"https:\/\/radiorevelacionfm.cl\/wp-content\/uploads\/2024\/06\/agrupaysen-1_optimized.jpeg 800w, https:\/\/radiorevelacionfm.cl\/wp-content\/uploads\/2024\/06\/agrupaysen-1_optimized-300x225.jpeg 300w, https:\/\/radiorevelacionfm.cl\/wp-content\/uploads\/2024\/06\/agrupaysen-1_optimized-768x576.jpeg 768w, https:\/\/radiorevelacionfm.cl\/wp-content\/uploads\/2024\/06\/agrupaysen-1_optimized-705x529.jpeg 705w, https:\/\/radiorevelacionfm.cl\/wp-content\/uploads\/2024\/06\/agrupaysen-1_optimized-450x338.jpeg 450w, https:\/\/radiorevelacionfm.cl\/wp-content\/uploads\/2024\/06\/agrupaysen-1_optimized-600x450.jpeg 600w\" sizes=\"(max-width: 800px) 100vw, 800px\" \/><\/div><\/div><\/div><\/div><div class=\"flex_column av_one_full  flex_column_div av-zero-column-padding first  avia-builder-el-2  el_after_av_one_full  el_before_av_one_full  column-top-margin\" style='border-radius:0px; '><section class=\"av_textblock_section \"  itemscope=\"itemscope\" itemtype=\"https:\/\/schema.org\/BlogPosting\" itemprop=\"blogPost\" ><div class='avia_textblock  '   itemprop=\"text\" ><p style=\"text-align: center;\"><strong><span style=\"font-size: 18pt;\">Solidaridad Regional: AGRUPAYSEN se suma a la CRUBC de Los Lagos en momento crucial<\/span><\/strong><\/p>\n<div id=\"gtx-trans\" style=\"position: absolute; left: -50px; top: 4.31534px;\">\n<div class=\"gtx-trans-icon\"><\/div>\n<\/div>\n<\/div><\/section><\/div><div class=\"flex_column av_one_full  flex_column_div av-zero-column-padding first  avia-builder-el-4  el_after_av_one_full  el_before_av_hr  column-top-margin\" style='border-radius:0px; '><section class=\"av_textblock_section \"  itemscope=\"itemscope\" itemtype=\"https:\/\/schema.org\/BlogPosting\" itemprop=\"blogPost\" ><div class='avia_textblock  '   itemprop=\"text\" ><p style=\"text-align: justify;\">Representantes de AGRUPAYSEN y ACUIPROV de la regi\u00f3n de Ays\u00e9n se han unido a l\u00edderes de diversas industrias marinas y comunitarias desde el Biob\u00edo hasta Ays\u00e9n para participar en la crucial sesi\u00f3n de la Comisi\u00f3n Regional de Uso del Borde Costero (CRUBC) que se celebra hoy en la Regi\u00f3n de los Lagos. Esta colaboraci\u00f3n busca apoyar el rechazo de propuestas de Espacios Costeros Marinos para Pueblos Originarios (ECMPO) consideradas perjudiciales para el tejido econ\u00f3mico y social de la zona.<\/p>\n<p style=\"text-align: justify;\">Bas\u00e1ndose en los an\u00e1lisis t\u00e9cnicos y procedimentales revisados durante las reuniones de la Secretar\u00eda T\u00e9cnica de la CRUBC, ambas organizaciones resaltan la necesidad de una gesti\u00f3n informada y transparente del borde costero. Los antecedentes presentan numerosas sobreposiciones conflictivas con actividades locales, similares a las experiencias enfrentadas en Ays\u00e9n, donde propuestas similares fueron rechazadas por su impacto desproporcionado en las comunidades locales.<\/p>\n<p style=\"text-align: justify;\">Misael Ruiz, presidente de la AG de prestadores de servicios acu\u00edcolas de la regi\u00f3n de Ays\u00e9n, AGRUPAYSEN, coment\u00f3: \u201cNosotros estamos ac\u00e1 hoy en apoyo a nuestros coterr\u00e1neos de Puerto Montt y Chilo\u00e9 porque ellos tambi\u00e9n estuvieron presentes cuando nos toc\u00f3 movilizarnos en Ays\u00e9n. Hoy hacemos una vuelta de mano, y queremos que se rechace, igual como ocurri\u00f3 en Ays\u00e9n. Nosotros tuvimos dos votaciones en Ays\u00e9n y ambas fueron rechazadas. Trabajamos con los parlamentarios para que eso ocurriera, porque no puede ser que se est\u00e9 entregando un vasto territorio a un reducido grupo de personas. No estamos en contra de que se reconozcan y entreguen parte del territorio a las comunidades, pero debe ser de manera transparente y con respeto a todos los actores involucrados. Es necesario sentarnos a una mesa a conversar para realizar en conjunto modificaciones a la Ley Lafkenche, porque mientras no mejore la normativa, seguir\u00e1n present\u00e1ndose solicitudes de ECMPO de manera eterna. No queremos que las regiones con borde costero sigan viviendo esta situaci\u00f3n de incertidumbre, ya que Ays\u00e9n depende de la pesca artesanal y la salmonicultura y esto no puede seguir sucediendo.\u201d<\/p>\n<p style=\"text-align: justify;\">La manifestaci\u00f3n en Puerto Montt refleja la fuerte oposici\u00f3n contra una aplicaci\u00f3n de la Ley Lafkenche que muchos consideran inapropiada. Argumentan que las actuales solicitudes de ECMPO son excesivas y podr\u00edan resultar en la exclusi\u00f3n de usuarios tradicionales del borde costero, incluyendo pescadores, mitilicultores y peque\u00f1as empresas tur\u00edsticas.<\/p>\n<p style=\"text-align: justify;\">\u201cEs crucial que la CRUBC tome decisiones equilibradas que respeten tanto los derechos ind\u00edgenas como los intereses de miles de habitantes que dependen hist\u00f3ricamente de estos recursos marinos. No se trata de priorizar un grupo sobre otro; es cuesti\u00f3n de garantizar un futuro sostenible para todos los involucrados\u201d, concluy\u00f3 Ruiz.<\/p>\n<p style=\"text-align: justify;\">Con la votaci\u00f3n de hoy, la CRUBC enfrenta un momento decisivo que podr\u00eda establecer un precedente importante para la gesti\u00f3n de los recursos costeros en Chile. La decisi\u00f3n de rechazar las solicitudes ECMPO basada en criterios t\u00e9cnicos y el amplio consenso comunitario refleja un esfuerzo coordinado para preservar la integridad de las comunidades y la biodiversidad de las regiones costeras, asegurando que el manejo del borde costero contin\u00fae siendo justo y sostenible para todas las partes interesadas.<\/p>\n<\/div><\/section><\/div><div  style='height:50px' class='hr hr-invisible   avia-builder-el-6  el_after_av_one_full  el_before_av_social_share '><span class='hr-inner ' ><span class='hr-inner-style'><\/span><\/span><\/div><\/p>\n<div  class='av-social-sharing-box  avia-builder-el-7  el_after_av_hr  el_before_av_hr  '><div class='av-share-box'><h5 class='av-share-link-description av-no-toc '>Compartir esta noticia<\/h5><ul class='av-share-box-list noLightbox'><li class='av-share-link av-social-link-facebook' ><a target=\"_blank\" aria-label=\"Compartir en Facebook\" href='https:\/\/www.facebook.com\/sharer.php?u=https:\/\/radiorevelacionfm.cl\/?p=42989&#038;t=Solidaridad%20Regional%3A%20AGRUPAYSEN%20se%20suma%20a%20la%20CRUBC%20de%20Los%20Lagos%20en%20momento%20crucial' aria-hidden='false' data-av_icon='\ue8f3' data-av_iconfont='entypo-fontello' title='' data-avia-related-tooltip='Compartir en Facebook' rel=\"noopener\"><span class='avia_hidden_link_text'>Compartir en Facebook<\/span><\/a><\/li><li class='av-share-link av-social-link-twitter' ><a target=\"_blank\" aria-label=\"Compartir en Twitter\" href='https:\/\/twitter.com\/share?text=Solidaridad%20Regional%3A%20AGRUPAYSEN%20se%20suma%20a%20la%20CRUBC%20de%20Los%20Lagos%20en%20momento%20crucial&#038;url=https:\/\/radiorevelacionfm.cl\/?p=42989' aria-hidden='false' data-av_icon='\ue8f1' data-av_iconfont='entypo-fontello' title='' data-avia-related-tooltip='Compartir en Twitter' rel=\"noopener\"><span class='avia_hidden_link_text'>Compartir en Twitter<\/span><\/a><\/li><li class='av-share-link av-social-link-whatsapp' ><a target=\"_blank\" aria-label=\"Compartir en Whatsapp\" href='https:\/\/api.whatsapp.com\/send?text=https:\/\/radiorevelacionfm.cl\/?p=42989' aria-hidden='false' data-av_icon='\uf232' data-av_iconfont='entypo-fontello' title='' data-avia-related-tooltip='Compartir en Whatsapp' rel=\"noopener\"><span class='avia_hidden_link_text'>Compartir en Whatsapp<\/span><\/a><\/li><li class='av-share-link av-social-link-linkedin' ><a target=\"_blank\" aria-label=\"Compartir en LinkedIn\" href='https:\/\/linkedin.com\/shareArticle?mini=true&#038;title=Solidaridad%20Regional%3A%20AGRUPAYSEN%20se%20suma%20a%20la%20CRUBC%20de%20Los%20Lagos%20en%20momento%20crucial&#038;url=https:\/\/radiorevelacionfm.cl\/?p=42989' aria-hidden='false' data-av_icon='\ue8fc' data-av_iconfont='entypo-fontello' title='' data-avia-related-tooltip='Compartir en LinkedIn' rel=\"noopener\"><span class='avia_hidden_link_text'>Compartir en LinkedIn<\/span><\/a><\/li><li class='av-share-link av-social-link-mail' ><a  aria-label=\"Compartir por correo\" href='mailto:?subject=Solidaridad%20Regional%3A%20AGRUPAYSEN%20se%20suma%20a%20la%20CRUBC%20de%20Los%20Lagos%20en%20momento%20crucial&#038;body=https:\/\/radiorevelacionfm.cl\/?p=42989' aria-hidden='false' data-av_icon='\ue805' data-av_iconfont='entypo-fontello' title='' data-avia-related-tooltip='Compartir por correo'><span class='avia_hidden_link_text'>Compartir por correo<\/span><\/a><\/li><\/ul><\/div><\/div>\n<div  style='height:50px' class='hr hr-invisible   avia-builder-el-8  el_after_av_social_share  el_before_av_comments_list '><span class='hr-inner ' ><span class='hr-inner-style'><\/span><\/span><\/div>\n<div  class='av-buildercomment  av-blog-meta-html-info-disabled av-blog-meta-tag-disabled  '><\/div>\n","protected":false},"excerpt":{"rendered":"","protected":false},"author":1,"featured_media":42990,"comment_status":"open","ping_status":"open","sticky":false,"template":"","format":"standard","meta":{"footnotes":""},"categories":[38],"tags":[],"class_list":["post-42989","post","type-post","status-publish","format-standard","has-post-thumbnail","hentry","category-regional"],"jetpack_featured_media_url":"https:\/\/radiorevelacionfm.cl\/wp-content\/uploads\/2024\/06\/agrupaysen-1_optimized.jpeg","_links":{"self":[{"href":"https:\/\/radiorevelacionfm.cl\/index.php?rest_route=\/wp\/v2\/posts\/42989","targetHints":{"allow":["GET"]}}],"collection":[{"href":"https:\/\/radiorevelacionfm.cl\/index.php?rest_route=\/wp\/v2\/posts"}],"about":[{"href":"https:\/\/radiorevelacionfm.cl\/index.php?rest_route=\/wp\/v2\/types\/post"}],"author":[{"embeddable":true,"href":"https:\/\/radiorevelacionfm.cl\/index.php?rest_route=\/wp\/v2\/users\/1"}],"replies":[{"embeddable":true,"href":"https:\/\/radiorevelacionfm.cl\/index.php?rest_route=%2Fwp%2Fv2%2Fcomments&post=42989"}],"version-history":[{"count":1,"href":"https:\/\/radiorevelacionfm.cl\/index.php?rest_route=\/wp\/v2\/posts\/42989\/revisions"}],"predecessor-version":[{"id":42991,"href":"https:\/\/radiorevelacionfm.cl\/index.php?rest_route=\/wp\/v2\/posts\/42989\/revisions\/42991"}],"wp:featuredmedia":[{"embeddable":true,"href":"https:\/\/radiorevelacionfm.cl\/index.php?rest_route=\/wp\/v2\/media\/42990"}],"wp:attachment":[{"href":"https:\/\/radiorevelacionfm.cl\/index.php?rest_route=%2Fwp%2Fv2%2Fmedia&parent=42989"}],"wp:term":[{"taxonomy":"category","embeddable":true,"href":"https:\/\/radiorevelacionfm.cl\/index.php?rest_route=%2Fwp%2Fv2%2Fcategories&post=42989"},{"taxonomy":"post_tag","embeddable":true,"href":"https:\/\/radiorevelacionfm.cl\/index.php?rest_route=%2Fwp%2Fv2%2Ftags&post=42989"}],"curies":[{"name":"wp","href":"https:\/\/api.w.org\/{rel}","templated":true}]}}