{"id":42987,"date":"2024-06-08T20:13:00","date_gmt":"2024-06-08T23:13:00","guid":{"rendered":"https:\/\/radiorevelacionfm.cl\/?p=42987"},"modified":"2024-06-08T20:13:00","modified_gmt":"2024-06-08T23:13:00","slug":"calisto-valora-rechazo-de-ecmpo-no-podemos-obstaculizar-el-desarrollo-economico-por-estas-solicitudes","status":"publish","type":"post","link":"https:\/\/radiorevelacionfm.cl\/?p=42987","title":{"rendered":"Calisto valora rechazo de ECMPO: \u201cNo podemos obstaculizar el desarrollo econ\u00f3mico por estas solicitudes\u201d"},"content":{"rendered":"<div class=\"flex_column av_one_full  flex_column_div av-zero-column-padding first  avia-builder-el-0  el_before_av_one_full  avia-builder-el-first  \" style='border-radius:0px; '><div  class='avia-image-container  av-styling-    avia-builder-el-1  avia-builder-el-no-sibling  avia-align-center '  itemprop=\"image\" itemscope=\"itemscope\" itemtype=\"https:\/\/schema.org\/ImageObject\"  ><div class='avia-image-container-inner'><div class='avia-image-overlay-wrap'><img decoding=\"async\" class='wp-image-42246 avia-img-lazy-loading-not-42246 avia_image' src=\"https:\/\/radiorevelacionfm.cl\/wp-content\/uploads\/2024\/05\/CALISTO-CONGRESO-COMISION-1-1.jpeg\" alt='' title='CALISTO CONGRESO COMISI\u00d3N (1) (1)' height=\"600\" width=\"900\"  itemprop=\"thumbnailUrl\" srcset=\"https:\/\/radiorevelacionfm.cl\/wp-content\/uploads\/2024\/05\/CALISTO-CONGRESO-COMISION-1-1.jpeg 900w, https:\/\/radiorevelacionfm.cl\/wp-content\/uploads\/2024\/05\/CALISTO-CONGRESO-COMISION-1-1-300x200.jpeg 300w, https:\/\/radiorevelacionfm.cl\/wp-content\/uploads\/2024\/05\/CALISTO-CONGRESO-COMISION-1-1-768x512.jpeg 768w, https:\/\/radiorevelacionfm.cl\/wp-content\/uploads\/2024\/05\/CALISTO-CONGRESO-COMISION-1-1-705x470.jpeg 705w, https:\/\/radiorevelacionfm.cl\/wp-content\/uploads\/2024\/05\/CALISTO-CONGRESO-COMISION-1-1-450x300.jpeg 450w, https:\/\/radiorevelacionfm.cl\/wp-content\/uploads\/2024\/05\/CALISTO-CONGRESO-COMISION-1-1-600x400.jpeg 600w\" sizes=\"(max-width: 900px) 100vw, 900px\" \/><\/div><\/div><\/div><\/div><div class=\"flex_column av_one_full  flex_column_div av-zero-column-padding first  avia-builder-el-2  el_after_av_one_full  el_before_av_one_full  column-top-margin\" style='border-radius:0px; '><section class=\"av_textblock_section \"  itemscope=\"itemscope\" itemtype=\"https:\/\/schema.org\/BlogPosting\" itemprop=\"blogPost\" ><div class='avia_textblock  '   itemprop=\"text\" ><p style=\"text-align: center;\"><span style=\"font-size: 18pt;\"><b><span lang=\"ES\">Calisto valora rechazo de ECMPO: \u201cNo podemos obstaculizar el desarrollo econ\u00f3mico por estas solicitudes\u201d<\/span><\/b><\/span><\/p>\n<div id=\"gtx-trans\" style=\"position: absolute; left: -50px; top: 4.31534px;\">\n<div class=\"gtx-trans-icon\"><\/div>\n<\/div>\n<\/div><\/section><\/div><div class=\"flex_column av_one_full  flex_column_div av-zero-column-padding first  avia-builder-el-4  el_after_av_one_full  el_before_av_hr  column-top-margin\" style='border-radius:0px; '><section class=\"av_textblock_section \"  itemscope=\"itemscope\" itemtype=\"https:\/\/schema.org\/BlogPosting\" itemprop=\"blogPost\" ><div class='avia_textblock  '   itemprop=\"text\" ><p style=\"font-weight: 400; text-align: justify;\"><span style=\"font-size: 12pt;\"><em>El legislador relev\u00f3 la importancia de modificar la Ley Lafkenche. Proyecto se encuentra en el Senado.<\/em><\/span><\/p>\n<p style=\"font-weight: 400; text-align: justify;\">En el marco del nuevo rechazo a dos solicitudes de Espacios Costeros Marinos para Pueblos Originarios (ECMPO) por parte de la Comisi\u00f3n Regional de Uso de Borde Costero, el diputado Miguel \u00c1ngel Calisto plante\u00f3 en la sala de la C\u00e1mara la necesidad de avanzar en las modificaciones a la ley Lafkenche que permitan acotar este tipo de solicitudes.<\/p>\n<p style=\"font-weight: 400; text-align: justify;\">Seg\u00fan lo planteado en el Congreso por el legislador, \u201cexiste preocupaci\u00f3n en el sur austral por las solicitudes de ECMPO, concesiones para organizaciones ind\u00edgenas que se han arrogado una representaci\u00f3n mucho mayor de la que realmente tienen. Una organizaci\u00f3n de un poco m\u00e1s de 20 personas solicit\u00f3 una extensi\u00f3n de territorio mar\u00edtimo de m\u00e1s de 700 mil hect\u00e1reas de mar\u201d.<\/p>\n<p style=\"font-weight: 400; text-align: justify;\">\u201cTal como est\u00e1 la ley, si se aprueban las solicitudes ECMPO, no se permite el desarrollo econ\u00f3mico del litoral de la Zona Sur Austral. En nuestra zona pueden convivir distintos tipos de actividades productivas. En Ays\u00e9n, cerca del 40% del PIB viene del mar, ya sea por la pesca blanca, la extracci\u00f3n de recursos bent\u00f3nicos y la salmonicultura. Estos son importantes motores econ\u00f3micos\u201d, afirm\u00f3.<\/p>\n<p style=\"font-weight: 400; text-align: justify;\">Calisto asegur\u00f3 que \u201cyo soy partidario de modificar la Ley Lafkenche, se lo he dicho al Gobierno. Esto tiene que seguir existiendo, pero las solicitudes deben acotadas, conformes a la realidad. Yo soy partidario que una comunidad ind\u00edgena solicite hect\u00e1reas de mar para el desarrollo productivo o conservaci\u00f3n, pero deben ser acotadas a la realidad, no para generar obst\u00e1culos para otro tipo de actividades econ\u00f3micas que son fundamentales para el desarrollo de las zonas australes\u201d.<\/p>\n<p style=\"font-weight: 400; text-align: justify;\">Finalmente, el legislador se\u00f1al\u00f3 que \u201ctodos los Diputados y Senadores de Los Lagos, Ays\u00e9n y Magallanes est\u00e1n de acuerdo con modificar esta ley. Ya estamos en conversaciones para lograr esto, hay un proyecto en el Senado en esa l\u00ednea, y estamos esperando que llegue a la C\u00e1mara para ver la posibilidad de presentar indicaciones. Creo que esta es la forma para poder avanzar en esta materia\u201d.<\/p>\n<\/div><\/section><\/div><div  style='height:50px' class='hr hr-invisible   avia-builder-el-6  el_after_av_one_full  el_before_av_social_share '><span class='hr-inner ' ><span class='hr-inner-style'><\/span><\/span><\/div><\/p>\n<div  class='av-social-sharing-box  avia-builder-el-7  el_after_av_hr  el_before_av_hr  '><div class='av-share-box'><h5 class='av-share-link-description av-no-toc '>Compartir esta noticia<\/h5><ul class='av-share-box-list noLightbox'><li class='av-share-link av-social-link-facebook' ><a target=\"_blank\" aria-label=\"Compartir en Facebook\" href='https:\/\/www.facebook.com\/sharer.php?u=https:\/\/radiorevelacionfm.cl\/?p=42987&#038;t=Calisto%20valora%20rechazo%20de%20ECMPO%3A%20%E2%80%9CNo%20podemos%20obstaculizar%20el%20desarrollo%20econ%C3%B3mico%20por%20estas%20solicitudes%E2%80%9D' aria-hidden='false' data-av_icon='\ue8f3' data-av_iconfont='entypo-fontello' title='' data-avia-related-tooltip='Compartir en Facebook' rel=\"noopener\"><span class='avia_hidden_link_text'>Compartir en Facebook<\/span><\/a><\/li><li class='av-share-link av-social-link-twitter' ><a target=\"_blank\" aria-label=\"Compartir en Twitter\" href='https:\/\/twitter.com\/share?text=Calisto%20valora%20rechazo%20de%20ECMPO%3A%20%E2%80%9CNo%20podemos%20obstaculizar%20el%20desarrollo%20econ%C3%B3mico%20por%20estas%20solicitudes%E2%80%9D&#038;url=https:\/\/radiorevelacionfm.cl\/?p=42987' aria-hidden='false' data-av_icon='\ue8f1' data-av_iconfont='entypo-fontello' title='' data-avia-related-tooltip='Compartir en Twitter' rel=\"noopener\"><span class='avia_hidden_link_text'>Compartir en Twitter<\/span><\/a><\/li><li class='av-share-link av-social-link-whatsapp' ><a target=\"_blank\" aria-label=\"Compartir en Whatsapp\" href='https:\/\/api.whatsapp.com\/send?text=https:\/\/radiorevelacionfm.cl\/?p=42987' aria-hidden='false' data-av_icon='\uf232' data-av_iconfont='entypo-fontello' title='' data-avia-related-tooltip='Compartir en Whatsapp' rel=\"noopener\"><span class='avia_hidden_link_text'>Compartir en Whatsapp<\/span><\/a><\/li><li class='av-share-link av-social-link-linkedin' ><a target=\"_blank\" aria-label=\"Compartir en LinkedIn\" href='https:\/\/linkedin.com\/shareArticle?mini=true&#038;title=Calisto%20valora%20rechazo%20de%20ECMPO%3A%20%E2%80%9CNo%20podemos%20obstaculizar%20el%20desarrollo%20econ%C3%B3mico%20por%20estas%20solicitudes%E2%80%9D&#038;url=https:\/\/radiorevelacionfm.cl\/?p=42987' aria-hidden='false' data-av_icon='\ue8fc' data-av_iconfont='entypo-fontello' title='' data-avia-related-tooltip='Compartir en LinkedIn' rel=\"noopener\"><span class='avia_hidden_link_text'>Compartir en LinkedIn<\/span><\/a><\/li><li class='av-share-link av-social-link-mail' ><a  aria-label=\"Compartir por correo\" href='mailto:?subject=Calisto%20valora%20rechazo%20de%20ECMPO%3A%20%E2%80%9CNo%20podemos%20obstaculizar%20el%20desarrollo%20econ%C3%B3mico%20por%20estas%20solicitudes%E2%80%9D&#038;body=https:\/\/radiorevelacionfm.cl\/?p=42987' aria-hidden='false' data-av_icon='\ue805' data-av_iconfont='entypo-fontello' title='' data-avia-related-tooltip='Compartir por correo'><span class='avia_hidden_link_text'>Compartir por correo<\/span><\/a><\/li><\/ul><\/div><\/div>\n<div  style='height:50px' class='hr hr-invisible   avia-builder-el-8  el_after_av_social_share  el_before_av_comments_list '><span class='hr-inner ' ><span class='hr-inner-style'><\/span><\/span><\/div>\n<div  class='av-buildercomment  av-blog-meta-html-info-disabled av-blog-meta-tag-disabled  '><\/div>\n","protected":false},"excerpt":{"rendered":"","protected":false},"author":1,"featured_media":42246,"comment_status":"open","ping_status":"open","sticky":false,"template":"","format":"standard","meta":{"footnotes":""},"categories":[35],"tags":[],"class_list":["post-42987","post","type-post","status-publish","format-standard","has-post-thumbnail","hentry","category-politica"],"jetpack_featured_media_url":"https:\/\/radiorevelacionfm.cl\/wp-content\/uploads\/2024\/05\/CALISTO-CONGRESO-COMISION-1-1.jpeg","_links":{"self":[{"href":"https:\/\/radiorevelacionfm.cl\/index.php?rest_route=\/wp\/v2\/posts\/42987","targetHints":{"allow":["GET"]}}],"collection":[{"href":"https:\/\/radiorevelacionfm.cl\/index.php?rest_route=\/wp\/v2\/posts"}],"about":[{"href":"https:\/\/radiorevelacionfm.cl\/index.php?rest_route=\/wp\/v2\/types\/post"}],"author":[{"embeddable":true,"href":"https:\/\/radiorevelacionfm.cl\/index.php?rest_route=\/wp\/v2\/users\/1"}],"replies":[{"embeddable":true,"href":"https:\/\/radiorevelacionfm.cl\/index.php?rest_route=%2Fwp%2Fv2%2Fcomments&post=42987"}],"version-history":[{"count":1,"href":"https:\/\/radiorevelacionfm.cl\/index.php?rest_route=\/wp\/v2\/posts\/42987\/revisions"}],"predecessor-version":[{"id":42988,"href":"https:\/\/radiorevelacionfm.cl\/index.php?rest_route=\/wp\/v2\/posts\/42987\/revisions\/42988"}],"wp:featuredmedia":[{"embeddable":true,"href":"https:\/\/radiorevelacionfm.cl\/index.php?rest_route=\/wp\/v2\/media\/42246"}],"wp:attachment":[{"href":"https:\/\/radiorevelacionfm.cl\/index.php?rest_route=%2Fwp%2Fv2%2Fmedia&parent=42987"}],"wp:term":[{"taxonomy":"category","embeddable":true,"href":"https:\/\/radiorevelacionfm.cl\/index.php?rest_route=%2Fwp%2Fv2%2Fcategories&post=42987"},{"taxonomy":"post_tag","embeddable":true,"href":"https:\/\/radiorevelacionfm.cl\/index.php?rest_route=%2Fwp%2Fv2%2Ftags&post=42987"}],"curies":[{"name":"wp","href":"https:\/\/api.w.org\/{rel}","templated":true}]}}