{"id":42981,"date":"2024-06-07T19:02:41","date_gmt":"2024-06-07T22:02:41","guid":{"rendered":"https:\/\/radiorevelacionfm.cl\/?p=42981"},"modified":"2024-06-07T19:02:41","modified_gmt":"2024-06-07T22:02:41","slug":"un-total-de-66-familias-de-coyhaique-fortalecieron-sus-habilidades-para-la-vida-con-apoyo-del-fosis","status":"publish","type":"post","link":"https:\/\/radiorevelacionfm.cl\/?p=42981","title":{"rendered":"Un total de 66 familias de Coyhaique fortalecieron sus habilidades para la vida con apoyo del FOSIS"},"content":{"rendered":"<div class=\"flex_column av_one_full  flex_column_div av-zero-column-padding first  avia-builder-el-0  el_before_av_one_full  avia-builder-el-first  \" style='border-radius:0px; '><div  class='avia-image-container  av-styling-    avia-builder-el-1  avia-builder-el-no-sibling  avia-align-center '  itemprop=\"image\" itemscope=\"itemscope\" itemtype=\"https:\/\/schema.org\/ImageObject\"  ><div class='avia-image-container-inner'><div class='avia-image-overlay-wrap'><img decoding=\"async\" class='wp-image-42982 avia-img-lazy-loading-not-42982 avia_image' src=\"https:\/\/radiorevelacionfm.cl\/wp-content\/uploads\/2024\/06\/1-73-2-1.jpeg\" alt='' title='1 (73) (2) (1)' height=\"600\" width=\"1068\"  itemprop=\"thumbnailUrl\" srcset=\"https:\/\/radiorevelacionfm.cl\/wp-content\/uploads\/2024\/06\/1-73-2-1.jpeg 1068w, https:\/\/radiorevelacionfm.cl\/wp-content\/uploads\/2024\/06\/1-73-2-1-300x169.jpeg 300w, https:\/\/radiorevelacionfm.cl\/wp-content\/uploads\/2024\/06\/1-73-2-1-1030x579.jpeg 1030w, https:\/\/radiorevelacionfm.cl\/wp-content\/uploads\/2024\/06\/1-73-2-1-768x431.jpeg 768w, https:\/\/radiorevelacionfm.cl\/wp-content\/uploads\/2024\/06\/1-73-2-1-705x396.jpeg 705w, https:\/\/radiorevelacionfm.cl\/wp-content\/uploads\/2024\/06\/1-73-2-1-450x253.jpeg 450w, https:\/\/radiorevelacionfm.cl\/wp-content\/uploads\/2024\/06\/1-73-2-1-600x337.jpeg 600w\" sizes=\"(max-width: 1068px) 100vw, 1068px\" \/><\/div><\/div><\/div><\/div><div class=\"flex_column av_one_full  flex_column_div av-zero-column-padding first  avia-builder-el-2  el_after_av_one_full  el_before_av_one_full  column-top-margin\" style='border-radius:0px; '><section class=\"av_textblock_section \"  itemscope=\"itemscope\" itemtype=\"https:\/\/schema.org\/BlogPosting\" itemprop=\"blogPost\" ><div class='avia_textblock  '   itemprop=\"text\" ><p style=\"text-align: center;\"><strong><span style=\"font-size: 18pt;\">Un total de 66 familias de Coyhaique fortalecieron sus habilidades para la vida con apoyo del FOSIS<\/span><\/strong><\/p>\n<div id=\"gtx-trans\" style=\"position: absolute; left: -50px; top: 4.31534px;\">\n<div class=\"gtx-trans-icon\"><\/div>\n<\/div>\n<\/div><\/section><\/div><div class=\"flex_column av_one_full  flex_column_div av-zero-column-padding first  avia-builder-el-4  el_after_av_one_full  el_before_av_hr  column-top-margin\" style='border-radius:0px; '><section class=\"av_textblock_section \"  itemscope=\"itemscope\" itemtype=\"https:\/\/schema.org\/BlogPosting\" itemprop=\"blogPost\" ><div class='avia_textblock  '   itemprop=\"text\" ><p style=\"text-align: justify;\"><em>El programa Acci\u00f3n trabaj\u00f3 con familias integradas por ni\u00f1os, ni\u00f1as y adolescentes; quienes participaron en talleres para desarrollar y financiar planes de trabajo familiares.<\/em><\/p>\n<p style=\"text-align: justify;\">En el Sal\u00f3n del Patio Condell se llev\u00f3 a cabo la ceremonia de cierre y certificaci\u00f3n del programa Acci\u00f3n, financiado por el Fondo de Solidaridad e Inversi\u00f3n Social, FOSIS, donde las familias usuarias compartieron con autoridades regionales y comunales a trav\u00e9s de una din\u00e1mica grupal, para posteriormente recibir sus diplomas.<\/p>\n<p style=\"text-align: justify;\">Las familias participantes pudieron desarrollar habilidades para la vida, enfocadas en las relaciones al interior de los hogares y entre los hogares que viven en una comunidad, a trav\u00e9s de la ejecuci\u00f3n de planes de trabajo familiares; junto con ser parte de talleres que abordan el autoconocimiento, empat\u00eda, comunicaci\u00f3n asertiva, comunicaciones interpersonales, manejo de emociones, manejo del estr\u00e9s, capacidad para la toma de decisiones y resoluci\u00f3n de conflictos.<\/p>\n<p style=\"text-align: justify;\">Elisa White, usuaria del programa Acci\u00f3n en Coyhaique, asegur\u00f3 que \u201cla experiencia que viv\u00ed fue muy bonita. Conoc\u00ed gente de otros pa\u00edses, otras realidades, fue muy linda la experiencia porque ahora uno en su casa participa m\u00e1s en familia, nos sentamos a jugar ajedrez o a jugar cartas y es mucho mejor. Me gust\u00f3 todo lo que se habl\u00f3 en los talleres y la gente que nos apoy\u00f3 tambi\u00e9n. Invert\u00ed el financiamiento en loza, \u00fatiles y cosas de casa. Pude comprar cosas que necesitaba as\u00ed que muy agradecida por este apoyo\u201d.<\/p>\n<p style=\"text-align: justify;\">El Seremi (s) de Desarrollo Social y Familia, Claudio Venegas, enfatiz\u00f3 que \u201choy estamos cerrando este programa con m\u00e1s de sesenta familias de Coyhaique, con una inversi\u00f3n sobre los cincuenta millones de pesos para la ejecuci\u00f3n de estos nueve meses de intervenci\u00f3n. Se contribuye con herramientas que facilitan el d\u00eda a d\u00eda de las familias, potenciar como se convive en familia y en sociedad es fundamental dentro de este programa. Estas son preocupaciones fundamentales del Ministerio, integrar a las familias m\u00e1s vulnerables a nuestra sociedad y es lo que estamos haciendo hoy ac\u00e1 con el FOSIS\u201d.<\/p>\n<p style=\"text-align: justify;\">Fernanda Leiva, Directora Regional del FOSIS en Ays\u00e9n, destac\u00f3 que \u00abestamos contentos y emocionados por el resultado de estos talleres y capacitaciones, donde pudimos generar un espacio de contenci\u00f3n y conocimiento para las participantes, con la finalidad de mejorar sus habilidades para la vida. Este programa se enfoca en trabajar con las familias para que puedan enfrentar de mejor manera el d\u00eda a d\u00eda, sus problem\u00e1ticas cotidianas, darse cuenta de que hay otras mujeres que enfrentan tambi\u00e9n situaciones complejas y que pueden apoyarse entre todas para generar redes virtuosas y v\u00ednculos para fortalecer la cohesi\u00f3n social de nuestra comunidad\u201d.<\/p>\n<p style=\"text-align: justify;\">En la ceremonia de cierre particip\u00f3 el Seremi (s) de Desarrollo Social y Familia, Claudio Venegas; la Directora Regional del FOSIS, Fernanda Leiva y la Concejala de Coyhaique, Ana Mar\u00eda Navarrete; quienes compartieron con las familias que cerraron este proceso formativo.<\/p>\n<p style=\"text-align: justify;\">El programa Acci\u00f3n est\u00e1 orientado a hogares con ni\u00f1os, ni\u00f1as y\/o adolescentes de hasta 18 a\u00f1os, que se encuentran dentro del 60% de vulnerabilidad seg\u00fan Registro Social del Hogares.<\/p>\n<\/div><\/section><\/div><div  style='height:50px' class='hr hr-invisible   avia-builder-el-6  el_after_av_one_full  el_before_av_social_share '><span class='hr-inner ' ><span class='hr-inner-style'><\/span><\/span><\/div><\/p>\n<div  class='av-social-sharing-box  avia-builder-el-7  el_after_av_hr  el_before_av_hr  '><div class='av-share-box'><h5 class='av-share-link-description av-no-toc '>Compartir esta noticia<\/h5><ul class='av-share-box-list noLightbox'><li class='av-share-link av-social-link-facebook' ><a target=\"_blank\" aria-label=\"Compartir en Facebook\" href='https:\/\/www.facebook.com\/sharer.php?u=https:\/\/radiorevelacionfm.cl\/?p=42981&#038;t=Un%20total%20de%2066%20familias%20de%20Coyhaique%20fortalecieron%20sus%20habilidades%20para%20la%20vida%20con%20apoyo%20del%20FOSIS' aria-hidden='false' data-av_icon='\ue8f3' data-av_iconfont='entypo-fontello' title='' data-avia-related-tooltip='Compartir en Facebook' rel=\"noopener\"><span class='avia_hidden_link_text'>Compartir en Facebook<\/span><\/a><\/li><li class='av-share-link av-social-link-twitter' ><a target=\"_blank\" aria-label=\"Compartir en Twitter\" href='https:\/\/twitter.com\/share?text=Un%20total%20de%2066%20familias%20de%20Coyhaique%20fortalecieron%20sus%20habilidades%20para%20la%20vida%20con%20apoyo%20del%20FOSIS&#038;url=https:\/\/radiorevelacionfm.cl\/?p=42981' aria-hidden='false' data-av_icon='\ue8f1' data-av_iconfont='entypo-fontello' title='' data-avia-related-tooltip='Compartir en Twitter' rel=\"noopener\"><span class='avia_hidden_link_text'>Compartir en Twitter<\/span><\/a><\/li><li class='av-share-link av-social-link-whatsapp' ><a target=\"_blank\" aria-label=\"Compartir en Whatsapp\" href='https:\/\/api.whatsapp.com\/send?text=https:\/\/radiorevelacionfm.cl\/?p=42981' aria-hidden='false' data-av_icon='\uf232' data-av_iconfont='entypo-fontello' title='' data-avia-related-tooltip='Compartir en Whatsapp' rel=\"noopener\"><span class='avia_hidden_link_text'>Compartir en Whatsapp<\/span><\/a><\/li><li class='av-share-link av-social-link-linkedin' ><a target=\"_blank\" aria-label=\"Compartir en LinkedIn\" href='https:\/\/linkedin.com\/shareArticle?mini=true&#038;title=Un%20total%20de%2066%20familias%20de%20Coyhaique%20fortalecieron%20sus%20habilidades%20para%20la%20vida%20con%20apoyo%20del%20FOSIS&#038;url=https:\/\/radiorevelacionfm.cl\/?p=42981' aria-hidden='false' data-av_icon='\ue8fc' data-av_iconfont='entypo-fontello' title='' data-avia-related-tooltip='Compartir en LinkedIn' rel=\"noopener\"><span class='avia_hidden_link_text'>Compartir en LinkedIn<\/span><\/a><\/li><li class='av-share-link av-social-link-mail' ><a  aria-label=\"Compartir por correo\" href='mailto:?subject=Un%20total%20de%2066%20familias%20de%20Coyhaique%20fortalecieron%20sus%20habilidades%20para%20la%20vida%20con%20apoyo%20del%20FOSIS&#038;body=https:\/\/radiorevelacionfm.cl\/?p=42981' aria-hidden='false' data-av_icon='\ue805' data-av_iconfont='entypo-fontello' title='' data-avia-related-tooltip='Compartir por correo'><span class='avia_hidden_link_text'>Compartir por correo<\/span><\/a><\/li><\/ul><\/div><\/div>\n<div  style='height:50px' class='hr hr-invisible   avia-builder-el-8  el_after_av_social_share  el_before_av_comments_list '><span class='hr-inner ' ><span class='hr-inner-style'><\/span><\/span><\/div>\n<div  class='av-buildercomment  av-blog-meta-html-info-disabled av-blog-meta-tag-disabled  '><\/div>\n","protected":false},"excerpt":{"rendered":"","protected":false},"author":1,"featured_media":42982,"comment_status":"open","ping_status":"open","sticky":false,"template":"","format":"standard","meta":{"footnotes":""},"categories":[38],"tags":[],"class_list":["post-42981","post","type-post","status-publish","format-standard","has-post-thumbnail","hentry","category-regional"],"jetpack_featured_media_url":"https:\/\/radiorevelacionfm.cl\/wp-content\/uploads\/2024\/06\/1-73-2-1.jpeg","_links":{"self":[{"href":"https:\/\/radiorevelacionfm.cl\/index.php?rest_route=\/wp\/v2\/posts\/42981","targetHints":{"allow":["GET"]}}],"collection":[{"href":"https:\/\/radiorevelacionfm.cl\/index.php?rest_route=\/wp\/v2\/posts"}],"about":[{"href":"https:\/\/radiorevelacionfm.cl\/index.php?rest_route=\/wp\/v2\/types\/post"}],"author":[{"embeddable":true,"href":"https:\/\/radiorevelacionfm.cl\/index.php?rest_route=\/wp\/v2\/users\/1"}],"replies":[{"embeddable":true,"href":"https:\/\/radiorevelacionfm.cl\/index.php?rest_route=%2Fwp%2Fv2%2Fcomments&post=42981"}],"version-history":[{"count":1,"href":"https:\/\/radiorevelacionfm.cl\/index.php?rest_route=\/wp\/v2\/posts\/42981\/revisions"}],"predecessor-version":[{"id":42983,"href":"https:\/\/radiorevelacionfm.cl\/index.php?rest_route=\/wp\/v2\/posts\/42981\/revisions\/42983"}],"wp:featuredmedia":[{"embeddable":true,"href":"https:\/\/radiorevelacionfm.cl\/index.php?rest_route=\/wp\/v2\/media\/42982"}],"wp:attachment":[{"href":"https:\/\/radiorevelacionfm.cl\/index.php?rest_route=%2Fwp%2Fv2%2Fmedia&parent=42981"}],"wp:term":[{"taxonomy":"category","embeddable":true,"href":"https:\/\/radiorevelacionfm.cl\/index.php?rest_route=%2Fwp%2Fv2%2Fcategories&post=42981"},{"taxonomy":"post_tag","embeddable":true,"href":"https:\/\/radiorevelacionfm.cl\/index.php?rest_route=%2Fwp%2Fv2%2Ftags&post=42981"}],"curies":[{"name":"wp","href":"https:\/\/api.w.org\/{rel}","templated":true}]}}