{"id":42978,"date":"2024-06-07T11:57:02","date_gmt":"2024-06-07T14:57:02","guid":{"rendered":"https:\/\/radiorevelacionfm.cl\/?p=42978"},"modified":"2024-06-07T11:57:02","modified_gmt":"2024-06-07T14:57:02","slug":"realizan-charla-taller-sobre-tecnicas-de-riego-en-inia-tamel-aike","status":"publish","type":"post","link":"https:\/\/radiorevelacionfm.cl\/?p=42978","title":{"rendered":"Realizan Charla-Taller sobre T\u00e9cnicas de Riego en INIA Tamel Aike"},"content":{"rendered":"<div class=\"flex_column av_one_full  flex_column_div av-zero-column-padding first  avia-builder-el-0  el_before_av_one_full  avia-builder-el-first  \" style='border-radius:0px; '><div  class='avia-image-container  av-styling-    avia-builder-el-1  avia-builder-el-no-sibling  avia-align-center '  itemprop=\"image\" itemscope=\"itemscope\" itemtype=\"https:\/\/schema.org\/ImageObject\"  ><div class='avia-image-container-inner'><div class='avia-image-overlay-wrap'><img decoding=\"async\" class='wp-image-42979 avia-img-lazy-loading-not-42979 avia_image' src=\"https:\/\/radiorevelacionfm.cl\/wp-content\/uploads\/2024\/06\/z9a9797-1_optimized-1.jpg\" alt='' title='_z9a9797-(1)_optimized (1)' height=\"600\" width=\"1067\"  itemprop=\"thumbnailUrl\" srcset=\"https:\/\/radiorevelacionfm.cl\/wp-content\/uploads\/2024\/06\/z9a9797-1_optimized-1.jpg 1067w, https:\/\/radiorevelacionfm.cl\/wp-content\/uploads\/2024\/06\/z9a9797-1_optimized-1-300x169.jpg 300w, https:\/\/radiorevelacionfm.cl\/wp-content\/uploads\/2024\/06\/z9a9797-1_optimized-1-1030x579.jpg 1030w, https:\/\/radiorevelacionfm.cl\/wp-content\/uploads\/2024\/06\/z9a9797-1_optimized-1-768x432.jpg 768w, https:\/\/radiorevelacionfm.cl\/wp-content\/uploads\/2024\/06\/z9a9797-1_optimized-1-705x396.jpg 705w, https:\/\/radiorevelacionfm.cl\/wp-content\/uploads\/2024\/06\/z9a9797-1_optimized-1-450x253.jpg 450w, https:\/\/radiorevelacionfm.cl\/wp-content\/uploads\/2024\/06\/z9a9797-1_optimized-1-600x337.jpg 600w\" sizes=\"(max-width: 1067px) 100vw, 1067px\" \/><\/div><\/div><\/div><\/div><div class=\"flex_column av_one_full  flex_column_div av-zero-column-padding first  avia-builder-el-2  el_after_av_one_full  el_before_av_one_full  column-top-margin\" style='border-radius:0px; '><section class=\"av_textblock_section \"  itemscope=\"itemscope\" itemtype=\"https:\/\/schema.org\/BlogPosting\" itemprop=\"blogPost\" ><div class='avia_textblock  '   itemprop=\"text\" ><p style=\"text-align: center;\"><strong><span style=\"font-size: 18pt;\">Realizan Charla-Taller sobre T\u00e9cnicas de Riego en INIA Tamel Aike<\/span><\/strong><\/p>\n<div id=\"gtx-trans\" style=\"position: absolute; left: -50px; top: 4.31534px;\">\n<div class=\"gtx-trans-icon\"><\/div>\n<\/div>\n<\/div><\/section><\/div><div class=\"flex_column av_one_full  flex_column_div av-zero-column-padding first  avia-builder-el-4  el_after_av_one_full  el_before_av_hr  column-top-margin\" style='border-radius:0px; '><section class=\"av_textblock_section \"  itemscope=\"itemscope\" itemtype=\"https:\/\/schema.org\/BlogPosting\" itemprop=\"blogPost\" ><div class='avia_textblock  '   itemprop=\"text\" ><p style=\"text-align: justify;\">Con el objetivo de promover pr\u00e1cticas de riego eficientes y sostenibles, los Grupos de Extensi\u00f3n Tecnol\u00f3gica (GET) en Agroecolog\u00eda y Frutales Menores de INIA realizaron una charla-taller en el Centro Regional INIA Tamel Aike, a cargo del consultor Eduardo Poblete. La actividad, que combin\u00f3 teor\u00eda y pr\u00e1ctica, reuni\u00f3 a m\u00e1s de 20 productores y productoras de la comuna de Coyhaique, interesados en mejorar sus sistemas y manejos de riego.<\/p>\n<p style=\"text-align: justify;\">Mar\u00eda Paz Mart\u00ednez, encargada de proyecto de GET Agroecolog\u00eda e investigadora de INIA Tamel Aike, destac\u00f3 la relevancia de esta capacitaci\u00f3n: \u00abNos reunimos para aprender sobre riego y captaci\u00f3n de aguas lluvia, aprovechando las instalaciones de INIA Tamel Aike, donde estamos desarrollando un sector de agroecolog\u00eda. Fue una capacitaci\u00f3n te\u00f3rico-pr\u00e1ctica muy productiva, en la que aprendimos a elegir una bomba y entender el caudal\u00bb.<\/p>\n<p style=\"text-align: justify;\">Rodrigo Neculman Cerda, encargado de proyecto del GET de Frutales Menores e investigador de INIA Tamel Aike, a\u00f1adi\u00f3: \u00abLos productores quer\u00edan conocer c\u00f3mo instalar un sistema de riego. Respondimos a esta demanda con un taller que les mostr\u00f3 las piezas necesarias y el funcionamiento de estos sistemas. Adem\u00e1s, estamos creando una unidad agroecol\u00f3gica que, esperamos, crezca y se nutra de otros proyectos, permitiendo la producci\u00f3n sostenible de hortalizas y frutales menores\u00bb.<\/p>\n<p style=\"text-align: justify;\">Este tipo de iniciativas refuerzan el compromiso de INIA con el desarrollo agr\u00edcola sostenible, adaptado a las necesidades locales y en sinton\u00eda con el medio ambiente. Estas pr\u00e1cticas permiten a los productores generar alimentos sanos, reducir el uso de agroqu\u00edmicos y adaptarse mejor a los escenarios de cambio clim\u00e1tico y econ\u00f3mico, todo ello mientras cuidan el medio ambiente y valoran el conocimiento local.<\/p>\n<p style=\"text-align: justify;\">La Directora Regional de INIA, Camila Reyes S., destac\u00f3 la importancia que el Ministerio de Agricultura otorga a la sustentabilidad, seguridad y soberan\u00eda alimentaria. \u00abEs fundamental fortalecer pr\u00e1cticas que promuevan una agricultura sostenible, adaptada a las necesidades locales y respetuosa con el medio ambiente\u00bb, afirm\u00f3 Reyes.<\/p>\n<p style=\"text-align: justify;\">La metodolog\u00eda GET responde a una estrategia del Instituto de Investigaciones Agropecuarias (INIA), a trav\u00e9s de su Subdirecci\u00f3n Nacional de Vinculaci\u00f3n con el Medio y Transferencia Tecnol\u00f3gica (VTT), para la extensi\u00f3n, transferencia tecnol\u00f3gica y capacitaci\u00f3n, aline\u00e1ndose con el concepto de \u00ab\u00faltima milla\u00bb, que implica la transferencia del desarrollo de I+D directamente a los productores y agricultores.<\/p>\n<\/div><\/section><\/div><div  style='height:50px' class='hr hr-invisible   avia-builder-el-6  el_after_av_one_full  el_before_av_social_share '><span class='hr-inner ' ><span class='hr-inner-style'><\/span><\/span><\/div><\/p>\n<div  class='av-social-sharing-box  avia-builder-el-7  el_after_av_hr  el_before_av_hr  '><div class='av-share-box'><h5 class='av-share-link-description av-no-toc '>Compartir esta noticia<\/h5><ul class='av-share-box-list noLightbox'><li class='av-share-link av-social-link-facebook' ><a target=\"_blank\" aria-label=\"Compartir en Facebook\" href='https:\/\/www.facebook.com\/sharer.php?u=https:\/\/radiorevelacionfm.cl\/?p=42978&#038;t=Realizan%20Charla-Taller%20sobre%20T%C3%A9cnicas%20de%20Riego%20en%20INIA%20Tamel%20Aike' aria-hidden='false' data-av_icon='\ue8f3' data-av_iconfont='entypo-fontello' title='' data-avia-related-tooltip='Compartir en Facebook' rel=\"noopener\"><span class='avia_hidden_link_text'>Compartir en Facebook<\/span><\/a><\/li><li class='av-share-link av-social-link-twitter' ><a target=\"_blank\" aria-label=\"Compartir en Twitter\" href='https:\/\/twitter.com\/share?text=Realizan%20Charla-Taller%20sobre%20T%C3%A9cnicas%20de%20Riego%20en%20INIA%20Tamel%20Aike&#038;url=https:\/\/radiorevelacionfm.cl\/?p=42978' aria-hidden='false' data-av_icon='\ue8f1' data-av_iconfont='entypo-fontello' title='' data-avia-related-tooltip='Compartir en Twitter' rel=\"noopener\"><span class='avia_hidden_link_text'>Compartir en Twitter<\/span><\/a><\/li><li class='av-share-link av-social-link-whatsapp' ><a target=\"_blank\" aria-label=\"Compartir en Whatsapp\" href='https:\/\/api.whatsapp.com\/send?text=https:\/\/radiorevelacionfm.cl\/?p=42978' aria-hidden='false' data-av_icon='\uf232' data-av_iconfont='entypo-fontello' title='' data-avia-related-tooltip='Compartir en Whatsapp' rel=\"noopener\"><span class='avia_hidden_link_text'>Compartir en Whatsapp<\/span><\/a><\/li><li class='av-share-link av-social-link-linkedin' ><a target=\"_blank\" aria-label=\"Compartir en LinkedIn\" href='https:\/\/linkedin.com\/shareArticle?mini=true&#038;title=Realizan%20Charla-Taller%20sobre%20T%C3%A9cnicas%20de%20Riego%20en%20INIA%20Tamel%20Aike&#038;url=https:\/\/radiorevelacionfm.cl\/?p=42978' aria-hidden='false' data-av_icon='\ue8fc' data-av_iconfont='entypo-fontello' title='' data-avia-related-tooltip='Compartir en LinkedIn' rel=\"noopener\"><span class='avia_hidden_link_text'>Compartir en LinkedIn<\/span><\/a><\/li><li class='av-share-link av-social-link-mail' ><a  aria-label=\"Compartir por correo\" href='mailto:?subject=Realizan%20Charla-Taller%20sobre%20T%C3%A9cnicas%20de%20Riego%20en%20INIA%20Tamel%20Aike&#038;body=https:\/\/radiorevelacionfm.cl\/?p=42978' aria-hidden='false' data-av_icon='\ue805' data-av_iconfont='entypo-fontello' title='' data-avia-related-tooltip='Compartir por correo'><span class='avia_hidden_link_text'>Compartir por correo<\/span><\/a><\/li><\/ul><\/div><\/div>\n<div  style='height:50px' class='hr hr-invisible   avia-builder-el-8  el_after_av_social_share  el_before_av_comments_list '><span class='hr-inner ' ><span class='hr-inner-style'><\/span><\/span><\/div>\n<div  class='av-buildercomment  av-blog-meta-html-info-disabled av-blog-meta-tag-disabled  '><\/div>\n","protected":false},"excerpt":{"rendered":"","protected":false},"author":1,"featured_media":42979,"comment_status":"open","ping_status":"open","sticky":false,"template":"","format":"standard","meta":{"footnotes":""},"categories":[38],"tags":[],"class_list":["post-42978","post","type-post","status-publish","format-standard","has-post-thumbnail","hentry","category-regional"],"jetpack_featured_media_url":"https:\/\/radiorevelacionfm.cl\/wp-content\/uploads\/2024\/06\/z9a9797-1_optimized-1.jpg","_links":{"self":[{"href":"https:\/\/radiorevelacionfm.cl\/index.php?rest_route=\/wp\/v2\/posts\/42978","targetHints":{"allow":["GET"]}}],"collection":[{"href":"https:\/\/radiorevelacionfm.cl\/index.php?rest_route=\/wp\/v2\/posts"}],"about":[{"href":"https:\/\/radiorevelacionfm.cl\/index.php?rest_route=\/wp\/v2\/types\/post"}],"author":[{"embeddable":true,"href":"https:\/\/radiorevelacionfm.cl\/index.php?rest_route=\/wp\/v2\/users\/1"}],"replies":[{"embeddable":true,"href":"https:\/\/radiorevelacionfm.cl\/index.php?rest_route=%2Fwp%2Fv2%2Fcomments&post=42978"}],"version-history":[{"count":1,"href":"https:\/\/radiorevelacionfm.cl\/index.php?rest_route=\/wp\/v2\/posts\/42978\/revisions"}],"predecessor-version":[{"id":42980,"href":"https:\/\/radiorevelacionfm.cl\/index.php?rest_route=\/wp\/v2\/posts\/42978\/revisions\/42980"}],"wp:featuredmedia":[{"embeddable":true,"href":"https:\/\/radiorevelacionfm.cl\/index.php?rest_route=\/wp\/v2\/media\/42979"}],"wp:attachment":[{"href":"https:\/\/radiorevelacionfm.cl\/index.php?rest_route=%2Fwp%2Fv2%2Fmedia&parent=42978"}],"wp:term":[{"taxonomy":"category","embeddable":true,"href":"https:\/\/radiorevelacionfm.cl\/index.php?rest_route=%2Fwp%2Fv2%2Fcategories&post=42978"},{"taxonomy":"post_tag","embeddable":true,"href":"https:\/\/radiorevelacionfm.cl\/index.php?rest_route=%2Fwp%2Fv2%2Ftags&post=42978"}],"curies":[{"name":"wp","href":"https:\/\/api.w.org\/{rel}","templated":true}]}}