{"id":42975,"date":"2024-06-07T11:39:24","date_gmt":"2024-06-07T14:39:24","guid":{"rendered":"https:\/\/radiorevelacionfm.cl\/?p=42975"},"modified":"2024-06-07T11:39:24","modified_gmt":"2024-06-07T14:39:24","slug":"gobierno-regional-fortalece-vinculos-con-comodoro-rivadavia-para-fomentar-cooperacion-en-turismo","status":"publish","type":"post","link":"https:\/\/radiorevelacionfm.cl\/?p=42975","title":{"rendered":"Gobierno Regional fortalece v\u00ednculos con Comodoro Rivadavia para fomentar cooperaci\u00f3n en turismo"},"content":{"rendered":"<div class=\"flex_column av_one_full  flex_column_div av-zero-column-padding first  avia-builder-el-0  el_before_av_one_full  avia-builder-el-first  \" style='border-radius:0px; '><div  class='avia-image-container  av-styling-    avia-builder-el-1  avia-builder-el-no-sibling  avia-align-center '  itemprop=\"image\" itemscope=\"itemscope\" itemtype=\"https:\/\/schema.org\/ImageObject\"  ><div class='avia-image-container-inner'><div class='avia-image-overlay-wrap'><img decoding=\"async\" class='wp-image-42976 avia-img-lazy-loading-not-42976 avia_image' src=\"https:\/\/radiorevelacionfm.cl\/wp-content\/uploads\/2024\/06\/whatsapp-image-2024-06-06-at-12_optimized.17.03-pm-1.jpeg\" alt='' title='whatsapp-image-2024-06-06-at-12_optimized.17.03-pm-(1)' height=\"600\" width=\"1065\"  itemprop=\"thumbnailUrl\" srcset=\"https:\/\/radiorevelacionfm.cl\/wp-content\/uploads\/2024\/06\/whatsapp-image-2024-06-06-at-12_optimized.17.03-pm-1.jpeg 1065w, https:\/\/radiorevelacionfm.cl\/wp-content\/uploads\/2024\/06\/whatsapp-image-2024-06-06-at-12_optimized.17.03-pm-1-300x169.jpeg 300w, https:\/\/radiorevelacionfm.cl\/wp-content\/uploads\/2024\/06\/whatsapp-image-2024-06-06-at-12_optimized.17.03-pm-1-1030x580.jpeg 1030w, https:\/\/radiorevelacionfm.cl\/wp-content\/uploads\/2024\/06\/whatsapp-image-2024-06-06-at-12_optimized.17.03-pm-1-768x433.jpeg 768w, https:\/\/radiorevelacionfm.cl\/wp-content\/uploads\/2024\/06\/whatsapp-image-2024-06-06-at-12_optimized.17.03-pm-1-705x397.jpeg 705w, https:\/\/radiorevelacionfm.cl\/wp-content\/uploads\/2024\/06\/whatsapp-image-2024-06-06-at-12_optimized.17.03-pm-1-450x254.jpeg 450w, https:\/\/radiorevelacionfm.cl\/wp-content\/uploads\/2024\/06\/whatsapp-image-2024-06-06-at-12_optimized.17.03-pm-1-600x338.jpeg 600w\" sizes=\"(max-width: 1065px) 100vw, 1065px\" \/><\/div><\/div><\/div><\/div><div class=\"flex_column av_one_full  flex_column_div av-zero-column-padding first  avia-builder-el-2  el_after_av_one_full  el_before_av_one_full  column-top-margin\" style='border-radius:0px; '><section class=\"av_textblock_section \"  itemscope=\"itemscope\" itemtype=\"https:\/\/schema.org\/BlogPosting\" itemprop=\"blogPost\" ><div class='avia_textblock  '   itemprop=\"text\" ><p style=\"text-align: center;\"><strong><span style=\"font-size: 18pt;\">Gobierno Regional fortalece v\u00ednculos con Comodoro Rivadavia para fomentar cooperaci\u00f3n en turismo<\/span><\/strong><\/p>\n<div id=\"gtx-trans\" style=\"position: absolute; left: -50px; top: 4.31534px;\">\n<div class=\"gtx-trans-icon\"><\/div>\n<\/div>\n<\/div><\/section><\/div><div class=\"flex_column av_one_full  flex_column_div av-zero-column-padding first  avia-builder-el-4  el_after_av_one_full  el_before_av_hr  column-top-margin\" style='border-radius:0px; '><section class=\"av_textblock_section \"  itemscope=\"itemscope\" itemtype=\"https:\/\/schema.org\/BlogPosting\" itemprop=\"blogPost\" ><div class='avia_textblock  '   itemprop=\"text\" ><p dir=\"ltr\" style=\"text-align: justify;\">Este jueves el Gobierno Regional de Ays\u00e9n recibi\u00f3 a la Misi\u00f3n Comercial de Promoci\u00f3n Tur\u00edstica de Comodoro Rivadavia, en un encuentro organizado por el GORE Ays\u00e9n en conjunto al Servicio Nacional de Turismo (Sernatur).<\/p>\n<p dir=\"ltr\" style=\"text-align: justify;\">Se trat\u00f3 de una comitiva de funcionarios p\u00fablicos y representantes del sector privado de distintos rubros, como turismo, comercio y salud entre otros, encabezados por el viceintendente de Comodoro Rivadavia Maximiliano Sampaoli.<\/p>\n<p dir=\"ltr\" style=\"text-align: justify;\">La Gobernadora Regional Andrea Mac\u00edas Palma, asegur\u00f3 que tras los hechos de los \u00faltimos a\u00f1os, como la pandemia que azot\u00f3 profundamente a sectores productivos como el turismo \u00abhoy d\u00eda estamos en disposici\u00f3n de retomar todo este trabajo que se ven\u00eda desarrollando previo a la pandemia, con m\u00e1s fuerza, con m\u00e1s recursos, con mayores y mejores coordinaciones y con un Gobierno Regional con mayor grado de autonom\u00eda que va a permitir garantizar que los acuerdos que se puedan realizar puedan tener proyecci\u00f3n en el tiempo\u00bb.<\/p>\n<p dir=\"ltr\" style=\"text-align: justify;\">A su vez, el viceintendente Sampaoli agradeci\u00f3 al sector privado que compuso la comitiva trasandina. \u00abNosotros somos funcionarios p\u00fablicos temporales que debemos generar los espacios y abrir las puertas para que el sector privado, que es el motor de nuestras econom\u00edas pueda desarrollarse y de esa manera interactuar y generar el escenario posible y necesario para que nuestros pueblos crezcan d\u00eda a d\u00eda\u00bb, dijo.<\/p>\n<p dir=\"ltr\" style=\"text-align: justify;\">En esa misma l\u00ednea y desde el Gobierno de Chile, el seremi de Econom\u00eda Felipe Rojas coincidi\u00f3 en que \u00abnosotros trabajamos vinculando los distintos niveles de administraci\u00f3n que hay dentro del estado, pero ese v\u00ednculo tambi\u00e9n est\u00e1 muy fuertemente relacionado con el sector privado. En este caso nosotros vemos c\u00f3mo empresarios del otro lado de la frontera, desde Comodoro, llegan ac\u00e1 a ofrecer sus operaciones tur\u00edsticas, sus atractivos, y nosotros tambi\u00e9n esperamos ir durante agosto all\u00e1. este es un compromiso en la medida que el sector privado se fortalezca, podamos generar m\u00e1s desarrollo en ambos pa\u00edses con el fin de generar bienestar en las familias de Ays\u00e9n y de Argentina\u00bb.<\/p>\n<p dir=\"ltr\" style=\"text-align: justify;\">Varios de los integrantes de la misi\u00f3n integran los llamados entes aut\u00e1rquicos, que son organizaciones mixtas, que integran al estado y al sector privado en temas como el comercio el turismo.<\/p>\n<p dir=\"ltr\" style=\"text-align: justify;\">El gerente del ente de turismo, Eduardo Carrasco, destac\u00f3 la importancia de la visita de m\u00e1s de 60 personas en la misi\u00f3n comercial, ya que \u00abconsideramos la herramienta para que podamos integrar realmente nuestra regi\u00f3n. Somos Patagonia y creo que tenemos que estar convencidos de que esto es un gran potencial para cada una de las regiones. Estamos en un corredor muy cercano y en conjunto creo que vamos a tener un destino integrado y un circuito tur\u00edstico en conjunto entre las dos regiones\u00bb.<\/p>\n<p dir=\"ltr\" style=\"text-align: justify;\">Dentro de los acuerdos del encuentro, se considera la participaci\u00f3n del municipio de Comodoro Rivadavia en la pr\u00f3xima Expo Patagonia que organiza la municipalidad de Coyhaique, al mismo tiempo que la capital regional, Sernatur y el Gobierno Regional de Ays\u00e9n har\u00e1n lo mismo en la Expo Comodoro Rivadavia que se desarrollar\u00e1 en agosto.<\/p>\n<\/div><\/section><\/div><div  style='height:50px' class='hr hr-invisible   avia-builder-el-6  el_after_av_one_full  el_before_av_social_share '><span class='hr-inner ' ><span class='hr-inner-style'><\/span><\/span><\/div><\/p>\n<div  class='av-social-sharing-box  avia-builder-el-7  el_after_av_hr  el_before_av_hr  '><div class='av-share-box'><h5 class='av-share-link-description av-no-toc '>Compartir esta noticia<\/h5><ul class='av-share-box-list noLightbox'><li class='av-share-link av-social-link-facebook' ><a target=\"_blank\" aria-label=\"Compartir en Facebook\" href='https:\/\/www.facebook.com\/sharer.php?u=https:\/\/radiorevelacionfm.cl\/?p=42975&#038;t=Gobierno%20Regional%20fortalece%20v%C3%ADnculos%20con%20Comodoro%20Rivadavia%20para%20fomentar%20cooperaci%C3%B3n%20en%20turismo' aria-hidden='false' data-av_icon='\ue8f3' data-av_iconfont='entypo-fontello' title='' data-avia-related-tooltip='Compartir en Facebook' rel=\"noopener\"><span class='avia_hidden_link_text'>Compartir en Facebook<\/span><\/a><\/li><li class='av-share-link av-social-link-twitter' ><a target=\"_blank\" aria-label=\"Compartir en Twitter\" href='https:\/\/twitter.com\/share?text=Gobierno%20Regional%20fortalece%20v%C3%ADnculos%20con%20Comodoro%20Rivadavia%20para%20fomentar%20cooperaci%C3%B3n%20en%20turismo&#038;url=https:\/\/radiorevelacionfm.cl\/?p=42975' aria-hidden='false' data-av_icon='\ue8f1' data-av_iconfont='entypo-fontello' title='' data-avia-related-tooltip='Compartir en Twitter' rel=\"noopener\"><span class='avia_hidden_link_text'>Compartir en Twitter<\/span><\/a><\/li><li class='av-share-link av-social-link-whatsapp' ><a target=\"_blank\" aria-label=\"Compartir en Whatsapp\" href='https:\/\/api.whatsapp.com\/send?text=https:\/\/radiorevelacionfm.cl\/?p=42975' aria-hidden='false' data-av_icon='\uf232' data-av_iconfont='entypo-fontello' title='' data-avia-related-tooltip='Compartir en Whatsapp' rel=\"noopener\"><span class='avia_hidden_link_text'>Compartir en Whatsapp<\/span><\/a><\/li><li class='av-share-link av-social-link-linkedin' ><a target=\"_blank\" aria-label=\"Compartir en LinkedIn\" href='https:\/\/linkedin.com\/shareArticle?mini=true&#038;title=Gobierno%20Regional%20fortalece%20v%C3%ADnculos%20con%20Comodoro%20Rivadavia%20para%20fomentar%20cooperaci%C3%B3n%20en%20turismo&#038;url=https:\/\/radiorevelacionfm.cl\/?p=42975' aria-hidden='false' data-av_icon='\ue8fc' data-av_iconfont='entypo-fontello' title='' data-avia-related-tooltip='Compartir en LinkedIn' rel=\"noopener\"><span class='avia_hidden_link_text'>Compartir en LinkedIn<\/span><\/a><\/li><li class='av-share-link av-social-link-mail' ><a  aria-label=\"Compartir por correo\" href='mailto:?subject=Gobierno%20Regional%20fortalece%20v%C3%ADnculos%20con%20Comodoro%20Rivadavia%20para%20fomentar%20cooperaci%C3%B3n%20en%20turismo&#038;body=https:\/\/radiorevelacionfm.cl\/?p=42975' aria-hidden='false' data-av_icon='\ue805' data-av_iconfont='entypo-fontello' title='' data-avia-related-tooltip='Compartir por correo'><span class='avia_hidden_link_text'>Compartir por correo<\/span><\/a><\/li><\/ul><\/div><\/div>\n<div  style='height:50px' class='hr hr-invisible   avia-builder-el-8  el_after_av_social_share  el_before_av_comments_list '><span class='hr-inner ' ><span class='hr-inner-style'><\/span><\/span><\/div>\n<div  class='av-buildercomment  av-blog-meta-html-info-disabled av-blog-meta-tag-disabled  '><\/div>\n","protected":false},"excerpt":{"rendered":"","protected":false},"author":1,"featured_media":42976,"comment_status":"open","ping_status":"open","sticky":false,"template":"","format":"standard","meta":{"footnotes":""},"categories":[38],"tags":[],"class_list":["post-42975","post","type-post","status-publish","format-standard","has-post-thumbnail","hentry","category-regional"],"jetpack_featured_media_url":"https:\/\/radiorevelacionfm.cl\/wp-content\/uploads\/2024\/06\/whatsapp-image-2024-06-06-at-12_optimized.17.03-pm-1.jpeg","_links":{"self":[{"href":"https:\/\/radiorevelacionfm.cl\/index.php?rest_route=\/wp\/v2\/posts\/42975","targetHints":{"allow":["GET"]}}],"collection":[{"href":"https:\/\/radiorevelacionfm.cl\/index.php?rest_route=\/wp\/v2\/posts"}],"about":[{"href":"https:\/\/radiorevelacionfm.cl\/index.php?rest_route=\/wp\/v2\/types\/post"}],"author":[{"embeddable":true,"href":"https:\/\/radiorevelacionfm.cl\/index.php?rest_route=\/wp\/v2\/users\/1"}],"replies":[{"embeddable":true,"href":"https:\/\/radiorevelacionfm.cl\/index.php?rest_route=%2Fwp%2Fv2%2Fcomments&post=42975"}],"version-history":[{"count":1,"href":"https:\/\/radiorevelacionfm.cl\/index.php?rest_route=\/wp\/v2\/posts\/42975\/revisions"}],"predecessor-version":[{"id":42977,"href":"https:\/\/radiorevelacionfm.cl\/index.php?rest_route=\/wp\/v2\/posts\/42975\/revisions\/42977"}],"wp:featuredmedia":[{"embeddable":true,"href":"https:\/\/radiorevelacionfm.cl\/index.php?rest_route=\/wp\/v2\/media\/42976"}],"wp:attachment":[{"href":"https:\/\/radiorevelacionfm.cl\/index.php?rest_route=%2Fwp%2Fv2%2Fmedia&parent=42975"}],"wp:term":[{"taxonomy":"category","embeddable":true,"href":"https:\/\/radiorevelacionfm.cl\/index.php?rest_route=%2Fwp%2Fv2%2Fcategories&post=42975"},{"taxonomy":"post_tag","embeddable":true,"href":"https:\/\/radiorevelacionfm.cl\/index.php?rest_route=%2Fwp%2Fv2%2Ftags&post=42975"}],"curies":[{"name":"wp","href":"https:\/\/api.w.org\/{rel}","templated":true}]}}