{"id":42972,"date":"2024-06-08T20:08:25","date_gmt":"2024-06-08T23:08:25","guid":{"rendered":"https:\/\/radiorevelacionfm.cl\/?p=42972"},"modified":"2024-06-08T20:08:25","modified_gmt":"2024-06-08T23:08:25","slug":"gobernadora-macias-presenta-informe-de-participacion-ciudadana-pdze-y-da-inicio-a-proceso-de-diseno-de-cartera-de-inversiones","status":"publish","type":"post","link":"https:\/\/radiorevelacionfm.cl\/?p=42972","title":{"rendered":"Gobernadora Mac\u00edas presenta informe de Participaci\u00f3n Ciudadana PDZE y da inicio a proceso de dise\u00f1o de cartera de inversiones"},"content":{"rendered":"<div class=\"flex_column av_one_full  flex_column_div av-zero-column-padding first  avia-builder-el-0  el_before_av_one_full  avia-builder-el-first  \" style='border-radius:0px; '><div  class='avia-image-container  av-styling-    avia-builder-el-1  avia-builder-el-no-sibling  avia-align-center '  itemprop=\"image\" itemscope=\"itemscope\" itemtype=\"https:\/\/schema.org\/ImageObject\"  ><div class='avia-image-container-inner'><div class='avia-image-overlay-wrap'><img decoding=\"async\" class='wp-image-42973 avia-img-lazy-loading-not-42973 avia_image' src=\"https:\/\/radiorevelacionfm.cl\/wp-content\/uploads\/2024\/06\/WhatsApp-Image-2024-06-05-at-5.36.29-PM-4-1-1.jpeg\" alt='' title='WhatsApp Image 2024-06-05 at 5.36.29 PM (4) (1) (1)' height=\"600\" width=\"1178\"  itemprop=\"thumbnailUrl\" srcset=\"https:\/\/radiorevelacionfm.cl\/wp-content\/uploads\/2024\/06\/WhatsApp-Image-2024-06-05-at-5.36.29-PM-4-1-1.jpeg 1178w, https:\/\/radiorevelacionfm.cl\/wp-content\/uploads\/2024\/06\/WhatsApp-Image-2024-06-05-at-5.36.29-PM-4-1-1-300x153.jpeg 300w, https:\/\/radiorevelacionfm.cl\/wp-content\/uploads\/2024\/06\/WhatsApp-Image-2024-06-05-at-5.36.29-PM-4-1-1-1030x525.jpeg 1030w, https:\/\/radiorevelacionfm.cl\/wp-content\/uploads\/2024\/06\/WhatsApp-Image-2024-06-05-at-5.36.29-PM-4-1-1-768x391.jpeg 768w, https:\/\/radiorevelacionfm.cl\/wp-content\/uploads\/2024\/06\/WhatsApp-Image-2024-06-05-at-5.36.29-PM-4-1-1-705x359.jpeg 705w, https:\/\/radiorevelacionfm.cl\/wp-content\/uploads\/2024\/06\/WhatsApp-Image-2024-06-05-at-5.36.29-PM-4-1-1-450x229.jpeg 450w, https:\/\/radiorevelacionfm.cl\/wp-content\/uploads\/2024\/06\/WhatsApp-Image-2024-06-05-at-5.36.29-PM-4-1-1-600x306.jpeg 600w\" sizes=\"(max-width: 1178px) 100vw, 1178px\" \/><\/div><\/div><\/div><\/div><div class=\"flex_column av_one_full  flex_column_div av-zero-column-padding first  avia-builder-el-2  el_after_av_one_full  el_before_av_one_full  column-top-margin\" style='border-radius:0px; '><section class=\"av_textblock_section \"  itemscope=\"itemscope\" itemtype=\"https:\/\/schema.org\/BlogPosting\" itemprop=\"blogPost\" ><div class='avia_textblock  '   itemprop=\"text\" ><p style=\"text-align: center;\"><strong><span style=\"font-size: 18pt;\">Gobernadora Mac\u00edas presenta informe de Participaci\u00f3n Ciudadana PDZE y da inicio a proceso de dise\u00f1o de cartera de inversiones<\/span><\/strong><\/p>\n<div id=\"gtx-trans\" style=\"position: absolute; left: -50px; top: 4.31534px;\">\n<div class=\"gtx-trans-icon\"><\/div>\n<\/div>\n<\/div><\/section><\/div><div class=\"flex_column av_one_full  flex_column_div av-zero-column-padding first  avia-builder-el-4  el_after_av_one_full  el_before_av_hr  column-top-margin\" style='border-radius:0px; '><section class=\"av_textblock_section \"  itemscope=\"itemscope\" itemtype=\"https:\/\/schema.org\/BlogPosting\" itemprop=\"blogPost\" ><div class='avia_textblock  '   itemprop=\"text\" ><p dir=\"ltr\" style=\"text-align: justify;\"><em>La primera autoridad regional relev\u00f3 que las conversaciones con la ciudadan\u00eda arrojaron importantes conclusiones respecto de las necesidades de los territorios para impulsar el desarrollo de \u00e9stos<\/em>.<\/p>\n<p dir=\"ltr\" style=\"text-align: justify;\">Este mi\u00e9rcoles la Gobernadora Regional de la Regi\u00f3n de Ays\u00e9n, Andrea Mac\u00edas Palma encabez\u00f3 la presentaci\u00f3n del informe elaborado por el equipo t\u00e9cnico a cargo del Plan de Desarrollo de Zonas Extremas (PDZE) Ays\u00e9n 2024-2034, que se desprende de todo el proceso de di\u00e1logos de participaci\u00f3n ciudadana realizados entre enero y mayo de este a\u00f1o.<\/p>\n<p dir=\"ltr\" style=\"text-align: justify;\">Se realizaron 17 talleres territoriales de participaci\u00f3n ciudadana a lo largo de toda la regi\u00f3n, y se finaliz\u00f3 con un di\u00e1logo dirigido al sector privado con el fin de fortalecer la cooperaci\u00f3n p\u00fablico privada. Durante el mes de mayo se sumaron algunos encuentros focalizados para integrar a grupos prioritarios, como ni\u00f1os, ni\u00f1as, adolescentes y personas mayores y considerar sus voces.<\/p>\n<p dir=\"ltr\" style=\"text-align: justify;\">La Gobernadora Regional Andrea Mac\u00edas relev\u00f3 que con este insumo recogido desde la ciudadan\u00eda, a diferencia de la metodolog\u00eda del plan especial presentado en 2014, donde se impon\u00eda la infraestructura y la conectividad, hoy d\u00eda el subsistema de servicios sociales es aquel que est\u00e1 m\u00e1s demandado y donde la comunidad ha reconocido que existe una mayor brecha.<\/p>\n<p dir=\"ltr\" style=\"text-align: justify;\">\u00abCon esto nos referimos a los asentamientos humanos, a aquellas condiciones b\u00e1sicas que permiten la vida en un territorio. surge con mucha fuerza la necesidad de que tanto el litoral como los sectores rurales de distintas comunas de nuestra regi\u00f3n puedan acceder a servicios b\u00e1sicos para que de esta forma fomentar, colocar m\u00e1s valor a esos territorios y permitir que aumenten sus niveles de producci\u00f3n y de productividad\u00bb, afirm\u00f3 la primera autoridad regional.<\/p>\n<p dir=\"ltr\" style=\"text-align: justify;\">En total, participaron casi 1.200 vecinos y vecinas, dirigentes y ciudadanos y ciudadanas que pudieron entregar sus visiones en mesas tem\u00e1ticas de trabajo, dirigidas por profesionales del Gobierno Regional que orientaron la discusi\u00f3n en torno a cuatro subsistemas: Asentamientos Humanos; Infraestructura y Log\u00edstica; Natural; Econ\u00f3mico y Productivo; y dirigidos por la misma pregunta: \u00bfCu\u00e1les son las principales brechas o problem\u00e1ticas que enfrenta la Regi\u00f3n?<\/p>\n<p dir=\"ltr\" style=\"text-align: justify;\">Ante esto, la Consejera Regional Paula Acu\u00f1a, junto con valorar el trabajo de los profesionales del Gobierno Regional a cargo del proceso de Participaci\u00f3n Ciudadana, principalmente \u00abporque consideraron a grupos focalizados que com\u00fanmente en la pol\u00edtica p\u00fablica no se toman en consideraci\u00f3n, como son las infancias, los ni\u00f1os y ni\u00f1as, los j\u00f3venes y tambi\u00e9n las personas mayores\u00bb.<\/p>\n<p dir=\"ltr\" style=\"text-align: justify;\">\u00abEn realidad los di\u00e1logos dan cuenta de un diagn\u00f3stico importante a nivel regional en el cual nos tenemos que hacer cargo de diversas tem\u00e1ticas, entre ellas salud, conectividad y el plan de zonas extremas es un instrumento que viene justamente a dar soluciones efectivas a esos problemas que han sido hist\u00f3ricos en la Regi\u00f3n de Ays\u00e9n\u00bb, se\u00f1al\u00f3 la representante de la Provincia de Coyhaique.<\/p>\n<p dir=\"ltr\" style=\"text-align: justify;\">En esa l\u00ednea el jefe de la unidad regional de la Subsecretar\u00eda de Desarrollo Regional, Guillermo Mart\u00ednez, expres\u00f3 que la entrega del informe por parte de la Gobernadora Andrea Mac\u00edas, \u00abfue muy clarificante y decidor respecto de cu\u00e1les son las prioridades y necesidades de la ciudadan\u00eda, que de alguna manera significa que nos va a dar un insumo que es un cable a tierra para que la comunidad o los servicios puedan ajustarse en base a sus proyectos, a las necesidades de la ciudadan\u00eda, que nos ayuden y nos den una orientaci\u00f3n s\u00faper clara respecto a lo que la gente busca y lo que necesita\u00bb.<\/p>\n<p dir=\"ltr\" style=\"text-align: justify;\">El proceso de Participaci\u00f3n Ciudadana se realiz\u00f3 mediante una estructura de talleres y mesas tem\u00e1ticas, la que permiti\u00f3 un abordaje integral y participativo, permitiendo analizar y proponer soluciones espec\u00edficas para cada subsistema.<\/p>\n<p dir=\"ltr\" style=\"text-align: justify;\">En todas las instancias se generaron actas con las conclusiones de cada mesa y en base a esas actas se sistematizaron los resultados expuestos en el presente informe que abarcan los niveles: regional, provincial y por taller.<\/p>\n<p dir=\"ltr\" style=\"text-align: justify;\">A partir de este insumo, se dar\u00e1 paso a la definici\u00f3n de alternativas para resolver las problem\u00e1ticas levantadas por las comunidades a lo largo de toda la regi\u00f3n de Ays\u00e9n, las que ser\u00e1n abordadas en el Gobierno Regional, junto a los municipios y representantes del Gobierno Nacional.<\/p>\n<\/div><\/section><\/div><div  style='height:50px' class='hr hr-invisible   avia-builder-el-6  el_after_av_one_full  el_before_av_social_share '><span class='hr-inner ' ><span class='hr-inner-style'><\/span><\/span><\/div><\/p>\n<div  class='av-social-sharing-box  avia-builder-el-7  el_after_av_hr  el_before_av_hr  '><div class='av-share-box'><h5 class='av-share-link-description av-no-toc '>Compartir esta noticia<\/h5><ul class='av-share-box-list noLightbox'><li class='av-share-link av-social-link-facebook' ><a target=\"_blank\" aria-label=\"Compartir en Facebook\" href='https:\/\/www.facebook.com\/sharer.php?u=https:\/\/radiorevelacionfm.cl\/?p=42972&#038;t=Gobernadora%20Mac%C3%ADas%20presenta%20informe%20de%20Participaci%C3%B3n%20Ciudadana%20PDZE%20y%20da%20inicio%20a%20proceso%20de%20dise%C3%B1o%20de%20cartera%20de%20inversiones' aria-hidden='false' data-av_icon='\ue8f3' data-av_iconfont='entypo-fontello' title='' data-avia-related-tooltip='Compartir en Facebook' rel=\"noopener\"><span class='avia_hidden_link_text'>Compartir en Facebook<\/span><\/a><\/li><li class='av-share-link av-social-link-twitter' ><a target=\"_blank\" aria-label=\"Compartir en Twitter\" href='https:\/\/twitter.com\/share?text=Gobernadora%20Mac%C3%ADas%20presenta%20informe%20de%20Participaci%C3%B3n%20Ciudadana%20PDZE%20y%20da%20inicio%20a%20proceso%20de%20dise%C3%B1o%20de%20cartera%20de%20inversiones&#038;url=https:\/\/radiorevelacionfm.cl\/?p=42972' aria-hidden='false' data-av_icon='\ue8f1' data-av_iconfont='entypo-fontello' title='' data-avia-related-tooltip='Compartir en Twitter' rel=\"noopener\"><span class='avia_hidden_link_text'>Compartir en Twitter<\/span><\/a><\/li><li class='av-share-link av-social-link-whatsapp' ><a target=\"_blank\" aria-label=\"Compartir en Whatsapp\" href='https:\/\/api.whatsapp.com\/send?text=https:\/\/radiorevelacionfm.cl\/?p=42972' aria-hidden='false' data-av_icon='\uf232' data-av_iconfont='entypo-fontello' title='' data-avia-related-tooltip='Compartir en Whatsapp' rel=\"noopener\"><span class='avia_hidden_link_text'>Compartir en Whatsapp<\/span><\/a><\/li><li class='av-share-link av-social-link-linkedin' ><a target=\"_blank\" aria-label=\"Compartir en LinkedIn\" href='https:\/\/linkedin.com\/shareArticle?mini=true&#038;title=Gobernadora%20Mac%C3%ADas%20presenta%20informe%20de%20Participaci%C3%B3n%20Ciudadana%20PDZE%20y%20da%20inicio%20a%20proceso%20de%20dise%C3%B1o%20de%20cartera%20de%20inversiones&#038;url=https:\/\/radiorevelacionfm.cl\/?p=42972' aria-hidden='false' data-av_icon='\ue8fc' data-av_iconfont='entypo-fontello' title='' data-avia-related-tooltip='Compartir en LinkedIn' rel=\"noopener\"><span class='avia_hidden_link_text'>Compartir en LinkedIn<\/span><\/a><\/li><li class='av-share-link av-social-link-mail' ><a  aria-label=\"Compartir por correo\" href='mailto:?subject=Gobernadora%20Mac%C3%ADas%20presenta%20informe%20de%20Participaci%C3%B3n%20Ciudadana%20PDZE%20y%20da%20inicio%20a%20proceso%20de%20dise%C3%B1o%20de%20cartera%20de%20inversiones&#038;body=https:\/\/radiorevelacionfm.cl\/?p=42972' aria-hidden='false' data-av_icon='\ue805' data-av_iconfont='entypo-fontello' title='' data-avia-related-tooltip='Compartir por correo'><span class='avia_hidden_link_text'>Compartir por correo<\/span><\/a><\/li><\/ul><\/div><\/div>\n<div  style='height:50px' class='hr hr-invisible   avia-builder-el-8  el_after_av_social_share  el_before_av_comments_list '><span class='hr-inner ' ><span class='hr-inner-style'><\/span><\/span><\/div>\n<div  class='av-buildercomment  av-blog-meta-html-info-disabled av-blog-meta-tag-disabled  '><\/div>\n","protected":false},"excerpt":{"rendered":"","protected":false},"author":1,"featured_media":42973,"comment_status":"open","ping_status":"open","sticky":false,"template":"","format":"standard","meta":{"footnotes":""},"categories":[38],"tags":[],"class_list":["post-42972","post","type-post","status-publish","format-standard","has-post-thumbnail","hentry","category-regional"],"jetpack_featured_media_url":"https:\/\/radiorevelacionfm.cl\/wp-content\/uploads\/2024\/06\/WhatsApp-Image-2024-06-05-at-5.36.29-PM-4-1-1.jpeg","_links":{"self":[{"href":"https:\/\/radiorevelacionfm.cl\/index.php?rest_route=\/wp\/v2\/posts\/42972","targetHints":{"allow":["GET"]}}],"collection":[{"href":"https:\/\/radiorevelacionfm.cl\/index.php?rest_route=\/wp\/v2\/posts"}],"about":[{"href":"https:\/\/radiorevelacionfm.cl\/index.php?rest_route=\/wp\/v2\/types\/post"}],"author":[{"embeddable":true,"href":"https:\/\/radiorevelacionfm.cl\/index.php?rest_route=\/wp\/v2\/users\/1"}],"replies":[{"embeddable":true,"href":"https:\/\/radiorevelacionfm.cl\/index.php?rest_route=%2Fwp%2Fv2%2Fcomments&post=42972"}],"version-history":[{"count":1,"href":"https:\/\/radiorevelacionfm.cl\/index.php?rest_route=\/wp\/v2\/posts\/42972\/revisions"}],"predecessor-version":[{"id":42974,"href":"https:\/\/radiorevelacionfm.cl\/index.php?rest_route=\/wp\/v2\/posts\/42972\/revisions\/42974"}],"wp:featuredmedia":[{"embeddable":true,"href":"https:\/\/radiorevelacionfm.cl\/index.php?rest_route=\/wp\/v2\/media\/42973"}],"wp:attachment":[{"href":"https:\/\/radiorevelacionfm.cl\/index.php?rest_route=%2Fwp%2Fv2%2Fmedia&parent=42972"}],"wp:term":[{"taxonomy":"category","embeddable":true,"href":"https:\/\/radiorevelacionfm.cl\/index.php?rest_route=%2Fwp%2Fv2%2Fcategories&post=42972"},{"taxonomy":"post_tag","embeddable":true,"href":"https:\/\/radiorevelacionfm.cl\/index.php?rest_route=%2Fwp%2Fv2%2Ftags&post=42972"}],"curies":[{"name":"wp","href":"https:\/\/api.w.org\/{rel}","templated":true}]}}