{"id":42969,"date":"2024-06-06T23:35:13","date_gmt":"2024-06-07T02:35:13","guid":{"rendered":"https:\/\/radiorevelacionfm.cl\/?p=42969"},"modified":"2024-06-06T23:35:13","modified_gmt":"2024-06-07T02:35:13","slug":"cchc-coyhaique-manifiesta-preocupacion-por-eventual-retraso-en-avance-del-proyecto-de-ampliacion-del-parque-eolico-baguales","status":"publish","type":"post","link":"https:\/\/radiorevelacionfm.cl\/?p=42969","title":{"rendered":"CChC Coyhaique manifiesta preocupaci\u00f3n por eventual retraso en avance del proyecto de ampliaci\u00f3n del parque e\u00f3lico baguales"},"content":{"rendered":"<div class=\"flex_column av_one_full  flex_column_div av-zero-column-padding first  avia-builder-el-0  el_before_av_one_full  avia-builder-el-first  \" style='border-radius:0px; '><div  class='avia-image-container  av-styling-    avia-builder-el-1  avia-builder-el-no-sibling  avia-align-center '  itemprop=\"image\" itemscope=\"itemscope\" itemtype=\"https:\/\/schema.org\/ImageObject\"  ><div class='avia-image-container-inner'><div class='avia-image-overlay-wrap'><img decoding=\"async\" class='wp-image-42970 avia-img-lazy-loading-not-42970 avia_image' src=\"https:\/\/radiorevelacionfm.cl\/wp-content\/uploads\/2024\/06\/parque-eolico-alto-baguales-1_optimized.jpg\" alt='' title='parque-eolico-alto-baguales-(1)_optimized' height=\"600\" width=\"1067\"  itemprop=\"thumbnailUrl\" srcset=\"https:\/\/radiorevelacionfm.cl\/wp-content\/uploads\/2024\/06\/parque-eolico-alto-baguales-1_optimized.jpg 1067w, https:\/\/radiorevelacionfm.cl\/wp-content\/uploads\/2024\/06\/parque-eolico-alto-baguales-1_optimized-300x169.jpg 300w, https:\/\/radiorevelacionfm.cl\/wp-content\/uploads\/2024\/06\/parque-eolico-alto-baguales-1_optimized-1030x579.jpg 1030w, https:\/\/radiorevelacionfm.cl\/wp-content\/uploads\/2024\/06\/parque-eolico-alto-baguales-1_optimized-768x432.jpg 768w, https:\/\/radiorevelacionfm.cl\/wp-content\/uploads\/2024\/06\/parque-eolico-alto-baguales-1_optimized-705x396.jpg 705w, https:\/\/radiorevelacionfm.cl\/wp-content\/uploads\/2024\/06\/parque-eolico-alto-baguales-1_optimized-450x253.jpg 450w, https:\/\/radiorevelacionfm.cl\/wp-content\/uploads\/2024\/06\/parque-eolico-alto-baguales-1_optimized-600x337.jpg 600w\" sizes=\"(max-width: 1067px) 100vw, 1067px\" \/><\/div><\/div><\/div><\/div><div class=\"flex_column av_one_full  flex_column_div av-zero-column-padding first  avia-builder-el-2  el_after_av_one_full  el_before_av_one_full  column-top-margin\" style='border-radius:0px; '><section class=\"av_textblock_section \"  itemscope=\"itemscope\" itemtype=\"https:\/\/schema.org\/BlogPosting\" itemprop=\"blogPost\" ><div class='avia_textblock  '   itemprop=\"text\" ><p style=\"text-align: center;\"><span style=\"font-size: 18pt;\"><strong>CChC Coyhaique manifiesta preocupaci\u00f3n por eventual retraso en avance del proyecto de ampliaci\u00f3n del parque e\u00f3lico baguales <\/strong><\/span><\/p>\n<div id=\"gtx-trans\" style=\"position: absolute; left: -50px; top: 4.31534px;\">\n<div class=\"gtx-trans-icon\"><\/div>\n<\/div>\n<\/div><\/section><\/div><div class=\"flex_column av_one_full  flex_column_div av-zero-column-padding first  avia-builder-el-4  el_after_av_one_full  el_before_av_hr  column-top-margin\" style='border-radius:0px; '><section class=\"av_textblock_section \"  itemscope=\"itemscope\" itemtype=\"https:\/\/schema.org\/BlogPosting\" itemprop=\"blogPost\" ><div class='avia_textblock  '   itemprop=\"text\" ><p style=\"text-align: justify;\"><em>La iniciativa, de la Empresa El\u00e9ctrica de Ays\u00e9n, fue presentada por la CChC Coyhaique al Presidente de la Rep\u00fablica como prioritaria para el crecimiento econ\u00f3mico y desarrollo local, contando adem\u00e1s con el apoyo del ministro de Energ\u00eda en su visita a la regi\u00f3n en mayo pasado.\u00a0 <\/em><\/p>\n<p style=\"text-align: justify;\">La C\u00e1mara Chilena de la Construcci\u00f3n Coyhaique, ve con preocupaci\u00f3n el retraso que podr\u00eda afectar a la ejecuci\u00f3n del proyecto de ampliaci\u00f3n del parque e\u00f3lico de alto baguales, esto, luego de constatar que se ingres\u00f3 una nueva reclamaci\u00f3n en su contra ante el Tercer Tribunal Ambiental de Valdivia.<\/p>\n<p style=\"text-align: justify;\">Seg\u00fan explic\u00f3 la presidenta del gremio de los constructores, Alejandra Alert, la persona que ingres\u00f3 estos antecedentes al tribunal, lo hizo esgrimiendo antecedentes que ya fueron descartados por el Servicio de Evaluaci\u00f3n Ambiental, por ello, \u201cNos parece grave que una nueva reclamaci\u00f3n pueda poner en riesgo, nuevamente, los trabajos para que este proyecto inicie sus obras y puesta en marcha el 2025, lo que sin duda afecta el crecimiento de la regi\u00f3n. M\u00e1s cuando esta reclamaci\u00f3n, que es reingresada, tiene los mismos argumentos ya rechazados por completo, por el Servicio de Evaluaci\u00f3n Ambiental de Ays\u00e9n\u201d, detall\u00f3.<\/p>\n<p style=\"text-align: justify;\">Alert, record\u00f3 que, a comienzos del mes de mayo, desde la CChC Coyhaique se entreg\u00f3 al Presidente de la Rep\u00fablica, Gabriel Boric, el detalle y situaci\u00f3n actual del proyecto, por ser considerado como una iniciativa de \u201calto impacto para la regi\u00f3n, su gente y para el desarrollo econ\u00f3mico del territorio\u201d, explic\u00f3.<\/p>\n<p style=\"text-align: justify;\">La entrega de estos antecedentes se gener\u00f3 en contexto de la semana de la Construcci\u00f3n, misma fecha en que el ministro de Energ\u00eda, Diego Pardow, visit\u00f3 por primera vez Ays\u00e9n. Ocasi\u00f3n en que conoci\u00f3 el proyecto, se reuni\u00f3 con la empresa a cargo y le entreg\u00f3 su respaldo, por considerarlo la iniciativa privada de m\u00e1s alta inversi\u00f3n en la regi\u00f3n y por su aporte a la generaci\u00f3n de energ\u00edas limpias.<\/p>\n<p style=\"text-align: justify;\">Respecto del proyecto, es importante explicar que cuenta con Resoluci\u00f3n de Calificaci\u00f3n Ambiental (RCA) favorable, la cual fue entregada por el Servicio de Evaluaci\u00f3n Ambiental (SEA) y su ejecuci\u00f3n es considerada como necesaria desde la CChC, pues favorecer\u00e1 el desarrollo de la regi\u00f3n, permitiendo por ejemplo, duplicar la capacidad de generaci\u00f3n energ\u00e9tica con tecnolog\u00edas renovables, lo que ser\u00e1 inyectado directamente al sistema mediano de Ays\u00e9n.<\/p>\n<p style=\"text-align: justify;\">Adicionalmente, este proyecto contempla un banco de bater\u00edas, que permitir\u00e1 mejorar el funcionamiento de la planta y dejar\u00e1 beneficios tales como: la descarbonizaci\u00f3n de la matriz energ\u00e9tica, mejorar la estabilidad del sistema el\u00e9ctrico, reducir la generaci\u00f3n con di\u00e9sel de alto costo y proveer de energ\u00eda a nuevos proyectos de infraestructura p\u00fablica y privada.<\/p>\n<p style=\"text-align: justify;\">\u201cEl Presidente en su cuenta p\u00fablica, hizo un llamado a las empresas privadas a invertir en el pa\u00eds, sin embargo este tipo de situaciones no aportan a esa finalidad. Por ello consideramos importante que las autoridades, vecinos y actores sociales, tomen conciencia de la necesidad de avanzar con este proyecto, que adem\u00e1s de dar respuesta a la creciente demanda de energ\u00eda, entrega un beneficio concreto para la descontaminaci\u00f3n de Coyhaique, ya que permite sostener tarifas adecuadas para climatizaci\u00f3n y calefacci\u00f3n el\u00e9ctrica\u201d, finaliz\u00f3 Alejandra Alert.<\/p>\n<\/div><\/section><\/div><div  style='height:50px' class='hr hr-invisible   avia-builder-el-6  el_after_av_one_full  el_before_av_social_share '><span class='hr-inner ' ><span class='hr-inner-style'><\/span><\/span><\/div><\/p>\n<div  class='av-social-sharing-box  avia-builder-el-7  el_after_av_hr  el_before_av_hr  '><div class='av-share-box'><h5 class='av-share-link-description av-no-toc '>Compartir esta noticia<\/h5><ul class='av-share-box-list noLightbox'><li class='av-share-link av-social-link-facebook' ><a target=\"_blank\" aria-label=\"Compartir en Facebook\" href='https:\/\/www.facebook.com\/sharer.php?u=https:\/\/radiorevelacionfm.cl\/?p=42969&#038;t=CChC%20Coyhaique%20manifiesta%20preocupaci%C3%B3n%20por%20eventual%20retraso%20en%20avance%20del%20proyecto%20de%20ampliaci%C3%B3n%20del%20parque%20e%C3%B3lico%20baguales' aria-hidden='false' data-av_icon='\ue8f3' data-av_iconfont='entypo-fontello' title='' data-avia-related-tooltip='Compartir en Facebook' rel=\"noopener\"><span class='avia_hidden_link_text'>Compartir en Facebook<\/span><\/a><\/li><li class='av-share-link av-social-link-twitter' ><a target=\"_blank\" aria-label=\"Compartir en Twitter\" href='https:\/\/twitter.com\/share?text=CChC%20Coyhaique%20manifiesta%20preocupaci%C3%B3n%20por%20eventual%20retraso%20en%20avance%20del%20proyecto%20de%20ampliaci%C3%B3n%20del%20parque%20e%C3%B3lico%20baguales&#038;url=https:\/\/radiorevelacionfm.cl\/?p=42969' aria-hidden='false' data-av_icon='\ue8f1' data-av_iconfont='entypo-fontello' title='' data-avia-related-tooltip='Compartir en Twitter' rel=\"noopener\"><span class='avia_hidden_link_text'>Compartir en Twitter<\/span><\/a><\/li><li class='av-share-link av-social-link-whatsapp' ><a target=\"_blank\" aria-label=\"Compartir en Whatsapp\" href='https:\/\/api.whatsapp.com\/send?text=https:\/\/radiorevelacionfm.cl\/?p=42969' aria-hidden='false' data-av_icon='\uf232' data-av_iconfont='entypo-fontello' title='' data-avia-related-tooltip='Compartir en Whatsapp' rel=\"noopener\"><span class='avia_hidden_link_text'>Compartir en Whatsapp<\/span><\/a><\/li><li class='av-share-link av-social-link-linkedin' ><a target=\"_blank\" aria-label=\"Compartir en LinkedIn\" href='https:\/\/linkedin.com\/shareArticle?mini=true&#038;title=CChC%20Coyhaique%20manifiesta%20preocupaci%C3%B3n%20por%20eventual%20retraso%20en%20avance%20del%20proyecto%20de%20ampliaci%C3%B3n%20del%20parque%20e%C3%B3lico%20baguales&#038;url=https:\/\/radiorevelacionfm.cl\/?p=42969' aria-hidden='false' data-av_icon='\ue8fc' data-av_iconfont='entypo-fontello' title='' data-avia-related-tooltip='Compartir en LinkedIn' rel=\"noopener\"><span class='avia_hidden_link_text'>Compartir en LinkedIn<\/span><\/a><\/li><li class='av-share-link av-social-link-mail' ><a  aria-label=\"Compartir por correo\" href='mailto:?subject=CChC%20Coyhaique%20manifiesta%20preocupaci%C3%B3n%20por%20eventual%20retraso%20en%20avance%20del%20proyecto%20de%20ampliaci%C3%B3n%20del%20parque%20e%C3%B3lico%20baguales&#038;body=https:\/\/radiorevelacionfm.cl\/?p=42969' aria-hidden='false' data-av_icon='\ue805' data-av_iconfont='entypo-fontello' title='' data-avia-related-tooltip='Compartir por correo'><span class='avia_hidden_link_text'>Compartir por correo<\/span><\/a><\/li><\/ul><\/div><\/div>\n<div  style='height:50px' class='hr hr-invisible   avia-builder-el-8  el_after_av_social_share  el_before_av_comments_list '><span class='hr-inner ' ><span class='hr-inner-style'><\/span><\/span><\/div>\n<div  class='av-buildercomment  av-blog-meta-html-info-disabled av-blog-meta-tag-disabled  '><\/div>\n","protected":false},"excerpt":{"rendered":"","protected":false},"author":1,"featured_media":42970,"comment_status":"open","ping_status":"open","sticky":false,"template":"","format":"standard","meta":{"footnotes":""},"categories":[38],"tags":[],"class_list":["post-42969","post","type-post","status-publish","format-standard","has-post-thumbnail","hentry","category-regional"],"jetpack_featured_media_url":"https:\/\/radiorevelacionfm.cl\/wp-content\/uploads\/2024\/06\/parque-eolico-alto-baguales-1_optimized.jpg","_links":{"self":[{"href":"https:\/\/radiorevelacionfm.cl\/index.php?rest_route=\/wp\/v2\/posts\/42969","targetHints":{"allow":["GET"]}}],"collection":[{"href":"https:\/\/radiorevelacionfm.cl\/index.php?rest_route=\/wp\/v2\/posts"}],"about":[{"href":"https:\/\/radiorevelacionfm.cl\/index.php?rest_route=\/wp\/v2\/types\/post"}],"author":[{"embeddable":true,"href":"https:\/\/radiorevelacionfm.cl\/index.php?rest_route=\/wp\/v2\/users\/1"}],"replies":[{"embeddable":true,"href":"https:\/\/radiorevelacionfm.cl\/index.php?rest_route=%2Fwp%2Fv2%2Fcomments&post=42969"}],"version-history":[{"count":1,"href":"https:\/\/radiorevelacionfm.cl\/index.php?rest_route=\/wp\/v2\/posts\/42969\/revisions"}],"predecessor-version":[{"id":42971,"href":"https:\/\/radiorevelacionfm.cl\/index.php?rest_route=\/wp\/v2\/posts\/42969\/revisions\/42971"}],"wp:featuredmedia":[{"embeddable":true,"href":"https:\/\/radiorevelacionfm.cl\/index.php?rest_route=\/wp\/v2\/media\/42970"}],"wp:attachment":[{"href":"https:\/\/radiorevelacionfm.cl\/index.php?rest_route=%2Fwp%2Fv2%2Fmedia&parent=42969"}],"wp:term":[{"taxonomy":"category","embeddable":true,"href":"https:\/\/radiorevelacionfm.cl\/index.php?rest_route=%2Fwp%2Fv2%2Fcategories&post=42969"},{"taxonomy":"post_tag","embeddable":true,"href":"https:\/\/radiorevelacionfm.cl\/index.php?rest_route=%2Fwp%2Fv2%2Ftags&post=42969"}],"curies":[{"name":"wp","href":"https:\/\/api.w.org\/{rel}","templated":true}]}}