{"id":42966,"date":"2024-06-06T23:23:42","date_gmt":"2024-06-07T02:23:42","guid":{"rendered":"https:\/\/radiorevelacionfm.cl\/?p=42966"},"modified":"2024-06-06T23:23:42","modified_gmt":"2024-06-07T02:23:42","slug":"gobierno-confirma-todos-los-servicios-para-primarias-de-este-domingo","status":"publish","type":"post","link":"https:\/\/radiorevelacionfm.cl\/?p=42966","title":{"rendered":"Gobierno confirma todos los servicios para primarias de este domingo"},"content":{"rendered":"<div class=\"flex_column av_one_full  flex_column_div av-zero-column-padding first  avia-builder-el-0  el_before_av_one_full  avia-builder-el-first  \" style='border-radius:0px; '><div  class='avia-image-container  av-styling-    avia-builder-el-1  avia-builder-el-no-sibling  avia-align-center '  itemprop=\"image\" itemscope=\"itemscope\" itemtype=\"https:\/\/schema.org\/ImageObject\"  ><div class='avia-image-container-inner'><div class='avia-image-overlay-wrap'><img decoding=\"async\" class='wp-image-42967 avia-img-lazy-loading-not-42967 avia_image' src=\"https:\/\/radiorevelacionfm.cl\/wp-content\/uploads\/2024\/06\/img_20240606_113925_1-1_optimized.jpg\" alt='' title='img_20240606_113925_1-(1)_optimized' height=\"600\" width=\"1227\"  itemprop=\"thumbnailUrl\" srcset=\"https:\/\/radiorevelacionfm.cl\/wp-content\/uploads\/2024\/06\/img_20240606_113925_1-1_optimized.jpg 1227w, https:\/\/radiorevelacionfm.cl\/wp-content\/uploads\/2024\/06\/img_20240606_113925_1-1_optimized-300x147.jpg 300w, https:\/\/radiorevelacionfm.cl\/wp-content\/uploads\/2024\/06\/img_20240606_113925_1-1_optimized-1030x504.jpg 1030w, https:\/\/radiorevelacionfm.cl\/wp-content\/uploads\/2024\/06\/img_20240606_113925_1-1_optimized-768x376.jpg 768w, https:\/\/radiorevelacionfm.cl\/wp-content\/uploads\/2024\/06\/img_20240606_113925_1-1_optimized-705x345.jpg 705w, https:\/\/radiorevelacionfm.cl\/wp-content\/uploads\/2024\/06\/img_20240606_113925_1-1_optimized-450x220.jpg 450w, https:\/\/radiorevelacionfm.cl\/wp-content\/uploads\/2024\/06\/img_20240606_113925_1-1_optimized-600x293.jpg 600w\" sizes=\"(max-width: 1227px) 100vw, 1227px\" \/><\/div><\/div><\/div><\/div><div class=\"flex_column av_one_full  flex_column_div av-zero-column-padding first  avia-builder-el-2  el_after_av_one_full  el_before_av_one_full  column-top-margin\" style='border-radius:0px; '><section class=\"av_textblock_section \"  itemscope=\"itemscope\" itemtype=\"https:\/\/schema.org\/BlogPosting\" itemprop=\"blogPost\" ><div class='avia_textblock  '   itemprop=\"text\" ><p style=\"text-align: center;\"><span style=\"font-size: 18pt;\"><b>Gobierno confirma todos los servicios para primarias de este domingo<\/b><\/span><\/p>\n<div id=\"gtx-trans\" style=\"position: absolute; left: -50px; top: 4.31534px;\">\n<div class=\"gtx-trans-icon\"><\/div>\n<\/div>\n<\/div><\/section><\/div><div class=\"flex_column av_one_full  flex_column_div av-zero-column-padding first  avia-builder-el-4  el_after_av_one_full  el_before_av_hr  column-top-margin\" style='border-radius:0px; '><section class=\"av_textblock_section \"  itemscope=\"itemscope\" itemtype=\"https:\/\/schema.org\/BlogPosting\" itemprop=\"blogPost\" ><div class='avia_textblock  '   itemprop=\"text\" ><p style=\"font-weight: 400; text-align: justify;\">Un total de 34 locales de votaci\u00f3n y 118 mesas de sufragio funcionar\u00e1n este domingo en la regi\u00f3n de Ays\u00e9n, con motivo de las elecciones primarias de Gobernadores Regionales y Alcaldes para los comicios del 27 de octubre, donde se elegir\u00e1 a alcaldes, concejales, gobernadores y consejeros regionales.<\/p>\n<p style=\"font-weight: 400; text-align: justify;\">El proceso de este domingo es \u00a0voluntario y est\u00e1 dirigido a independientes y los afiliados a los partidos pol\u00edticos que pactaron en las Primarias, indic\u00f3 el Delegado Presidencial Regional, Rodrigo Araya, tras reunirse con Servel, Seremi de Transportes y Telecomunicaciones, Ej\u00e9rcito, Carabineros, PDI y Registro Civil, entre otros servicios.<\/p>\n<p style=\"font-weight: 400; text-align: justify;\">\u201cEst\u00e1 todo dispuesto para que el proceso se pueda realizar sin ning\u00fan problema. Este es un proceso voluntario, por lo que las personas no necesitan ir a excusarse a Carabineros. Hay 34 locales de votaci\u00f3n instalados en la regi\u00f3n y el sistema de transporte va a seguir funcionando seg\u00fan sus itinerarios, adem\u00e1s de algunos viajes privados que se van a difundir en redes para que las personas puedan planificar su asistencia\u201d, indic\u00f3.<\/p>\n<p style=\"font-weight: 400; text-align: justify;\">El director regional del Servel, N\u00e9stor Sep\u00falveda, a\u00f1adi\u00f3 que \u201cesta es una elecci\u00f3n primaria, que es un mecanismo que est\u00e1 utilizando el Pacto Chile Vamos, exclusivamente en la Regi\u00f3n de Ays\u00e9n. Eso hace que la convocatoria sea inferior en cuanto al n\u00famero de electores. Hicimos una reducci\u00f3n de locales de votaci\u00f3n, reduciendo a cuatro en la capital regional y a dos en la comuna de Ays\u00e9n. Por eso, solicitamos a los votantes que ingresen a la p\u00e1gina web del Servel para verificar si se encuentran habilitados para ejercer el derecho a sufragio y si han sido designados miembros de un colegio escrutador o como vocal de mesa\u201d.<\/p>\n<p style=\"font-weight: 400; text-align: justify;\">El coronel Jos\u00e9 Pereira Y\u00e1\u00f1ez, Jefe de Fuerza reemplazante, indic\u00f3 que \u201cel Ej\u00e9rcito est\u00e1 apoyando con todo su personal para que las votaciones se desarrollen en forma normal. A partir de las nueve de la ma\u00f1ana van a estar los efectivos \u2013hombres y mujeres- en los locales de votaci\u00f3n, con la finalidad de que el d\u00eda domingo, que son las votaciones, estas se desarrollen en forma normal, las personas lo hagan con toda tranquilidad y se desarrollen con el apoyo del Ej\u00e9rcito como instituci\u00f3n\u201d.<\/p>\n<p style=\"font-weight: 400; text-align: justify;\">Por su parte, el Jefe de XI Zona de Carabineros, general Patricio Santos, a\u00f1adi\u00f3 que \u201cCarabineros trabaja en todas aquellas materias de custodia del material, posteriormente, a la ejecuci\u00f3n del procedimiento eleccionario y, finalmente, con los colegios escrutadores. Carabineros tiene comprometidos cerca de 110 funcionarios en los 34 locales de votaci\u00f3n y esperamos que la jornada se desarrolle con tranquilidad, con el comportamiento c\u00edvico que se acostumbra en la regi\u00f3n<\/p>\n<p style=\"font-weight: 400; text-align: justify;\">En la regi\u00f3n de Ays\u00e9n, los locales de votaci\u00f3n dispuestos por comuna son:<\/p>\n<ul style=\"text-align: justify;\">\n<li style=\"font-weight: 400;\">Ays\u00e9n: Escuela Almirante Simpson, Escuela B\u00e1sica Litoral Austral, Escuela Pedro Aguirre Cerda, Escuela Poetisa Gabriela Mistral y Liceo Ma\u00f1ihuales.<\/li>\n<li style=\"font-weight: 400;\">Chile Chico: Escuela B\u00e1sica de Chile Chico, Escuela Libertador Bernardo O\u00b4Higgins Riquelme y Escuela Tulio Burgos Rivera<\/li>\n<li style=\"font-weight: 400;\">Cisnes: Escuela Amanda Labarca Huberstone, Escuela Eusebio Ibar Schepeler, Escuela Hamburgo, Escuela Madre de la Divina Providencia y Liceo Arturo Prat Chac\u00f3n.<\/li>\n<li style=\"font-weight: 400;\">Cochrane: Liceo Bicentenario Austral Lord Cochrane<\/li>\n<li style=\"font-weight: 400;\">Coyhaique, Escuela Jose Antolin Silva Orme\u00f1o, Escuela Pedro Quintana Mansilla, Escuela, Rural Con Internado Rio Blanco, Escuela Rural Pablo Cea Vasquez, Escuela Rural Pablo Neruda, Escuela Rural Valle de La Luna, Escuela Rural Valle Simpson, Escuela Victor Domingo Silva, Liceo Josefina Aguirre Montenegro y Liceo Tecnico Profesional Profesor Ricardo Navarrete.<\/li>\n<li style=\"font-weight: 400;\">En Guaitecas, Liceo de Melinka.<\/li>\n<li style=\"font-weight: 400;\">En Lago Verde, Escuela con Internado Jose Miguel Carrera, Escuela Municipal Villa Amengual, Escuela Rural con Internado La Tapera.<\/li>\n<li style=\"font-weight: 400;\">En O\u00b4Higgins,\u00a0 Escuela Pioneros del Sur.<\/li>\n<li style=\"font-weight: 400;\">En R\u00edo Ib\u00e1\u00f1ez, Escuela Aonikenk, Escuela Gabriela Mistral, Escuela Rural Carretera Austral y Liceo Bicentenario Rural Cerro Castillo<\/li>\n<li style=\"font-weight: 400;\">En Tortel, Escuela Municipal Comandante Luis Bravo<\/li>\n<\/ul>\n<p style=\"font-weight: 400; text-align: justify;\">Por \u00faltimo, cabe se\u00f1alar que este s\u00e1bado 08 de junio finaliza el plazo para solicitar cambio de domicilio electoral para las elecciones del domingo 27 de octubre.<\/p>\n<\/div><\/section><\/div><div  style='height:50px' class='hr hr-invisible   avia-builder-el-6  el_after_av_one_full  el_before_av_social_share '><span class='hr-inner ' ><span class='hr-inner-style'><\/span><\/span><\/div><\/p>\n<div  class='av-social-sharing-box  avia-builder-el-7  el_after_av_hr  el_before_av_hr  '><div class='av-share-box'><h5 class='av-share-link-description av-no-toc '>Compartir esta noticia<\/h5><ul class='av-share-box-list noLightbox'><li class='av-share-link av-social-link-facebook' ><a target=\"_blank\" aria-label=\"Compartir en Facebook\" href='https:\/\/www.facebook.com\/sharer.php?u=https:\/\/radiorevelacionfm.cl\/?p=42966&#038;t=Gobierno%20confirma%20todos%20los%20servicios%20para%20primarias%20de%20este%20domingo' aria-hidden='false' data-av_icon='\ue8f3' data-av_iconfont='entypo-fontello' title='' data-avia-related-tooltip='Compartir en Facebook' rel=\"noopener\"><span class='avia_hidden_link_text'>Compartir en Facebook<\/span><\/a><\/li><li class='av-share-link av-social-link-twitter' ><a target=\"_blank\" aria-label=\"Compartir en Twitter\" href='https:\/\/twitter.com\/share?text=Gobierno%20confirma%20todos%20los%20servicios%20para%20primarias%20de%20este%20domingo&#038;url=https:\/\/radiorevelacionfm.cl\/?p=42966' aria-hidden='false' data-av_icon='\ue8f1' data-av_iconfont='entypo-fontello' title='' data-avia-related-tooltip='Compartir en Twitter' rel=\"noopener\"><span class='avia_hidden_link_text'>Compartir en Twitter<\/span><\/a><\/li><li class='av-share-link av-social-link-whatsapp' ><a target=\"_blank\" aria-label=\"Compartir en Whatsapp\" href='https:\/\/api.whatsapp.com\/send?text=https:\/\/radiorevelacionfm.cl\/?p=42966' aria-hidden='false' data-av_icon='\uf232' data-av_iconfont='entypo-fontello' title='' data-avia-related-tooltip='Compartir en Whatsapp' rel=\"noopener\"><span class='avia_hidden_link_text'>Compartir en Whatsapp<\/span><\/a><\/li><li class='av-share-link av-social-link-linkedin' ><a target=\"_blank\" aria-label=\"Compartir en LinkedIn\" href='https:\/\/linkedin.com\/shareArticle?mini=true&#038;title=Gobierno%20confirma%20todos%20los%20servicios%20para%20primarias%20de%20este%20domingo&#038;url=https:\/\/radiorevelacionfm.cl\/?p=42966' aria-hidden='false' data-av_icon='\ue8fc' data-av_iconfont='entypo-fontello' title='' data-avia-related-tooltip='Compartir en LinkedIn' rel=\"noopener\"><span class='avia_hidden_link_text'>Compartir en LinkedIn<\/span><\/a><\/li><li class='av-share-link av-social-link-mail' ><a  aria-label=\"Compartir por correo\" href='mailto:?subject=Gobierno%20confirma%20todos%20los%20servicios%20para%20primarias%20de%20este%20domingo&#038;body=https:\/\/radiorevelacionfm.cl\/?p=42966' aria-hidden='false' data-av_icon='\ue805' data-av_iconfont='entypo-fontello' title='' data-avia-related-tooltip='Compartir por correo'><span class='avia_hidden_link_text'>Compartir por correo<\/span><\/a><\/li><\/ul><\/div><\/div>\n<div  style='height:50px' class='hr hr-invisible   avia-builder-el-8  el_after_av_social_share  el_before_av_comments_list '><span class='hr-inner ' ><span class='hr-inner-style'><\/span><\/span><\/div>\n<div  class='av-buildercomment  av-blog-meta-html-info-disabled av-blog-meta-tag-disabled  '><\/div>\n","protected":false},"excerpt":{"rendered":"","protected":false},"author":1,"featured_media":42967,"comment_status":"open","ping_status":"open","sticky":false,"template":"","format":"standard","meta":{"footnotes":""},"categories":[38],"tags":[],"class_list":["post-42966","post","type-post","status-publish","format-standard","has-post-thumbnail","hentry","category-regional"],"jetpack_featured_media_url":"https:\/\/radiorevelacionfm.cl\/wp-content\/uploads\/2024\/06\/img_20240606_113925_1-1_optimized.jpg","_links":{"self":[{"href":"https:\/\/radiorevelacionfm.cl\/index.php?rest_route=\/wp\/v2\/posts\/42966","targetHints":{"allow":["GET"]}}],"collection":[{"href":"https:\/\/radiorevelacionfm.cl\/index.php?rest_route=\/wp\/v2\/posts"}],"about":[{"href":"https:\/\/radiorevelacionfm.cl\/index.php?rest_route=\/wp\/v2\/types\/post"}],"author":[{"embeddable":true,"href":"https:\/\/radiorevelacionfm.cl\/index.php?rest_route=\/wp\/v2\/users\/1"}],"replies":[{"embeddable":true,"href":"https:\/\/radiorevelacionfm.cl\/index.php?rest_route=%2Fwp%2Fv2%2Fcomments&post=42966"}],"version-history":[{"count":1,"href":"https:\/\/radiorevelacionfm.cl\/index.php?rest_route=\/wp\/v2\/posts\/42966\/revisions"}],"predecessor-version":[{"id":42968,"href":"https:\/\/radiorevelacionfm.cl\/index.php?rest_route=\/wp\/v2\/posts\/42966\/revisions\/42968"}],"wp:featuredmedia":[{"embeddable":true,"href":"https:\/\/radiorevelacionfm.cl\/index.php?rest_route=\/wp\/v2\/media\/42967"}],"wp:attachment":[{"href":"https:\/\/radiorevelacionfm.cl\/index.php?rest_route=%2Fwp%2Fv2%2Fmedia&parent=42966"}],"wp:term":[{"taxonomy":"category","embeddable":true,"href":"https:\/\/radiorevelacionfm.cl\/index.php?rest_route=%2Fwp%2Fv2%2Fcategories&post=42966"},{"taxonomy":"post_tag","embeddable":true,"href":"https:\/\/radiorevelacionfm.cl\/index.php?rest_route=%2Fwp%2Fv2%2Ftags&post=42966"}],"curies":[{"name":"wp","href":"https:\/\/api.w.org\/{rel}","templated":true}]}}