{"id":42960,"date":"2024-06-07T11:04:11","date_gmt":"2024-06-07T14:04:11","guid":{"rendered":"https:\/\/radiorevelacionfm.cl\/?p=42960"},"modified":"2024-06-07T11:04:11","modified_gmt":"2024-06-07T14:04:11","slug":"chile-cuida-en-aysen-autoridades-detallan-anuncio-presidencial-en-tres-ejes-centrales","status":"publish","type":"post","link":"https:\/\/radiorevelacionfm.cl\/?p=42960","title":{"rendered":"Chile Cuida: En Ays\u00e9n autoridades detallan anuncio presidencial en tres ejes centrales"},"content":{"rendered":"<div class=\"flex_column av_one_full  flex_column_div av-zero-column-padding first  avia-builder-el-0  el_before_av_one_full  avia-builder-el-first  \" style='border-radius:0px; '><div  class='avia-image-container  av-styling-    avia-builder-el-1  avia-builder-el-no-sibling  avia-align-center '  itemprop=\"image\" itemscope=\"itemscope\" itemtype=\"https:\/\/schema.org\/ImageObject\"  ><div class='avia-image-container-inner'><div class='avia-image-overlay-wrap'><img decoding=\"async\" class='wp-image-42961 avia-img-lazy-loading-not-42961 avia_image' src=\"https:\/\/radiorevelacionfm.cl\/wp-content\/uploads\/2024\/06\/adultosmayores-1_optimized.jpeg\" alt='' title='adultosmayores-(1)_optimized' height=\"600\" width=\"1067\"  itemprop=\"thumbnailUrl\" srcset=\"https:\/\/radiorevelacionfm.cl\/wp-content\/uploads\/2024\/06\/adultosmayores-1_optimized.jpeg 1067w, https:\/\/radiorevelacionfm.cl\/wp-content\/uploads\/2024\/06\/adultosmayores-1_optimized-300x169.jpeg 300w, https:\/\/radiorevelacionfm.cl\/wp-content\/uploads\/2024\/06\/adultosmayores-1_optimized-1030x579.jpeg 1030w, https:\/\/radiorevelacionfm.cl\/wp-content\/uploads\/2024\/06\/adultosmayores-1_optimized-768x432.jpeg 768w, https:\/\/radiorevelacionfm.cl\/wp-content\/uploads\/2024\/06\/adultosmayores-1_optimized-705x396.jpeg 705w, https:\/\/radiorevelacionfm.cl\/wp-content\/uploads\/2024\/06\/adultosmayores-1_optimized-450x253.jpeg 450w, https:\/\/radiorevelacionfm.cl\/wp-content\/uploads\/2024\/06\/adultosmayores-1_optimized-600x337.jpeg 600w\" sizes=\"(max-width: 1067px) 100vw, 1067px\" \/><\/div><\/div><\/div><\/div><div class=\"flex_column av_one_full  flex_column_div av-zero-column-padding first  avia-builder-el-2  el_after_av_one_full  el_before_av_one_full  column-top-margin\" style='border-radius:0px; '><section class=\"av_textblock_section \"  itemscope=\"itemscope\" itemtype=\"https:\/\/schema.org\/BlogPosting\" itemprop=\"blogPost\" ><div class='avia_textblock  '   itemprop=\"text\" ><p style=\"text-align: center;\"><strong><span style=\"font-size: 18pt;\">Chile Cuida: En Ays\u00e9n autoridades detallan anuncio presidencial en tres ejes centrales<\/span><\/strong><\/p>\n<div id=\"gtx-trans\" style=\"position: absolute; left: -50px; top: 4.31534px;\">\n<div class=\"gtx-trans-icon\"><\/div>\n<\/div>\n<\/div><\/section><\/div><div class=\"flex_column av_one_full  flex_column_div av-zero-column-padding first  avia-builder-el-4  el_after_av_one_full  el_before_av_hr  column-top-margin\" style='border-radius:0px; '><section class=\"av_textblock_section \"  itemscope=\"itemscope\" itemtype=\"https:\/\/schema.org\/BlogPosting\" itemprop=\"blogPost\" ><div class='avia_textblock  '   itemprop=\"text\" ><p style=\"text-align: justify;\"><em>El Proyecto de Ley que busca dar marco normativo al Chile Cuida incluye: Ventanilla \u00fanica Municipal, atenci\u00f3n universal a personas con dependencia severa, acceso gratuito en atenci\u00f3n de salud mental a cuidadores, entre otros.<\/em><\/p>\n<p style=\"text-align: justify;\">Con la puesta en marcha oficial del Sistema Nacional de Cuidados, Chile Cuida, la Seremi de Desarrollo Social y Familia en Ays\u00e9n Karina Acevedo dio a conocer los alcances regionales tras el anuncio presidencial en la Cuenta P\u00fablica.<\/p>\n<p style=\"text-align: justify;\">Al respecto la autoridad sectorial enfatiz\u00f3 en que \u00abEl Sistema Nacional de Apoyos y Cuidados Chile Cuida ya es una realidad que ingresa como un cuarto pilar de la protecci\u00f3n social y ordenar\u00e1 y ampliar\u00e1 los actuales servicios, reconociendo y garantizando progresivamente el derecho al cuidado. Adem\u00e1s, en los pr\u00f3ximos d\u00edas, nuestro Gobierno ingresar\u00e1 el proyecto de ley que reconoce el derecho al cuidado en tres formas: derecho a cuidar, a ser cuidado y al autocuidado, porque tal como lo ha dicho de forma enf\u00e1tica el Presidente Boric ya es hora de reconocer que el trabajo de cuidados remunerado y no remunerado tambi\u00e9n cumple una funci\u00f3n social y econ\u00f3mica que contribuye al desarrollo del pa\u00eds y por supuesto al de nuestra regi\u00f3n de Ays\u00e9n\u00bb.<\/p>\n<p style=\"text-align: justify;\">Este sistema con su entrada en funcionamiento, permitir\u00e1 que personas cuidadoras puedan acceder de forma preferente a trav\u00e9s de la credencial que les reconoce el rol, a atenciones en diferentes servicios p\u00fablicos y tambi\u00e9n se garantizar\u00e1 atenciones gratuitas en cuanto a salud mental. Adicionalmente en el proyecto de ley que se despachar\u00e1 al Congreso para dotar de marco institucional al Chile Cuida, se crear\u00e1 una ventanilla \u00danica Municipal para que las personas cuidadoras puedan realizar sus tr\u00e1mites de forma eficiente en un solo lugar y por otro lado se entregar\u00e1 atenci\u00f3n universal a personas con dependencia severa en la regi\u00f3n de Ays\u00e9n, as\u00ed como en el resto del pa\u00eds.<\/p>\n<p style=\"text-align: justify;\">Destacando que los cuidados pasar\u00e1n a tener la misma relevancia que otros \u00e1mbitos sociales como educaci\u00f3n, salud y pensiones, el Vocero de Gobierno Seremi (S) Tom\u00e1s Laibe se\u00f1al\u00f3 \u00abTenemos que subrayar que esta es una pol\u00edtica desde sus inicios con participaci\u00f3n ciudadana, porque eso es lo que busca nuestro gobierno y sobre todo en esta materia, donde es importante que las personas que cuidan no se sientan solos, que su mirada vale, que tienen derechos y que por sobre todo el Estado velar\u00e1 por ello\u00bb. \u00a0Agregando que \u00abEsperamos que este proyecto de ley tenga una r\u00e1pida aprobaci\u00f3n en donde nuestros parlamentarios ya han expresado su compromiso, porque saben que la realidad de nuestro territorio es muy compleja en cuanto al Cuidado y que se necesita con urgencia dar garant\u00edas al respecto\u00bb.<\/p>\n<p style=\"text-align: justify;\">El Sistema Nacional de Apoyos y Cuidados Chile Cuida, busca brindar mayor bienestar a las personas que cuidan y a quienes requieren cuidados en tres dimensiones: superar la desigualdad, enfrentar la p\u00e9rdida de libertad y promover la autonom\u00eda.<\/p>\n<p style=\"text-align: justify;\">Finalmente, y a trav\u00e9s de la Red Local de Apoyos y Cuidados que se encuentra disponible en 4 comunas de la regi\u00f3n de Ays\u00e9n (Guaitecas, Lago Verde, Coyhaique y R\u00edo Ib\u00e1\u00f1ez) se apoya a personas que tienen dependencia severa y moderada con servicios de atenci\u00f3n domiciliaria y especializada, pero a la vez se disminuye la sobre carga de sus cuidadores con tiempos de autocuidado y \u00abrespiros\u00bb. Actualmente la atenci\u00f3n de la Red en la regi\u00f3n de Ays\u00e9n llega a 116 beneficiarios con un monto de inversi\u00f3n de $235.160.870 y se ampliar\u00e1 a dos comunas m\u00e1s (Cochrane y Tortel) llegando a 30 nuevos beneficiarios con un presupuesto para su instalaci\u00f3n de $62.188.040 en este 2024.<\/p>\n<\/div><\/section><\/div><div  style='height:50px' class='hr hr-invisible   avia-builder-el-6  el_after_av_one_full  el_before_av_social_share '><span class='hr-inner ' ><span class='hr-inner-style'><\/span><\/span><\/div><\/p>\n<div  class='av-social-sharing-box  avia-builder-el-7  el_after_av_hr  el_before_av_hr  '><div class='av-share-box'><h5 class='av-share-link-description av-no-toc '>Compartir esta noticia<\/h5><ul class='av-share-box-list noLightbox'><li class='av-share-link av-social-link-facebook' ><a target=\"_blank\" aria-label=\"Compartir en Facebook\" href='https:\/\/www.facebook.com\/sharer.php?u=https:\/\/radiorevelacionfm.cl\/?p=42960&#038;t=Chile%20Cuida%3A%20En%20Ays%C3%A9n%20autoridades%20detallan%20anuncio%20presidencial%20en%20tres%20ejes%20centrales' aria-hidden='false' data-av_icon='\ue8f3' data-av_iconfont='entypo-fontello' title='' data-avia-related-tooltip='Compartir en Facebook' rel=\"noopener\"><span class='avia_hidden_link_text'>Compartir en Facebook<\/span><\/a><\/li><li class='av-share-link av-social-link-twitter' ><a target=\"_blank\" aria-label=\"Compartir en Twitter\" href='https:\/\/twitter.com\/share?text=Chile%20Cuida%3A%20En%20Ays%C3%A9n%20autoridades%20detallan%20anuncio%20presidencial%20en%20tres%20ejes%20centrales&#038;url=https:\/\/radiorevelacionfm.cl\/?p=42960' aria-hidden='false' data-av_icon='\ue8f1' data-av_iconfont='entypo-fontello' title='' data-avia-related-tooltip='Compartir en Twitter' rel=\"noopener\"><span class='avia_hidden_link_text'>Compartir en Twitter<\/span><\/a><\/li><li class='av-share-link av-social-link-whatsapp' ><a target=\"_blank\" aria-label=\"Compartir en Whatsapp\" href='https:\/\/api.whatsapp.com\/send?text=https:\/\/radiorevelacionfm.cl\/?p=42960' aria-hidden='false' data-av_icon='\uf232' data-av_iconfont='entypo-fontello' title='' data-avia-related-tooltip='Compartir en Whatsapp' rel=\"noopener\"><span class='avia_hidden_link_text'>Compartir en Whatsapp<\/span><\/a><\/li><li class='av-share-link av-social-link-linkedin' ><a target=\"_blank\" aria-label=\"Compartir en LinkedIn\" href='https:\/\/linkedin.com\/shareArticle?mini=true&#038;title=Chile%20Cuida%3A%20En%20Ays%C3%A9n%20autoridades%20detallan%20anuncio%20presidencial%20en%20tres%20ejes%20centrales&#038;url=https:\/\/radiorevelacionfm.cl\/?p=42960' aria-hidden='false' data-av_icon='\ue8fc' data-av_iconfont='entypo-fontello' title='' data-avia-related-tooltip='Compartir en LinkedIn' rel=\"noopener\"><span class='avia_hidden_link_text'>Compartir en LinkedIn<\/span><\/a><\/li><li class='av-share-link av-social-link-mail' ><a  aria-label=\"Compartir por correo\" href='mailto:?subject=Chile%20Cuida%3A%20En%20Ays%C3%A9n%20autoridades%20detallan%20anuncio%20presidencial%20en%20tres%20ejes%20centrales&#038;body=https:\/\/radiorevelacionfm.cl\/?p=42960' aria-hidden='false' data-av_icon='\ue805' data-av_iconfont='entypo-fontello' title='' data-avia-related-tooltip='Compartir por correo'><span class='avia_hidden_link_text'>Compartir por correo<\/span><\/a><\/li><\/ul><\/div><\/div>\n<div  style='height:50px' class='hr hr-invisible   avia-builder-el-8  el_after_av_social_share  el_before_av_comments_list '><span class='hr-inner ' ><span class='hr-inner-style'><\/span><\/span><\/div>\n<div  class='av-buildercomment  av-blog-meta-html-info-disabled av-blog-meta-tag-disabled  '><\/div>\n","protected":false},"excerpt":{"rendered":"","protected":false},"author":1,"featured_media":42961,"comment_status":"open","ping_status":"open","sticky":false,"template":"","format":"standard","meta":{"footnotes":""},"categories":[38],"tags":[],"class_list":["post-42960","post","type-post","status-publish","format-standard","has-post-thumbnail","hentry","category-regional"],"jetpack_featured_media_url":"https:\/\/radiorevelacionfm.cl\/wp-content\/uploads\/2024\/06\/adultosmayores-1_optimized.jpeg","_links":{"self":[{"href":"https:\/\/radiorevelacionfm.cl\/index.php?rest_route=\/wp\/v2\/posts\/42960","targetHints":{"allow":["GET"]}}],"collection":[{"href":"https:\/\/radiorevelacionfm.cl\/index.php?rest_route=\/wp\/v2\/posts"}],"about":[{"href":"https:\/\/radiorevelacionfm.cl\/index.php?rest_route=\/wp\/v2\/types\/post"}],"author":[{"embeddable":true,"href":"https:\/\/radiorevelacionfm.cl\/index.php?rest_route=\/wp\/v2\/users\/1"}],"replies":[{"embeddable":true,"href":"https:\/\/radiorevelacionfm.cl\/index.php?rest_route=%2Fwp%2Fv2%2Fcomments&post=42960"}],"version-history":[{"count":1,"href":"https:\/\/radiorevelacionfm.cl\/index.php?rest_route=\/wp\/v2\/posts\/42960\/revisions"}],"predecessor-version":[{"id":42962,"href":"https:\/\/radiorevelacionfm.cl\/index.php?rest_route=\/wp\/v2\/posts\/42960\/revisions\/42962"}],"wp:featuredmedia":[{"embeddable":true,"href":"https:\/\/radiorevelacionfm.cl\/index.php?rest_route=\/wp\/v2\/media\/42961"}],"wp:attachment":[{"href":"https:\/\/radiorevelacionfm.cl\/index.php?rest_route=%2Fwp%2Fv2%2Fmedia&parent=42960"}],"wp:term":[{"taxonomy":"category","embeddable":true,"href":"https:\/\/radiorevelacionfm.cl\/index.php?rest_route=%2Fwp%2Fv2%2Fcategories&post=42960"},{"taxonomy":"post_tag","embeddable":true,"href":"https:\/\/radiorevelacionfm.cl\/index.php?rest_route=%2Fwp%2Fv2%2Ftags&post=42960"}],"curies":[{"name":"wp","href":"https:\/\/api.w.org\/{rel}","templated":true}]}}