{"id":42957,"date":"2024-06-07T10:55:35","date_gmt":"2024-06-07T13:55:35","guid":{"rendered":"https:\/\/radiorevelacionfm.cl\/?p=42957"},"modified":"2024-06-07T10:55:35","modified_gmt":"2024-06-07T13:55:35","slug":"destacan-articulacion-de-injuv-y-prodemu-a-traves-del-programa-juntas-crecemos","status":"publish","type":"post","link":"https:\/\/radiorevelacionfm.cl\/?p=42957","title":{"rendered":"Destacan articulaci\u00f3n de INJUV y PRODEMU a trav\u00e9s del Programa \u201cJuntas Crecemos\u201d"},"content":{"rendered":"<div class=\"flex_column av_one_full  flex_column_div av-zero-column-padding first  avia-builder-el-0  el_before_av_one_full  avia-builder-el-first  \" style='border-radius:0px; '><div  class='avia-image-container  av-styling-    avia-builder-el-1  avia-builder-el-no-sibling  avia-align-center '  itemprop=\"image\" itemscope=\"itemscope\" itemtype=\"https:\/\/schema.org\/ImageObject\"  ><div class='avia-image-container-inner'><div class='avia-image-overlay-wrap'><img decoding=\"async\" class='wp-image-42958 avia-img-lazy-loading-not-42958 avia_image' src=\"https:\/\/radiorevelacionfm.cl\/wp-content\/uploads\/2024\/06\/WhatsApp-Image-2024-05-30-at-10.17.36-2-1.jpeg\" alt='' title='WhatsApp Image 2024-05-30 at 10.17.36 (2) (1)' height=\"600\" width=\"953\"  itemprop=\"thumbnailUrl\" srcset=\"https:\/\/radiorevelacionfm.cl\/wp-content\/uploads\/2024\/06\/WhatsApp-Image-2024-05-30-at-10.17.36-2-1.jpeg 953w, https:\/\/radiorevelacionfm.cl\/wp-content\/uploads\/2024\/06\/WhatsApp-Image-2024-05-30-at-10.17.36-2-1-300x189.jpeg 300w, https:\/\/radiorevelacionfm.cl\/wp-content\/uploads\/2024\/06\/WhatsApp-Image-2024-05-30-at-10.17.36-2-1-768x484.jpeg 768w, https:\/\/radiorevelacionfm.cl\/wp-content\/uploads\/2024\/06\/WhatsApp-Image-2024-05-30-at-10.17.36-2-1-705x444.jpeg 705w, https:\/\/radiorevelacionfm.cl\/wp-content\/uploads\/2024\/06\/WhatsApp-Image-2024-05-30-at-10.17.36-2-1-450x283.jpeg 450w, https:\/\/radiorevelacionfm.cl\/wp-content\/uploads\/2024\/06\/WhatsApp-Image-2024-05-30-at-10.17.36-2-1-600x378.jpeg 600w\" sizes=\"(max-width: 953px) 100vw, 953px\" \/><\/div><\/div><\/div><\/div><div class=\"flex_column av_one_full  flex_column_div av-zero-column-padding first  avia-builder-el-2  el_after_av_one_full  el_before_av_one_full  column-top-margin\" style='border-radius:0px; '><section class=\"av_textblock_section \"  itemscope=\"itemscope\" itemtype=\"https:\/\/schema.org\/BlogPosting\" itemprop=\"blogPost\" ><div class='avia_textblock  '   itemprop=\"text\" ><p style=\"text-align: center;\"><span style=\"font-size: 18pt;\"><strong>Destaca articulaci\u00f3n de INJUV y PRODEMU a trav\u00e9s del Programa \u201cJuntas Crecemos\u201d <\/strong><\/span><\/p>\n<div id=\"gtx-trans\" style=\"position: absolute; left: -50px; top: 4.31534px;\">\n<div class=\"gtx-trans-icon\"><\/div>\n<\/div>\n<\/div><\/section><\/div><div class=\"flex_column av_one_full  flex_column_div av-zero-column-padding first  avia-builder-el-4  el_after_av_one_full  el_before_av_hr  column-top-margin\" style='border-radius:0px; '><section class=\"av_textblock_section \"  itemscope=\"itemscope\" itemtype=\"https:\/\/schema.org\/BlogPosting\" itemprop=\"blogPost\" ><div class='avia_textblock  '   itemprop=\"text\" ><p style=\"text-align: justify;\">Apoyar la entrega de herramientas de emprendimiento a mujeres j\u00f3venes emprendedoras, fortalecer sus habilidades socioemocionales de emprendimiento y de autoconocimiento, desde la perspectiva de g\u00e9nero, es el objetivo principal de este programa de autonom\u00eda econ\u00f3mica liderado por PRODEMU Ays\u00e9n, denominado \u201c<strong><em>Juntas Crecemos\u201d;<\/em><\/strong> y que ha permitido que 20 mujeres j\u00f3venes emprendedoras logren apropiar dichas competencias.<\/p>\n<p style=\"text-align: justify;\">El proceso formativo que comenz\u00f3 el Inicio el d\u00eda 9 de abril y que concluye este 28 de junio, y que a su vez es desarrollado colaborativamente junto al Instituto Nacional de la Juventud de Ays\u00e9n, INJUV, \u00a0ha permitido capacitar t\u00e9cnicamente en gesti\u00f3n de los microemprendimientos de las j\u00f3venes e incentivarlas en el desarrollo de la autonom\u00eda y sostenibilidad en el tiempo de sus iniciativas, \u00a0y por otra parte, acercar la oferta de la red de fomento productivo, fondos concursables y capacitaciones a las que ellas pueden acceder.<\/p>\n<p style=\"text-align: justify;\">\u00a0Iniciativa que destac\u00f3 la Seremi de la Mujer y Equidad de G\u00e9nero, Andrea M\u00e9ndez Valenzuela, indicando que: \u00abComo ministerio de la Mujer valoramos el trabajo territorial, la cercan\u00eda con las mujeres que realiza la Fundaci\u00f3n Prodemu y la vinculaci\u00f3n con diferentes instituciones tendiente a potenciar su oferta\u00bb, coment\u00f3.<\/p>\n<p style=\"text-align: justify;\">En tanto, la directora regional de PRODEMU Ays\u00e9n, Ingrid Osorio Santana, se\u00f1al\u00f3: \u201cPara Fundaci\u00f3n Prodemu Regi\u00f3n de Ays\u00e9n, cada a\u00f1o que comienza un nuevo proceso de ejecuci\u00f3n program\u00e1tica es de inter\u00e9s de cada equipo provincial mirar el territorio en el cual se ha desarrollado actividades formativas\u00a0 e identificar nuevos p\u00fablicos objetivos a los cuales llegar, es as\u00ed que se identifica la necesidad de poder trabajar de forma activa con mujeres j\u00f3venes que desarrollan alguna actividad productivas, a trav\u00e9s de diversos emprendimientos, muchos de ellos, principales ingresos de los presupuestos familiares o bien complementarios en aquellos casos de j\u00f3venes que se encuentran en estudios t\u00e9cnicos-universitarios, por lo cual estamos muy contentas de esta alianza estrat\u00e9gica entre Injuv Ays\u00e9n y Fundaci\u00f3n Prodemu, que busca seguir fortaleciendo el desarrollo de las mujeres entorno a la autonom\u00eda econ\u00f3mica.\u201d<\/p>\n<p style=\"text-align: justify;\">Cabe destacar que el programa dentro de sus proyecciones contempla, mantener a las j\u00f3venes conectadas con la red de fomento productivo, es una invitaci\u00f3n a seguir capacit\u00e1ndose permanentemente, a fin de \u00a0mantener sus negocios en el tiempo.<\/p>\n<p style=\"text-align: justify;\">En este contexto, el director regional de INJUV Ays\u00e9n, Camilo Trivi\u00f1o Urtubia, se\u00f1al\u00f3: Esta vinculaci\u00f3n ha sido vital para visibilizar la participaci\u00f3n de las juventudes y la necesidad de seguir acercando las ofertas program\u00e1ticas existentes a estas, en donde se destac\u00f3 una gran participaci\u00f3n en una tem\u00e1tica tan importante como la autonom\u00eda financiera, que ha tomado gran relevancia en los \u00faltimos a\u00f1os debido al contexto en el que vivimos, present\u00e1ndose como una gran oportunidad.\u201d<\/p>\n<p style=\"text-align: justify;\">Cabe destacar que el proceso formativo ha contemplado 10 sesiones de capacitaci\u00f3n\u00a0 en formato presencial\u00a0 y una sesi\u00f3n formativa virtual Adem\u00e1s este programa cuenta con un apoyo financiero para destinar a invertir en insumos, herramientas y\/o materiales que les permitan mejorar su productividad a las participantes del programa \u201cJuntas Crecemos\u201d.<\/p>\n<\/div><\/section><\/div><div  style='height:50px' class='hr hr-invisible   avia-builder-el-6  el_after_av_one_full  el_before_av_social_share '><span class='hr-inner ' ><span class='hr-inner-style'><\/span><\/span><\/div><\/p>\n<div  class='av-social-sharing-box  avia-builder-el-7  el_after_av_hr  el_before_av_hr  '><div class='av-share-box'><h5 class='av-share-link-description av-no-toc '>Compartir esta noticia<\/h5><ul class='av-share-box-list noLightbox'><li class='av-share-link av-social-link-facebook' ><a target=\"_blank\" aria-label=\"Compartir en Facebook\" href='https:\/\/www.facebook.com\/sharer.php?u=https:\/\/radiorevelacionfm.cl\/?p=42957&#038;t=Destacan%20articulaci%C3%B3n%20de%20INJUV%20y%20PRODEMU%20a%20trav%C3%A9s%20del%20Programa%20%E2%80%9CJuntas%20Crecemos%E2%80%9D' aria-hidden='false' data-av_icon='\ue8f3' data-av_iconfont='entypo-fontello' title='' data-avia-related-tooltip='Compartir en Facebook' rel=\"noopener\"><span class='avia_hidden_link_text'>Compartir en Facebook<\/span><\/a><\/li><li class='av-share-link av-social-link-twitter' ><a target=\"_blank\" aria-label=\"Compartir en Twitter\" href='https:\/\/twitter.com\/share?text=Destacan%20articulaci%C3%B3n%20de%20INJUV%20y%20PRODEMU%20a%20trav%C3%A9s%20del%20Programa%20%E2%80%9CJuntas%20Crecemos%E2%80%9D&#038;url=https:\/\/radiorevelacionfm.cl\/?p=42957' aria-hidden='false' data-av_icon='\ue8f1' data-av_iconfont='entypo-fontello' title='' data-avia-related-tooltip='Compartir en Twitter' rel=\"noopener\"><span class='avia_hidden_link_text'>Compartir en Twitter<\/span><\/a><\/li><li class='av-share-link av-social-link-whatsapp' ><a target=\"_blank\" aria-label=\"Compartir en Whatsapp\" href='https:\/\/api.whatsapp.com\/send?text=https:\/\/radiorevelacionfm.cl\/?p=42957' aria-hidden='false' data-av_icon='\uf232' data-av_iconfont='entypo-fontello' title='' data-avia-related-tooltip='Compartir en Whatsapp' rel=\"noopener\"><span class='avia_hidden_link_text'>Compartir en Whatsapp<\/span><\/a><\/li><li class='av-share-link av-social-link-linkedin' ><a target=\"_blank\" aria-label=\"Compartir en LinkedIn\" href='https:\/\/linkedin.com\/shareArticle?mini=true&#038;title=Destacan%20articulaci%C3%B3n%20de%20INJUV%20y%20PRODEMU%20a%20trav%C3%A9s%20del%20Programa%20%E2%80%9CJuntas%20Crecemos%E2%80%9D&#038;url=https:\/\/radiorevelacionfm.cl\/?p=42957' aria-hidden='false' data-av_icon='\ue8fc' data-av_iconfont='entypo-fontello' title='' data-avia-related-tooltip='Compartir en LinkedIn' rel=\"noopener\"><span class='avia_hidden_link_text'>Compartir en LinkedIn<\/span><\/a><\/li><li class='av-share-link av-social-link-mail' ><a  aria-label=\"Compartir por correo\" href='mailto:?subject=Destacan%20articulaci%C3%B3n%20de%20INJUV%20y%20PRODEMU%20a%20trav%C3%A9s%20del%20Programa%20%E2%80%9CJuntas%20Crecemos%E2%80%9D&#038;body=https:\/\/radiorevelacionfm.cl\/?p=42957' aria-hidden='false' data-av_icon='\ue805' data-av_iconfont='entypo-fontello' title='' data-avia-related-tooltip='Compartir por correo'><span class='avia_hidden_link_text'>Compartir por correo<\/span><\/a><\/li><\/ul><\/div><\/div>\n<div  style='height:50px' class='hr hr-invisible   avia-builder-el-8  el_after_av_social_share  el_before_av_comments_list '><span class='hr-inner ' ><span class='hr-inner-style'><\/span><\/span><\/div>\n<div  class='av-buildercomment  av-blog-meta-html-info-disabled av-blog-meta-tag-disabled  '><\/div>\n","protected":false},"excerpt":{"rendered":"","protected":false},"author":1,"featured_media":42958,"comment_status":"open","ping_status":"open","sticky":false,"template":"","format":"standard","meta":{"footnotes":""},"categories":[38],"tags":[],"class_list":["post-42957","post","type-post","status-publish","format-standard","has-post-thumbnail","hentry","category-regional"],"jetpack_featured_media_url":"https:\/\/radiorevelacionfm.cl\/wp-content\/uploads\/2024\/06\/WhatsApp-Image-2024-05-30-at-10.17.36-2-1.jpeg","_links":{"self":[{"href":"https:\/\/radiorevelacionfm.cl\/index.php?rest_route=\/wp\/v2\/posts\/42957","targetHints":{"allow":["GET"]}}],"collection":[{"href":"https:\/\/radiorevelacionfm.cl\/index.php?rest_route=\/wp\/v2\/posts"}],"about":[{"href":"https:\/\/radiorevelacionfm.cl\/index.php?rest_route=\/wp\/v2\/types\/post"}],"author":[{"embeddable":true,"href":"https:\/\/radiorevelacionfm.cl\/index.php?rest_route=\/wp\/v2\/users\/1"}],"replies":[{"embeddable":true,"href":"https:\/\/radiorevelacionfm.cl\/index.php?rest_route=%2Fwp%2Fv2%2Fcomments&post=42957"}],"version-history":[{"count":1,"href":"https:\/\/radiorevelacionfm.cl\/index.php?rest_route=\/wp\/v2\/posts\/42957\/revisions"}],"predecessor-version":[{"id":42959,"href":"https:\/\/radiorevelacionfm.cl\/index.php?rest_route=\/wp\/v2\/posts\/42957\/revisions\/42959"}],"wp:featuredmedia":[{"embeddable":true,"href":"https:\/\/radiorevelacionfm.cl\/index.php?rest_route=\/wp\/v2\/media\/42958"}],"wp:attachment":[{"href":"https:\/\/radiorevelacionfm.cl\/index.php?rest_route=%2Fwp%2Fv2%2Fmedia&parent=42957"}],"wp:term":[{"taxonomy":"category","embeddable":true,"href":"https:\/\/radiorevelacionfm.cl\/index.php?rest_route=%2Fwp%2Fv2%2Fcategories&post=42957"},{"taxonomy":"post_tag","embeddable":true,"href":"https:\/\/radiorevelacionfm.cl\/index.php?rest_route=%2Fwp%2Fv2%2Ftags&post=42957"}],"curies":[{"name":"wp","href":"https:\/\/api.w.org\/{rel}","templated":true}]}}