{"id":42940,"date":"2024-06-06T22:11:51","date_gmt":"2024-06-07T01:11:51","guid":{"rendered":"https:\/\/radiorevelacionfm.cl\/?p=42940"},"modified":"2024-06-06T22:11:51","modified_gmt":"2024-06-07T01:11:51","slug":"familias-valoran-el-trabajo-que-se-desarrolla-en-los-jardines-infantiles-de-integra","status":"publish","type":"post","link":"https:\/\/radiorevelacionfm.cl\/?p=42940","title":{"rendered":"Familias valoran el trabajo que se desarrolla en los Jardines Infantiles de Integra"},"content":{"rendered":"<div class=\"flex_column av_one_full  flex_column_div av-zero-column-padding first  avia-builder-el-0  el_before_av_one_full  avia-builder-el-first  \" style='border-radius:0px; '><div  class='avia-image-container  av-styling-    avia-builder-el-1  avia-builder-el-no-sibling  avia-align-center '  itemprop=\"image\" itemscope=\"itemscope\" itemtype=\"https:\/\/schema.org\/ImageObject\"  ><div class='avia-image-container-inner'><div class='avia-image-overlay-wrap'><img decoding=\"async\" class='wp-image-42941 avia-img-lazy-loading-not-42941 avia_image' src=\"https:\/\/radiorevelacionfm.cl\/wp-content\/uploads\/2024\/06\/1-2024-06-06T153137.400-1-1.jpg\" alt='' title='1 - 2024-06-06T153137.400 (1) (1)' height=\"600\" width=\"902\"  itemprop=\"thumbnailUrl\" srcset=\"https:\/\/radiorevelacionfm.cl\/wp-content\/uploads\/2024\/06\/1-2024-06-06T153137.400-1-1.jpg 902w, https:\/\/radiorevelacionfm.cl\/wp-content\/uploads\/2024\/06\/1-2024-06-06T153137.400-1-1-300x200.jpg 300w, https:\/\/radiorevelacionfm.cl\/wp-content\/uploads\/2024\/06\/1-2024-06-06T153137.400-1-1-768x511.jpg 768w, https:\/\/radiorevelacionfm.cl\/wp-content\/uploads\/2024\/06\/1-2024-06-06T153137.400-1-1-705x469.jpg 705w, https:\/\/radiorevelacionfm.cl\/wp-content\/uploads\/2024\/06\/1-2024-06-06T153137.400-1-1-450x299.jpg 450w, https:\/\/radiorevelacionfm.cl\/wp-content\/uploads\/2024\/06\/1-2024-06-06T153137.400-1-1-600x399.jpg 600w\" sizes=\"(max-width: 902px) 100vw, 902px\" \/><\/div><\/div><\/div><\/div><div class=\"flex_column av_one_full  flex_column_div av-zero-column-padding first  avia-builder-el-2  el_after_av_one_full  el_before_av_one_full  column-top-margin\" style='border-radius:0px; '><section class=\"av_textblock_section \"  itemscope=\"itemscope\" itemtype=\"https:\/\/schema.org\/BlogPosting\" itemprop=\"blogPost\" ><div class='avia_textblock  '   itemprop=\"text\" ><p style=\"text-align: center;\"><strong><span style=\"font-size: 18pt;\">Familias valoran el trabajo que se desarrolla en los Jardines Infantiles de Integra<\/span><\/strong><\/p>\n<div id=\"gtx-trans\" style=\"position: absolute; left: -50px; top: 4.31534px;\">\n<div class=\"gtx-trans-icon\"><\/div>\n<\/div>\n<\/div><\/section><\/div><div class=\"flex_column av_one_full  flex_column_div av-zero-column-padding first  avia-builder-el-4  el_after_av_one_full  el_before_av_hr  column-top-margin\" style='border-radius:0px; '><section class=\"av_textblock_section \"  itemscope=\"itemscope\" itemtype=\"https:\/\/schema.org\/BlogPosting\" itemprop=\"blogPost\" ><div class='avia_textblock  '   itemprop=\"text\" ><p style=\"font-weight: 400; text-align: justify;\"><em>Los jardines infantiles de Fundaci\u00f3n Integra son completamente gratuitos y se trabaja para que ni\u00f1as y ni\u00f1os alcancen su desarrollo pleno, bienestar integral y aprendizajes significativos, todo esto en espacios educativos amorosos, inclusivos, diversos y de calidad.<\/em><\/p>\n<p style=\"font-weight: 400; text-align: justify;\">Para Fundaci\u00f3n Integra, la familia es un actor fundamental en el proceso educativo de ni\u00f1os y ni\u00f1as. Ellos son los primeros educadores en el proceso formativo de sus hijos e hijas, por ello la alianza con las familias y comunidad es vital para potenciar la comunicaci\u00f3n con estos actores, promoviendo la participaci\u00f3n activa en el quehacer educativo, fortaleciendo as\u00ed sus roles parentales.<\/p>\n<p style=\"font-weight: 400; text-align: justify;\">Es en ese contexto que algunos apoderados de la instituci\u00f3n se dieron un tiempo para conversar respecto de la labor que desarrollan los jardines infantiles con sus hijos durante el a\u00f1o, destacando la buena recepci\u00f3n, aprendizajes, espacios educativos, preocupaci\u00f3n que los equipos desarrollan.<\/p>\n<p style=\"font-weight: 400; text-align: justify;\">Clemente Rubio, destaca de su establecimiento que \u201cesta es una ayuda tremenda para las familias y para los ni\u00f1os(as). Ac\u00e1 aprenden much\u00edsimo y a nosotros nos da el tiempo para poder trabajar con tranquilidad y a ellos de poder interactuar con otros ni\u00f1os y hacer cosas que muchas veces no hacemos en casa\u201d.<\/p>\n<p style=\"font-weight: 400; text-align: justify;\">Por su parte, David Valdebenito, destaca que el jard\u00edn infantil en el que est\u00e1 su hija \u201ces mucho m\u00e1s acoplado a lo que ella necesitaba. Nos gusta mucho la atenci\u00f3n que tiene el equipo educativo hacia ella, lo que ha permitido que se pueda adaptar bien. Vemos bastantes avances en ella y se expresa muy bien a pesar de su edad\u201d.<\/p>\n<p style=\"font-weight: 400; text-align: justify;\">Fundaci\u00f3n Integra aspira a que las experiencias educativas se desarrollen en estrecha alianza con sus familias, en una labor educativa conjunta, complementaria y congruente que potencie el crecimiento, desarrollo y aprendizaje de los ni\u00f1os y ni\u00f1as. Por esto, procura construir una relaci\u00f3n cercana, de respeto, confianza y apoyo mutuo con las familias, estableciendo puentes de comunicaci\u00f3n y participaci\u00f3n s\u00f3lidos, estables y con sentido, y reconociendo sus recursos, fortalezas y oportunidades para superar las dificultades de su historia.<\/p>\n<p style=\"font-weight: 400; text-align: justify;\">Leticia Araya Norambuena, directora regional de Fundaci\u00f3n Integra en este contexto destac\u00f3 que \u201cel que las familias valoren y reconozcan el trabajo que se desarrolla en los jardines infantiles es muy importante y, obviamente, nos genera mayores desaf\u00edos de seguir trabajando en esta senda de una educaci\u00f3n p\u00fablica de calidad\u201d.<\/p>\n<p style=\"font-weight: 400; text-align: justify;\">Fundaci\u00f3n Integra implementa diversos programas y actividades que benefician tanto a los ni\u00f1os como a sus familias. Estos incluyen programas de estimulaci\u00f3n temprana, talleres de habilidades parentales y actividades comunitarias que fortalecen los v\u00ednculos entre la familia y la comunidad educativa.<\/p>\n<p style=\"font-weight: 400; text-align: justify;\">Clemente Rubio, desde su posici\u00f3n de padre y apoderado invita a las familias a sumarse a estos espacios los que para \u00e9l son \u201ctotalmente recomendados y que vengan al jard\u00edn infantil, que traigan a sus hijos, que aprovechen la oportunidad porque est\u00e1 abierto a todo quien lo necesite\u201d. A la vez, dio las \u201cgracias porque se portan tan bien con ellos y dan respuesta a todas las consultas que les plantees. Son r\u00e1pidas, oportunas y a nosotros nos sirve much\u00edsimo\u201d.<\/p>\n<p style=\"font-weight: 400; text-align: justify;\">La directora regional de Fundaci\u00f3n Integra hizo un llamado \u201ca las familias a conocer el sello educativo de los jardines infantiles, a ingresar a la p\u00e1gina web de la instituci\u00f3n (<a href=\"http:\/\/www.integra.cl\/\" data-saferedirecturl=\"https:\/\/www.google.com\/url?q=http:\/\/www.integra.cl&amp;source=gmail&amp;ust=1717786276519000&amp;usg=AOvVaw1X4R2CqaEEmq8U1S79NzPC\">www.integra.cl<\/a>) donde pueden ver d\u00f3nde est\u00e1n los jardines infantiles y toda la informaci\u00f3n referente a ellos y como todo eso se pone a la base de los aprendizajes de ni\u00f1as y ni\u00f1os\u201d.<\/p>\n<p style=\"font-weight: 400; text-align: justify;\">Fundaci\u00f3n Integra, con 33 a\u00f1os de experiencia y m\u00e1s de 1.200 salas cuna y jardines infantiles gratuitos en todo el pa\u00eds, trabaja para que ni\u00f1as y ni\u00f1os alcancen su desarrollo pleno, bienestar integral y aprendizajes significativos, a trav\u00e9s de su protagonismo en espacios educativos amorosos, inclusivos, diversos y de calidad.<\/p>\n<\/div><\/section><\/div><div  style='height:50px' class='hr hr-invisible   avia-builder-el-6  el_after_av_one_full  el_before_av_social_share '><span class='hr-inner ' ><span class='hr-inner-style'><\/span><\/span><\/div><\/p>\n<div  class='av-social-sharing-box  avia-builder-el-7  el_after_av_hr  el_before_av_hr  '><div class='av-share-box'><h5 class='av-share-link-description av-no-toc '>Compartir esta noticia<\/h5><ul class='av-share-box-list noLightbox'><li class='av-share-link av-social-link-facebook' ><a target=\"_blank\" aria-label=\"Compartir en Facebook\" href='https:\/\/www.facebook.com\/sharer.php?u=https:\/\/radiorevelacionfm.cl\/?p=42940&#038;t=Familias%20valoran%20el%20trabajo%20que%20se%20desarrolla%20en%20los%20Jardines%20Infantiles%20de%20Integra' aria-hidden='false' data-av_icon='\ue8f3' data-av_iconfont='entypo-fontello' title='' data-avia-related-tooltip='Compartir en Facebook' rel=\"noopener\"><span class='avia_hidden_link_text'>Compartir en Facebook<\/span><\/a><\/li><li class='av-share-link av-social-link-twitter' ><a target=\"_blank\" aria-label=\"Compartir en Twitter\" href='https:\/\/twitter.com\/share?text=Familias%20valoran%20el%20trabajo%20que%20se%20desarrolla%20en%20los%20Jardines%20Infantiles%20de%20Integra&#038;url=https:\/\/radiorevelacionfm.cl\/?p=42940' aria-hidden='false' data-av_icon='\ue8f1' data-av_iconfont='entypo-fontello' title='' data-avia-related-tooltip='Compartir en Twitter' rel=\"noopener\"><span class='avia_hidden_link_text'>Compartir en Twitter<\/span><\/a><\/li><li class='av-share-link av-social-link-whatsapp' ><a target=\"_blank\" aria-label=\"Compartir en Whatsapp\" href='https:\/\/api.whatsapp.com\/send?text=https:\/\/radiorevelacionfm.cl\/?p=42940' aria-hidden='false' data-av_icon='\uf232' data-av_iconfont='entypo-fontello' title='' data-avia-related-tooltip='Compartir en Whatsapp' rel=\"noopener\"><span class='avia_hidden_link_text'>Compartir en Whatsapp<\/span><\/a><\/li><li class='av-share-link av-social-link-linkedin' ><a target=\"_blank\" aria-label=\"Compartir en LinkedIn\" href='https:\/\/linkedin.com\/shareArticle?mini=true&#038;title=Familias%20valoran%20el%20trabajo%20que%20se%20desarrolla%20en%20los%20Jardines%20Infantiles%20de%20Integra&#038;url=https:\/\/radiorevelacionfm.cl\/?p=42940' aria-hidden='false' data-av_icon='\ue8fc' data-av_iconfont='entypo-fontello' title='' data-avia-related-tooltip='Compartir en LinkedIn' rel=\"noopener\"><span class='avia_hidden_link_text'>Compartir en LinkedIn<\/span><\/a><\/li><li class='av-share-link av-social-link-mail' ><a  aria-label=\"Compartir por correo\" href='mailto:?subject=Familias%20valoran%20el%20trabajo%20que%20se%20desarrolla%20en%20los%20Jardines%20Infantiles%20de%20Integra&#038;body=https:\/\/radiorevelacionfm.cl\/?p=42940' aria-hidden='false' data-av_icon='\ue805' data-av_iconfont='entypo-fontello' title='' data-avia-related-tooltip='Compartir por correo'><span class='avia_hidden_link_text'>Compartir por correo<\/span><\/a><\/li><\/ul><\/div><\/div>\n<div  style='height:50px' class='hr hr-invisible   avia-builder-el-8  el_after_av_social_share  el_before_av_comments_list '><span class='hr-inner ' ><span class='hr-inner-style'><\/span><\/span><\/div>\n<div  class='av-buildercomment  av-blog-meta-html-info-disabled av-blog-meta-tag-disabled  '><\/div>\n","protected":false},"excerpt":{"rendered":"","protected":false},"author":1,"featured_media":42941,"comment_status":"open","ping_status":"open","sticky":false,"template":"","format":"standard","meta":{"footnotes":""},"categories":[49],"tags":[],"class_list":["post-42940","post","type-post","status-publish","format-standard","has-post-thumbnail","hentry","category-educacion"],"jetpack_featured_media_url":"https:\/\/radiorevelacionfm.cl\/wp-content\/uploads\/2024\/06\/1-2024-06-06T153137.400-1-1.jpg","_links":{"self":[{"href":"https:\/\/radiorevelacionfm.cl\/index.php?rest_route=\/wp\/v2\/posts\/42940","targetHints":{"allow":["GET"]}}],"collection":[{"href":"https:\/\/radiorevelacionfm.cl\/index.php?rest_route=\/wp\/v2\/posts"}],"about":[{"href":"https:\/\/radiorevelacionfm.cl\/index.php?rest_route=\/wp\/v2\/types\/post"}],"author":[{"embeddable":true,"href":"https:\/\/radiorevelacionfm.cl\/index.php?rest_route=\/wp\/v2\/users\/1"}],"replies":[{"embeddable":true,"href":"https:\/\/radiorevelacionfm.cl\/index.php?rest_route=%2Fwp%2Fv2%2Fcomments&post=42940"}],"version-history":[{"count":1,"href":"https:\/\/radiorevelacionfm.cl\/index.php?rest_route=\/wp\/v2\/posts\/42940\/revisions"}],"predecessor-version":[{"id":42942,"href":"https:\/\/radiorevelacionfm.cl\/index.php?rest_route=\/wp\/v2\/posts\/42940\/revisions\/42942"}],"wp:featuredmedia":[{"embeddable":true,"href":"https:\/\/radiorevelacionfm.cl\/index.php?rest_route=\/wp\/v2\/media\/42941"}],"wp:attachment":[{"href":"https:\/\/radiorevelacionfm.cl\/index.php?rest_route=%2Fwp%2Fv2%2Fmedia&parent=42940"}],"wp:term":[{"taxonomy":"category","embeddable":true,"href":"https:\/\/radiorevelacionfm.cl\/index.php?rest_route=%2Fwp%2Fv2%2Fcategories&post=42940"},{"taxonomy":"post_tag","embeddable":true,"href":"https:\/\/radiorevelacionfm.cl\/index.php?rest_route=%2Fwp%2Fv2%2Ftags&post=42940"}],"curies":[{"name":"wp","href":"https:\/\/api.w.org\/{rel}","templated":true}]}}