{"id":42936,"date":"2024-06-06T16:14:22","date_gmt":"2024-06-06T19:14:22","guid":{"rendered":"https:\/\/radiorevelacionfm.cl\/?p=42936"},"modified":"2024-06-06T20:54:47","modified_gmt":"2024-06-06T23:54:47","slug":"formalizan-investigacion-en-contra-de-encubridor-en-caso-de-secuestro-denunciado-el-lunes-en-coyhaique","status":"publish","type":"post","link":"https:\/\/radiorevelacionfm.cl\/?p=42936","title":{"rendered":"Formalizan investigaci\u00f3n en contra de encubridor en caso de secuestro denunciado el lunes en Coyhaique"},"content":{"rendered":"<div class=\"flex_column av_one_full  flex_column_div av-zero-column-padding first  avia-builder-el-0  el_before_av_one_full  avia-builder-el-first  \" style='border-radius:0px; '><div  class='avia-image-container  av-styling-    avia-builder-el-1  avia-builder-el-no-sibling  avia-align-center '  itemprop=\"image\" itemscope=\"itemscope\" itemtype=\"https:\/\/schema.org\/ImageObject\"  ><div class='avia-image-container-inner'><div class='avia-image-overlay-wrap'><img decoding=\"async\" class='wp-image-42938 avia-img-lazy-loading-not-42938 avia_image' src=\"https:\/\/radiorevelacionfm.cl\/wp-content\/uploads\/2024\/06\/447693269_984815136977714_3662649539442283664_n-1-1.jpg\" alt='' title='447693269_984815136977714_3662649539442283664_n (1) (1)' height=\"600\" width=\"800\"  itemprop=\"thumbnailUrl\" srcset=\"https:\/\/radiorevelacionfm.cl\/wp-content\/uploads\/2024\/06\/447693269_984815136977714_3662649539442283664_n-1-1.jpg 800w, https:\/\/radiorevelacionfm.cl\/wp-content\/uploads\/2024\/06\/447693269_984815136977714_3662649539442283664_n-1-1-300x225.jpg 300w, https:\/\/radiorevelacionfm.cl\/wp-content\/uploads\/2024\/06\/447693269_984815136977714_3662649539442283664_n-1-1-768x576.jpg 768w, https:\/\/radiorevelacionfm.cl\/wp-content\/uploads\/2024\/06\/447693269_984815136977714_3662649539442283664_n-1-1-705x529.jpg 705w, https:\/\/radiorevelacionfm.cl\/wp-content\/uploads\/2024\/06\/447693269_984815136977714_3662649539442283664_n-1-1-450x338.jpg 450w, https:\/\/radiorevelacionfm.cl\/wp-content\/uploads\/2024\/06\/447693269_984815136977714_3662649539442283664_n-1-1-600x450.jpg 600w\" sizes=\"(max-width: 800px) 100vw, 800px\" \/><\/div><\/div><\/div><\/div>\n<div class=\"flex_column av_one_full  flex_column_div av-zero-column-padding first  avia-builder-el-2  el_after_av_one_full  el_before_av_one_full  column-top-margin\" style='border-radius:0px; '><section class=\"av_textblock_section \"  itemscope=\"itemscope\" itemtype=\"https:\/\/schema.org\/BlogPosting\" itemprop=\"blogPost\" ><div class='avia_textblock  '   itemprop=\"text\" ><p style=\"text-align: center;\"><strong><span style=\"font-size: 18pt;\">Formalizan investigaci\u00f3n en contra de encubridor en caso de secuestro denunciado el lunes en Coyhaique<\/span><\/strong><\/p>\n<div id=\"gtx-trans\" style=\"position: absolute; left: -50px; top: 4.31534px;\">\n<div class=\"gtx-trans-icon\"><\/div>\n<\/div>\n<\/div><\/section><\/div>\n<div class=\"flex_column av_one_full  flex_column_div av-zero-column-padding first  avia-builder-el-4  el_after_av_one_full  el_before_av_hr  column-top-margin\" style='border-radius:0px; '><section class=\"av_textblock_section \"  itemscope=\"itemscope\" itemtype=\"https:\/\/schema.org\/BlogPosting\" itemprop=\"blogPost\" ><div class='avia_textblock  '   itemprop=\"text\" ><p style=\"text-align: justify;\">La Fiscal\u00eda Local de Coyhaique formaliz\u00f3 hoy una investigaci\u00f3n en calidad de encubridor en contra de un imputado de 29 a\u00f1os, quien fue detenido la madrugada del martes 4 de mayo conduciendo el veh\u00edculo que fue utilizado para el secuestro de un hombre, hecho registrado cerca de las 16.00 horas del lunes en el sector alto de Coyhaique.<\/p>\n<p style=\"text-align: justify;\">En este caso, la v\u00edctima que caminaba por las calles de un sector residencial, fue abordada por los imputados -que tapaban sus cabezas con capuchas- quienes lo amenazaron con aparentes armas de fuego y luego lo ingresaron al veh\u00edculo, seg\u00fan explic\u00f3 hoy en la audiencia la fiscal Mar\u00eda In\u00e9s N\u00fa\u00f1ez. Posteriormente, los imputados abandonan el sector en el mismo autom\u00f3vil.<\/p>\n<p style=\"text-align: justify;\">El imputado en calidad de encubridor, fue detenido la madrugada del martes como parte de un procedimiento coordinado en el que particip\u00f3 Carabineros de la Primera Comisar\u00eda y la Polic\u00eda de Investigaciones de Chile. El veh\u00edculo que conduc\u00eda presentaba un evidente olor a cloro, seg\u00fan revel\u00f3 en la audiencia de formalizaci\u00f3n la fiscal Mar\u00eda In\u00e9s N\u00fa\u00f1ez, luego de haber sido limpiado en su interior.<\/p>\n<p style=\"text-align: justify;\">Las diligencias investigativas solicitadas por la Fiscal\u00eda a Carabineros y la PDI, contin\u00faan en desarrollo, con el fin de detener a los dem\u00e1s involucrados en este caso de secuestro.<\/p>\n<p style=\"text-align: justify;\">En la audiencia de formalizaci\u00f3n, el Ministerio P\u00fablico solicit\u00f3 las medidas cautelares de arraigo nacional y comunal para el imputado, adem\u00e1s de la prohibici\u00f3n de acercarse a la v\u00edctima de este hecho, petici\u00f3n que fue acogida por la jueza de Garant\u00eda, Fabiola Mu\u00f1oz. El plazo para el t\u00e9rmino de las diligencias fue fijado en 120 d\u00edas.<\/p>\n<p class=\"v1MsoNormal\" style=\"text-align: justify;\"><b>Juzgado de Garant\u00eda de Coyhaique\u00a0<\/b><\/p>\n<p class=\"v1MsoNormal\" style=\"text-align: justify;\">El Juzgado de Garant\u00eda de Coyhaique dej\u00f3 hoy \u2013jueves 6 de junio\u2013 sujeto a las medidas cautelares de arraigo nacional, comunal y la prohibici\u00f3n de acercarse a la v\u00edctima a M.A.M.C., imputado por el Ministerio P\u00fablico como encubridor del delito de secuestro. Il\u00edcito perpetrado el lunes reci\u00e9n pasado, en la ciudad.<\/p>\n<p class=\"v1MsoNormal\" style=\"text-align: justify;\">En la audiencia de formalizaci\u00f3n, la magistrada Fabiola Mu\u00f1oz Fierro\u00a0acogi\u00f3 las cautelares solicitadas por la fiscal\u00eda, por considerarlas apropiadas y proporcionales a los fines del procedimiento. Adem\u00e1s, \u00a0fij\u00f3 en 120 d\u00edas el plazo de investigaci\u00f3n.<\/p>\n<p class=\"v1MsoNormal\" style=\"text-align: justify;\">Seg\u00fan el ente persecutor, alrededor de 15:00 horas del 3 de junio 2024, un grupo de desconocidos que se movilizaba en la camioneta Kia, modelo Sportage, procedi\u00f3 en el sector de las Terrazas del Sol, de la ciudad\u00a0 de Coyhaique, a descender del veh\u00edculo y con armas aparentemente de fuego, a amenazar a la v\u00edctima, a la cual obligaron a subir al m\u00f3vil, retir\u00e1ndose del lugar.<\/p>\n<p class=\"v1MsoNormal\" style=\"text-align: justify;\">En horas de la madrugada del d\u00eda siguiente, martes 4 de junio, el imputado M.A.M.C. fue sorprendido por personal de Carabineros conduciendo la camioneta utilizada en el plagio, en la calle Almirante Simpson de la ciudad, percat\u00e1ndose la polic\u00eda que el veh\u00edculo hab\u00eda sido limpiado con cloro, con el fin de borrar rastros incriminatorios.<\/p>\n<\/div><\/section><\/div><div  style='height:50px' class='hr hr-invisible   avia-builder-el-6  el_after_av_one_full  el_before_av_social_share '><span class='hr-inner ' ><span class='hr-inner-style'><\/span><\/span><\/div><\/p>\n<div  class='av-social-sharing-box  avia-builder-el-7  el_after_av_hr  el_before_av_hr  '><div class='av-share-box'><h5 class='av-share-link-description av-no-toc '>Compartir esta noticia<\/h5><ul class='av-share-box-list noLightbox'><li class='av-share-link av-social-link-facebook' ><a target=\"_blank\" aria-label=\"Compartir en Facebook\" href='https:\/\/www.facebook.com\/sharer.php?u=https:\/\/radiorevelacionfm.cl\/?p=42936&#038;t=Formalizan%20investigaci%C3%B3n%20en%20contra%20de%20encubridor%20en%20caso%20de%20secuestro%20denunciado%20el%20lunes%20en%20Coyhaique' aria-hidden='false' data-av_icon='\ue8f3' data-av_iconfont='entypo-fontello' title='' data-avia-related-tooltip='Compartir en Facebook' rel=\"noopener\"><span class='avia_hidden_link_text'>Compartir en Facebook<\/span><\/a><\/li><li class='av-share-link av-social-link-twitter' ><a target=\"_blank\" aria-label=\"Compartir en Twitter\" href='https:\/\/twitter.com\/share?text=Formalizan%20investigaci%C3%B3n%20en%20contra%20de%20encubridor%20en%20caso%20de%20secuestro%20denunciado%20el%20lunes%20en%20Coyhaique&#038;url=https:\/\/radiorevelacionfm.cl\/?p=42936' aria-hidden='false' data-av_icon='\ue8f1' data-av_iconfont='entypo-fontello' title='' data-avia-related-tooltip='Compartir en Twitter' rel=\"noopener\"><span class='avia_hidden_link_text'>Compartir en Twitter<\/span><\/a><\/li><li class='av-share-link av-social-link-whatsapp' ><a target=\"_blank\" aria-label=\"Compartir en Whatsapp\" href='https:\/\/api.whatsapp.com\/send?text=https:\/\/radiorevelacionfm.cl\/?p=42936' aria-hidden='false' data-av_icon='\uf232' data-av_iconfont='entypo-fontello' title='' data-avia-related-tooltip='Compartir en Whatsapp' rel=\"noopener\"><span class='avia_hidden_link_text'>Compartir en Whatsapp<\/span><\/a><\/li><li class='av-share-link av-social-link-linkedin' ><a target=\"_blank\" aria-label=\"Compartir en LinkedIn\" href='https:\/\/linkedin.com\/shareArticle?mini=true&#038;title=Formalizan%20investigaci%C3%B3n%20en%20contra%20de%20encubridor%20en%20caso%20de%20secuestro%20denunciado%20el%20lunes%20en%20Coyhaique&#038;url=https:\/\/radiorevelacionfm.cl\/?p=42936' aria-hidden='false' data-av_icon='\ue8fc' data-av_iconfont='entypo-fontello' title='' data-avia-related-tooltip='Compartir en LinkedIn' rel=\"noopener\"><span class='avia_hidden_link_text'>Compartir en LinkedIn<\/span><\/a><\/li><li class='av-share-link av-social-link-mail' ><a  aria-label=\"Compartir por correo\" href='mailto:?subject=Formalizan%20investigaci%C3%B3n%20en%20contra%20de%20encubridor%20en%20caso%20de%20secuestro%20denunciado%20el%20lunes%20en%20Coyhaique&#038;body=https:\/\/radiorevelacionfm.cl\/?p=42936' aria-hidden='false' data-av_icon='\ue805' data-av_iconfont='entypo-fontello' title='' data-avia-related-tooltip='Compartir por correo'><span class='avia_hidden_link_text'>Compartir por correo<\/span><\/a><\/li><\/ul><\/div><\/div>\n<div  style='height:50px' class='hr hr-invisible   avia-builder-el-8  el_after_av_social_share  el_before_av_comments_list '><span class='hr-inner ' ><span class='hr-inner-style'><\/span><\/span><\/div>\n<div  class='av-buildercomment  av-blog-meta-html-info-disabled av-blog-meta-tag-disabled  '><\/div>\n","protected":false},"excerpt":{"rendered":"","protected":false},"author":1,"featured_media":42938,"comment_status":"open","ping_status":"open","sticky":false,"template":"","format":"standard","meta":{"footnotes":""},"categories":[55],"tags":[],"class_list":["post-42936","post","type-post","status-publish","format-standard","has-post-thumbnail","hentry","category-justicia"],"jetpack_featured_media_url":"https:\/\/radiorevelacionfm.cl\/wp-content\/uploads\/2024\/06\/447693269_984815136977714_3662649539442283664_n-1-1.jpg","_links":{"self":[{"href":"https:\/\/radiorevelacionfm.cl\/index.php?rest_route=\/wp\/v2\/posts\/42936","targetHints":{"allow":["GET"]}}],"collection":[{"href":"https:\/\/radiorevelacionfm.cl\/index.php?rest_route=\/wp\/v2\/posts"}],"about":[{"href":"https:\/\/radiorevelacionfm.cl\/index.php?rest_route=\/wp\/v2\/types\/post"}],"author":[{"embeddable":true,"href":"https:\/\/radiorevelacionfm.cl\/index.php?rest_route=\/wp\/v2\/users\/1"}],"replies":[{"embeddable":true,"href":"https:\/\/radiorevelacionfm.cl\/index.php?rest_route=%2Fwp%2Fv2%2Fcomments&post=42936"}],"version-history":[{"count":3,"href":"https:\/\/radiorevelacionfm.cl\/index.php?rest_route=\/wp\/v2\/posts\/42936\/revisions"}],"predecessor-version":[{"id":42953,"href":"https:\/\/radiorevelacionfm.cl\/index.php?rest_route=\/wp\/v2\/posts\/42936\/revisions\/42953"}],"wp:featuredmedia":[{"embeddable":true,"href":"https:\/\/radiorevelacionfm.cl\/index.php?rest_route=\/wp\/v2\/media\/42938"}],"wp:attachment":[{"href":"https:\/\/radiorevelacionfm.cl\/index.php?rest_route=%2Fwp%2Fv2%2Fmedia&parent=42936"}],"wp:term":[{"taxonomy":"category","embeddable":true,"href":"https:\/\/radiorevelacionfm.cl\/index.php?rest_route=%2Fwp%2Fv2%2Fcategories&post=42936"},{"taxonomy":"post_tag","embeddable":true,"href":"https:\/\/radiorevelacionfm.cl\/index.php?rest_route=%2Fwp%2Fv2%2Ftags&post=42936"}],"curies":[{"name":"wp","href":"https:\/\/api.w.org\/{rel}","templated":true}]}}