{"id":42933,"date":"2024-06-06T16:03:17","date_gmt":"2024-06-06T19:03:17","guid":{"rendered":"https:\/\/radiorevelacionfm.cl\/?p=42933"},"modified":"2024-06-06T16:03:17","modified_gmt":"2024-06-06T19:03:17","slug":"con-gran-exito-inicio-la-mision-turistica-y-comercial-de-comodoro-turismo-en-la-ciudad-de-coyhaique","status":"publish","type":"post","link":"https:\/\/radiorevelacionfm.cl\/?p=42933","title":{"rendered":"Con gran \u00e9xito inici\u00f3 la Misi\u00f3n Tur\u00edstica y Comercial de Comodoro Turismo en la ciudad de Coyhaique"},"content":{"rendered":"<div class=\"flex_column av_one_full  flex_column_div av-zero-column-padding first  avia-builder-el-0  el_before_av_one_full  avia-builder-el-first  \" style='border-radius:0px; '><div  class='avia-image-container  av-styling-    avia-builder-el-1  avia-builder-el-no-sibling  avia-align-center '  itemprop=\"image\" itemscope=\"itemscope\" itemtype=\"https:\/\/schema.org\/ImageObject\"  ><div class='avia-image-container-inner'><div class='avia-image-overlay-wrap'><img decoding=\"async\" class='wp-image-42934 avia-img-lazy-loading-not-42934 avia_image' src=\"https:\/\/radiorevelacionfm.cl\/wp-content\/uploads\/2024\/06\/mision-aysen-4-1_optimized.jpeg\" alt='' title='misi\u00f3n-aysen-(4)-(1)_optimized' height=\"600\" width=\"900\"  itemprop=\"thumbnailUrl\" srcset=\"https:\/\/radiorevelacionfm.cl\/wp-content\/uploads\/2024\/06\/mision-aysen-4-1_optimized.jpeg 900w, https:\/\/radiorevelacionfm.cl\/wp-content\/uploads\/2024\/06\/mision-aysen-4-1_optimized-300x200.jpeg 300w, https:\/\/radiorevelacionfm.cl\/wp-content\/uploads\/2024\/06\/mision-aysen-4-1_optimized-768x512.jpeg 768w, https:\/\/radiorevelacionfm.cl\/wp-content\/uploads\/2024\/06\/mision-aysen-4-1_optimized-705x470.jpeg 705w, https:\/\/radiorevelacionfm.cl\/wp-content\/uploads\/2024\/06\/mision-aysen-4-1_optimized-450x300.jpeg 450w, https:\/\/radiorevelacionfm.cl\/wp-content\/uploads\/2024\/06\/mision-aysen-4-1_optimized-600x400.jpeg 600w\" sizes=\"(max-width: 900px) 100vw, 900px\" \/><\/div><\/div><\/div><\/div><div class=\"flex_column av_one_full  flex_column_div av-zero-column-padding first  avia-builder-el-2  el_after_av_one_full  el_before_av_one_full  column-top-margin\" style='border-radius:0px; '><section class=\"av_textblock_section \"  itemscope=\"itemscope\" itemtype=\"https:\/\/schema.org\/BlogPosting\" itemprop=\"blogPost\" ><div class='avia_textblock  '   itemprop=\"text\" ><p style=\"text-align: center;\"><strong><span style=\"font-size: 18pt;\">Con gran \u00e9xito inici\u00f3 la Misi\u00f3n Tur\u00edstica y Comercial de Comodoro Turismo en la ciudad de Coyhaique<\/span><\/strong><\/p>\n<div id=\"gtx-trans\" style=\"position: absolute; left: -50px; top: 4.31534px;\">\n<div class=\"gtx-trans-icon\"><\/div>\n<\/div>\n<\/div><\/section><\/div><div class=\"flex_column av_one_full  flex_column_div av-zero-column-padding first  avia-builder-el-4  el_after_av_one_full  el_before_av_hr  column-top-margin\" style='border-radius:0px; '><section class=\"av_textblock_section \"  itemscope=\"itemscope\" itemtype=\"https:\/\/schema.org\/BlogPosting\" itemprop=\"blogPost\" ><div class='avia_textblock  '   itemprop=\"text\" ><p dir=\"ltr\" style=\"text-align: justify;\">Con el objetivo de fortalecer los lazos comerciales y tur\u00edsticos entre Argentina y Chile, se llev\u00f3 a cabo este jueves, el acto de apertura oficial de la Misi\u00f3n Ays\u00e9n. La misma tuvo lugar en la sede de Gobierno de la localidad de Coyhaique y cont\u00f3 con la presencia de diversas autoridades de ambos pa\u00edses y un nicho de p\u00fablico que busca fortalecer esta alianza estrat\u00e9gica binacional.<\/p>\n<p dir=\"ltr\" style=\"text-align: justify;\">Entre los presentes, se encontraba la Gobernadora Regional, Andrea Mac\u00edas Palma; el Delegado Presidencial, Rodrigo Araya Morales; el viceintendente de Comodoro Rivadavia, Maximiliano Sampaoli; el Alcalde de Coyhaique, Carlos Gatica Villegas; el\u00a0Secretario de Econom\u00eda, Finanzas y Control de Gesti\u00f3n, Fernando Barr\u00eda; el Gerente de Comodoro Turismo, Eduardo Carrasco, el Director de Sernatur Ays\u00e9n, Claudio Montesinos, Directoras y Directores de servicios, Consejeros Regionales y\u00a0p\u00fablico en general.<\/p>\n<p dir=\"ltr\" style=\"text-align: justify;\">En ese orden, la Gobernadora de la Regi\u00f3n, Andrea Maciel Palma como anfitriona del evento expres\u00f3 que \u201cEste evento es parte de un gran trabajo que hoy se hace posible para que ambos pa\u00edses puedan hermanar a\u00fan m\u00e1s sus v\u00ednculos, agradecer al sector p\u00fablico privado que se ha sumado para este gran despliegue de comitivas que hoy se integran desde una gran sinergia\u201d<\/p>\n<p dir=\"ltr\" style=\"text-align: justify;\">Asimismo, el viceintendente de Comodoro Rivadavia,\u00a0 Maximiliano Sampaoli, se dirigi\u00f3 a los presentes afirmando que \u201cCreo que es el momento de concretar las grandes ideas, hacer tangible el objetivo de esta misi\u00f3n que es integrar a la Patagonia como una sola y desde una pol\u00edtica p\u00fablica que genere el escenario para que todo ello se genere y el turismo sea tambi\u00e9n el motor de desarrollo de ambas regiones\u201d<\/p>\n<p dir=\"ltr\" style=\"text-align: justify;\">Por su parte, el gerente de Comodoro Turismo, Eduardo Carrasco celebr\u00f3 la apertura de esta gran jornada afirmando que \u00abEsta misi\u00f3n surgi\u00f3 de gestiones establecidas hace un tiempo y hoy pudimos concretarlas en un gran esfuerzo colaborativo entre el sector p\u00fablico y\u00a0 privado de nuestra ciudad y de la Regi\u00f3n de Ays\u00e9n y sabemos que es un claro ejemplo del compromiso que tenemos con la integraci\u00f3n regional y la b\u00fasqueda de nuevas oportunidades para diversificar la matriz productiva desde el turismo,\u201d se\u00f1al\u00f3 Carrasco como representante del ente organizador de esta misi\u00f3n.<\/p>\n<p dir=\"ltr\" style=\"text-align: justify;\">Durante la apertura, se firmaron dos importantes actas de intenci\u00f3n que buscan potenciar las relaciones comerciales y tur\u00edsticas entre ambas naciones, generando un compromiso de co-participaci\u00f3n y presencia en los grandes eventos multitudinarios que se programan para el resto del a\u00f1o.\u00a0 Posterior a ello, se hizo la presentaci\u00f3n del video institucional de Comodoro Turismo, en el que proyect\u00f3 un resumen de la diversidad de propuestas que hacen de la ciudad de Comodoro Rivadavia, un destino tur\u00edstico en potencia.<\/p>\n<p dir=\"ltr\" style=\"text-align: justify;\"><strong>Rondas de negocios y presentaciones<\/strong><\/p>\n<p dir=\"ltr\" style=\"text-align: justify;\">La misi\u00f3n, compuesta por una comitiva proveniente de Comodoro Rivadavia, Argentina, arrib\u00f3 a Chile este mi\u00e9rcoles para llevar adelante un intenso programa de dos jornadas de presentaciones, visitas a diferentes puntos de inter\u00e9s tur\u00edstico\u00a0 y rondas de negocios que tendr\u00e1n continuidad hasta el d\u00eda viernes. Entre ellas se destacan instituciones del \u00e1mbito p\u00fablico\/privado tanto de gastronom\u00eda, hoteler\u00eda, transporte, educaci\u00f3n, cultura, salud, deportes, empresarios de servicios de eventos, agencias de viaje y emprendedores tur\u00edsticos.<\/p>\n<p dir=\"ltr\" style=\"text-align: justify;\">En paralelo, se concretaron puntos de promoci\u00f3n tur\u00edstica ubicados en la Plaza de Armas de la localidad, con el prop\u00f3sito de tener llegada a los habitantes de esta comunidad con toda la oferta tur\u00edstico-gastron\u00f3mica de Comodoro Rivadavia, la participaci\u00f3n de experiencias l\u00fadicas\/inmersivas e importantes sorteos de viajes con estad\u00eda y actividades para disfrutar en nuestra localidad. Asimismo, se aprovech\u00f3 la ocasi\u00f3n para hacer la presentaci\u00f3n formal de los grandes eventos que tendr\u00e1n lugar en la ciudad de Comodoro Rivadavia durante los meses agosto, septiembre y octubre con la realizaci\u00f3n de la Expo Turismo, Feria del Libro de la Patagonia y la Expo Deportes.<\/p>\n<\/div><\/section><\/div><div  style='height:50px' class='hr hr-invisible   avia-builder-el-6  el_after_av_one_full  el_before_av_social_share '><span class='hr-inner ' ><span class='hr-inner-style'><\/span><\/span><\/div><\/p>\n<div  class='av-social-sharing-box  avia-builder-el-7  el_after_av_hr  el_before_av_hr  '><div class='av-share-box'><h5 class='av-share-link-description av-no-toc '>Compartir esta noticia<\/h5><ul class='av-share-box-list noLightbox'><li class='av-share-link av-social-link-facebook' ><a target=\"_blank\" aria-label=\"Compartir en Facebook\" href='https:\/\/www.facebook.com\/sharer.php?u=https:\/\/radiorevelacionfm.cl\/?p=42933&#038;t=Con%20gran%20%C3%A9xito%20inici%C3%B3%20la%20Misi%C3%B3n%20Tur%C3%ADstica%20y%20Comercial%20de%20Comodoro%20Turismo%20en%20la%20ciudad%20de%20Coyhaique' aria-hidden='false' data-av_icon='\ue8f3' data-av_iconfont='entypo-fontello' title='' data-avia-related-tooltip='Compartir en Facebook' rel=\"noopener\"><span class='avia_hidden_link_text'>Compartir en Facebook<\/span><\/a><\/li><li class='av-share-link av-social-link-twitter' ><a target=\"_blank\" aria-label=\"Compartir en Twitter\" href='https:\/\/twitter.com\/share?text=Con%20gran%20%C3%A9xito%20inici%C3%B3%20la%20Misi%C3%B3n%20Tur%C3%ADstica%20y%20Comercial%20de%20Comodoro%20Turismo%20en%20la%20ciudad%20de%20Coyhaique&#038;url=https:\/\/radiorevelacionfm.cl\/?p=42933' aria-hidden='false' data-av_icon='\ue8f1' data-av_iconfont='entypo-fontello' title='' data-avia-related-tooltip='Compartir en Twitter' rel=\"noopener\"><span class='avia_hidden_link_text'>Compartir en Twitter<\/span><\/a><\/li><li class='av-share-link av-social-link-whatsapp' ><a target=\"_blank\" aria-label=\"Compartir en Whatsapp\" href='https:\/\/api.whatsapp.com\/send?text=https:\/\/radiorevelacionfm.cl\/?p=42933' aria-hidden='false' data-av_icon='\uf232' data-av_iconfont='entypo-fontello' title='' data-avia-related-tooltip='Compartir en Whatsapp' rel=\"noopener\"><span class='avia_hidden_link_text'>Compartir en Whatsapp<\/span><\/a><\/li><li class='av-share-link av-social-link-linkedin' ><a target=\"_blank\" aria-label=\"Compartir en LinkedIn\" href='https:\/\/linkedin.com\/shareArticle?mini=true&#038;title=Con%20gran%20%C3%A9xito%20inici%C3%B3%20la%20Misi%C3%B3n%20Tur%C3%ADstica%20y%20Comercial%20de%20Comodoro%20Turismo%20en%20la%20ciudad%20de%20Coyhaique&#038;url=https:\/\/radiorevelacionfm.cl\/?p=42933' aria-hidden='false' data-av_icon='\ue8fc' data-av_iconfont='entypo-fontello' title='' data-avia-related-tooltip='Compartir en LinkedIn' rel=\"noopener\"><span class='avia_hidden_link_text'>Compartir en LinkedIn<\/span><\/a><\/li><li class='av-share-link av-social-link-mail' ><a  aria-label=\"Compartir por correo\" href='mailto:?subject=Con%20gran%20%C3%A9xito%20inici%C3%B3%20la%20Misi%C3%B3n%20Tur%C3%ADstica%20y%20Comercial%20de%20Comodoro%20Turismo%20en%20la%20ciudad%20de%20Coyhaique&#038;body=https:\/\/radiorevelacionfm.cl\/?p=42933' aria-hidden='false' data-av_icon='\ue805' data-av_iconfont='entypo-fontello' title='' data-avia-related-tooltip='Compartir por correo'><span class='avia_hidden_link_text'>Compartir por correo<\/span><\/a><\/li><\/ul><\/div><\/div>\n<div  style='height:50px' class='hr hr-invisible   avia-builder-el-8  el_after_av_social_share  el_before_av_comments_list '><span class='hr-inner ' ><span class='hr-inner-style'><\/span><\/span><\/div>\n<div  class='av-buildercomment  av-blog-meta-html-info-disabled av-blog-meta-tag-disabled  '><\/div>\n","protected":false},"excerpt":{"rendered":"","protected":false},"author":1,"featured_media":42934,"comment_status":"open","ping_status":"open","sticky":false,"template":"","format":"standard","meta":{"footnotes":""},"categories":[54],"tags":[],"class_list":["post-42933","post","type-post","status-publish","format-standard","has-post-thumbnail","hentry","category-turismo"],"jetpack_featured_media_url":"https:\/\/radiorevelacionfm.cl\/wp-content\/uploads\/2024\/06\/mision-aysen-4-1_optimized.jpeg","_links":{"self":[{"href":"https:\/\/radiorevelacionfm.cl\/index.php?rest_route=\/wp\/v2\/posts\/42933","targetHints":{"allow":["GET"]}}],"collection":[{"href":"https:\/\/radiorevelacionfm.cl\/index.php?rest_route=\/wp\/v2\/posts"}],"about":[{"href":"https:\/\/radiorevelacionfm.cl\/index.php?rest_route=\/wp\/v2\/types\/post"}],"author":[{"embeddable":true,"href":"https:\/\/radiorevelacionfm.cl\/index.php?rest_route=\/wp\/v2\/users\/1"}],"replies":[{"embeddable":true,"href":"https:\/\/radiorevelacionfm.cl\/index.php?rest_route=%2Fwp%2Fv2%2Fcomments&post=42933"}],"version-history":[{"count":1,"href":"https:\/\/radiorevelacionfm.cl\/index.php?rest_route=\/wp\/v2\/posts\/42933\/revisions"}],"predecessor-version":[{"id":42935,"href":"https:\/\/radiorevelacionfm.cl\/index.php?rest_route=\/wp\/v2\/posts\/42933\/revisions\/42935"}],"wp:featuredmedia":[{"embeddable":true,"href":"https:\/\/radiorevelacionfm.cl\/index.php?rest_route=\/wp\/v2\/media\/42934"}],"wp:attachment":[{"href":"https:\/\/radiorevelacionfm.cl\/index.php?rest_route=%2Fwp%2Fv2%2Fmedia&parent=42933"}],"wp:term":[{"taxonomy":"category","embeddable":true,"href":"https:\/\/radiorevelacionfm.cl\/index.php?rest_route=%2Fwp%2Fv2%2Fcategories&post=42933"},{"taxonomy":"post_tag","embeddable":true,"href":"https:\/\/radiorevelacionfm.cl\/index.php?rest_route=%2Fwp%2Fv2%2Ftags&post=42933"}],"curies":[{"name":"wp","href":"https:\/\/api.w.org\/{rel}","templated":true}]}}