{"id":42930,"date":"2024-06-06T21:17:30","date_gmt":"2024-06-07T00:17:30","guid":{"rendered":"https:\/\/radiorevelacionfm.cl\/?p=42930"},"modified":"2024-06-06T21:17:30","modified_gmt":"2024-06-07T00:17:30","slug":"municipalidad-aysenina-aprueba-subvenciones-cercanas-a-50-millones-para-organizaciones-de-la-comuna","status":"publish","type":"post","link":"https:\/\/radiorevelacionfm.cl\/?p=42930","title":{"rendered":"Municipalidad aysenina aprueba subvenciones cercanas a 50 millones para organizaciones de la comuna"},"content":{"rendered":"<div class=\"flex_column av_one_full  flex_column_div av-zero-column-padding first  avia-builder-el-0  el_before_av_one_full  avia-builder-el-first  \" style='border-radius:0px; '><div  class='avia-image-container  av-styling-    avia-builder-el-1  avia-builder-el-no-sibling  avia-align-center '  itemprop=\"image\" itemscope=\"itemscope\" itemtype=\"https:\/\/schema.org\/ImageObject\"  ><div class='avia-image-container-inner'><div class='avia-image-overlay-wrap'><img decoding=\"async\" class='wp-image-42931 avia-img-lazy-loading-not-42931 avia_image' src=\"https:\/\/radiorevelacionfm.cl\/wp-content\/uploads\/2024\/06\/20240606_100932-2_optimized-1.jpg\" alt='' title='20240606_100932-(2)_optimized (1)' height=\"600\" width=\"1332\"  itemprop=\"thumbnailUrl\" srcset=\"https:\/\/radiorevelacionfm.cl\/wp-content\/uploads\/2024\/06\/20240606_100932-2_optimized-1.jpg 1332w, https:\/\/radiorevelacionfm.cl\/wp-content\/uploads\/2024\/06\/20240606_100932-2_optimized-1-300x135.jpg 300w, https:\/\/radiorevelacionfm.cl\/wp-content\/uploads\/2024\/06\/20240606_100932-2_optimized-1-1030x464.jpg 1030w, https:\/\/radiorevelacionfm.cl\/wp-content\/uploads\/2024\/06\/20240606_100932-2_optimized-1-768x346.jpg 768w, https:\/\/radiorevelacionfm.cl\/wp-content\/uploads\/2024\/06\/20240606_100932-2_optimized-1-705x318.jpg 705w, https:\/\/radiorevelacionfm.cl\/wp-content\/uploads\/2024\/06\/20240606_100932-2_optimized-1-450x203.jpg 450w, https:\/\/radiorevelacionfm.cl\/wp-content\/uploads\/2024\/06\/20240606_100932-2_optimized-1-600x270.jpg 600w\" sizes=\"(max-width: 1332px) 100vw, 1332px\" \/><\/div><\/div><\/div><\/div><div class=\"flex_column av_one_full  flex_column_div av-zero-column-padding first  avia-builder-el-2  el_after_av_one_full  el_before_av_one_full  column-top-margin\" style='border-radius:0px; '><section class=\"av_textblock_section \"  itemscope=\"itemscope\" itemtype=\"https:\/\/schema.org\/BlogPosting\" itemprop=\"blogPost\" ><div class='avia_textblock  '   itemprop=\"text\" ><p style=\"text-align: center;\"><strong><span style=\"font-size: 18pt;\">Municipalidad aysenina aprueba subvenciones cercanas a 50 millones para organizaciones de la comuna<\/span><\/strong><\/p>\n<div id=\"gtx-trans\" style=\"position: absolute; left: -50px; top: 4.31534px;\">\n<div class=\"gtx-trans-icon\"><\/div>\n<\/div>\n<\/div><\/section><\/div><div class=\"flex_column av_one_full  flex_column_div av-zero-column-padding first  avia-builder-el-4  el_after_av_one_full  el_before_av_hr  column-top-margin\" style='border-radius:0px; '><section class=\"av_textblock_section \"  itemscope=\"itemscope\" itemtype=\"https:\/\/schema.org\/BlogPosting\" itemprop=\"blogPost\" ><div class='avia_textblock  '   itemprop=\"text\" ><p style=\"text-align: justify;\"><em>Doce agrupaciones de base fueron beneficiadas con dineros municipales para cubrir sus distintas necesidades de implementos. Estas fueron admitidas por votaci\u00f3n en el Honorable Concejo Municipal de Ays\u00e9n.<\/em><\/p>\n<p style=\"text-align: justify;\">En sesi\u00f3n del reciente Concejo Municipal de Ays\u00e9n, encabezado por su presidente y alcalde Julio Uribe, seguido por el cuerpo de concejales Tatiana Villarroel, Silvia Klagges, Jorge Figueroa, Alejandro Soto, Gabriel Mu\u00f1oz y Monica Navarrete, aprobaron de forma un\u00e1nime varios fondos para entidades comunitarias.<\/p>\n<p style=\"text-align: justify;\">$48.485.593 es el monto que ser\u00e1 entregado por la municipalidad aysenina para diversos clubes deportivos, agrupaciones sociales y organismos sin fines de lucro que aportan al desarrollo de la comunidad, a la vida sana y a las personas con necesidades especiales.<\/p>\n<p style=\"text-align: justify;\">Los beneficiados en esta oportunidad son Cuerpo de Bomberos, Escuela Patagones Kids, Agrupaci\u00f3n Fuerza de Avanzar, Club de Rodeo Chileno de Puerto Ays\u00e9n, Agrupaci\u00f3n Barrial para el Buen Vivir del Envejecimiento, los clubes deportivos Alas Portuarias y Paul Harris, agrupaciones de Mujeres Emprendedoras, Juventud en Movimiento, Fundaci\u00f3n Vidas con Prop\u00f3sito, Asociaci\u00f3n de F\u00fatbol de Puerto Ays\u00e9n, y la Red de Profesores de Educaci\u00f3n F\u00edsica y T\u00e9cnicos Deportivos de Ays\u00e9n.<\/p>\n<p style=\"text-align: justify;\">Una de las organizaciones que se vio mayormente favorecida por un monto de $26.775.000 pesos, fue Bomberos de Ays\u00e9n, que utilizar\u00e1n dichos recursos para la adquisici\u00f3n de un galp\u00f3n para resguardar los nuevos veh\u00edculos de emergencia que llegar\u00e1n a las unidades ayseninas.<\/p>\n<p style=\"text-align: justify;\">El superintendente de bomberos de Ays\u00e9n, Arturo Loaiza, agradeci\u00f3 la aprobaci\u00f3n un\u00e1nime del cuerpo colegiado. \u201cPrimero que nada quiero agradecer al se\u00f1or Alcalde y al Concejo Municipal, a todos los concejales que hoy d\u00eda tomaron la necesidad que ten\u00eda el cuerpo de Bomberos de Ays\u00e9n\u201d.<\/p>\n<p style=\"text-align: justify;\">\u201cDimos como testimonio lo que nos pas\u00f3 con un carro nuevo de Villa Ma\u00f1ihuales, que por no cobijarlos como corresponde, tuvo unos problemas mec\u00e1nicos. La tecnolog\u00eda es, la mayor\u00eda, a base\u00a0 de el\u00e9ctrica y ese carro tuvimos que sacarlo en la regi\u00f3n y nos cost\u00f3 20 millones de pesos reparar ese carro de Villa Ma\u00f1ihuales . No queremos que con los carros nuevos tengamos el mismo problema\u201d, explic\u00f3 el superintendente.<\/p>\n<p style=\"text-align: justify;\">Igualmente Loaiza Aguilante afirm\u00f3 que \u201cdentro de estas \u00faltimas administraciones, este periodo ha sido de los que m\u00e1s hemos recibido cooperaci\u00f3n por parte del Concejo Municipal\u201d.<\/p>\n<p style=\"text-align: justify;\">El deporte aysenino igualmente obtuvo buenas contribuciones, ya que gracias al aporte municipal, varios clubes deportivos podr\u00e1n comprar equipamiento. Al igual que las instituciones sociales, podr\u00e1n adquirir insumos para el tratamiento de las personas a las que ayudan.<\/p>\n<p style=\"text-align: justify;\">Florencio Bilbao, presidente de agrupaci\u00f3n Fuerza de Avanzar de Villa Ma\u00f1ihuales, agradeci\u00f3 fervientemente el apoyo de quienes integran el Concejo Municipal, porque es una ayuda que puede recibir cualquier persona de la villa aysenina, ya que el objetivo de la asociaci\u00f3n es la rehabilitaci\u00f3n integral de los pobladores que hayan sufrido un accidente o a causa de alguna enfermedad.<\/p>\n<p style=\"text-align: justify;\">\u201cSiempre los tiempos son de seis meses, se termina el proyecto y quedamos sin fondos para poder seguir trabajando. Por lo que esta subvenci\u00f3n nos permite que las personas que tenemos nosotros con discapacidad, puedan tratarse con nuestros profesionales. As\u00ed vamos a poder asistir m\u00e1s tiempo y podemos lograr que cada uno tenga recuperaci\u00f3n y salgan ojal\u00e1 caminando, sin bast\u00f3n, ni burro y esperemos que nos vaya bien a todos\u201d, finaliz\u00f3 Florencio Bilbao.<\/p>\n<p style=\"text-align: justify;\">Ahora, las organizaciones tendr\u00e1n que esperar los \u00faltimos tr\u00e1mites administrativos, pero al cabo de unos d\u00edas podr\u00e1n ejecutar las iniciativas postuladas ante el Concejo y, de esta manera, beneficiar a la comunidad desde sus distintos \u00e1mbitos sociales, econ\u00f3micos y deportivos.<\/p>\n<\/div><\/section><\/div><div  style='height:50px' class='hr hr-invisible   avia-builder-el-6  el_after_av_one_full  el_before_av_social_share '><span class='hr-inner ' ><span class='hr-inner-style'><\/span><\/span><\/div><\/p>\n<div  class='av-social-sharing-box  avia-builder-el-7  el_after_av_hr  el_before_av_hr  '><div class='av-share-box'><h5 class='av-share-link-description av-no-toc '>Compartir esta noticia<\/h5><ul class='av-share-box-list noLightbox'><li class='av-share-link av-social-link-facebook' ><a target=\"_blank\" aria-label=\"Compartir en Facebook\" href='https:\/\/www.facebook.com\/sharer.php?u=https:\/\/radiorevelacionfm.cl\/?p=42930&#038;t=Municipalidad%20aysenina%20aprueba%20subvenciones%20cercanas%20a%2050%20millones%20para%20organizaciones%20de%20la%20comuna' aria-hidden='false' data-av_icon='\ue8f3' data-av_iconfont='entypo-fontello' title='' data-avia-related-tooltip='Compartir en Facebook' rel=\"noopener\"><span class='avia_hidden_link_text'>Compartir en Facebook<\/span><\/a><\/li><li class='av-share-link av-social-link-twitter' ><a target=\"_blank\" aria-label=\"Compartir en Twitter\" href='https:\/\/twitter.com\/share?text=Municipalidad%20aysenina%20aprueba%20subvenciones%20cercanas%20a%2050%20millones%20para%20organizaciones%20de%20la%20comuna&#038;url=https:\/\/radiorevelacionfm.cl\/?p=42930' aria-hidden='false' data-av_icon='\ue8f1' data-av_iconfont='entypo-fontello' title='' data-avia-related-tooltip='Compartir en Twitter' rel=\"noopener\"><span class='avia_hidden_link_text'>Compartir en Twitter<\/span><\/a><\/li><li class='av-share-link av-social-link-whatsapp' ><a target=\"_blank\" aria-label=\"Compartir en Whatsapp\" href='https:\/\/api.whatsapp.com\/send?text=https:\/\/radiorevelacionfm.cl\/?p=42930' aria-hidden='false' data-av_icon='\uf232' data-av_iconfont='entypo-fontello' title='' data-avia-related-tooltip='Compartir en Whatsapp' rel=\"noopener\"><span class='avia_hidden_link_text'>Compartir en Whatsapp<\/span><\/a><\/li><li class='av-share-link av-social-link-linkedin' ><a target=\"_blank\" aria-label=\"Compartir en LinkedIn\" href='https:\/\/linkedin.com\/shareArticle?mini=true&#038;title=Municipalidad%20aysenina%20aprueba%20subvenciones%20cercanas%20a%2050%20millones%20para%20organizaciones%20de%20la%20comuna&#038;url=https:\/\/radiorevelacionfm.cl\/?p=42930' aria-hidden='false' data-av_icon='\ue8fc' data-av_iconfont='entypo-fontello' title='' data-avia-related-tooltip='Compartir en LinkedIn' rel=\"noopener\"><span class='avia_hidden_link_text'>Compartir en LinkedIn<\/span><\/a><\/li><li class='av-share-link av-social-link-mail' ><a  aria-label=\"Compartir por correo\" href='mailto:?subject=Municipalidad%20aysenina%20aprueba%20subvenciones%20cercanas%20a%2050%20millones%20para%20organizaciones%20de%20la%20comuna&#038;body=https:\/\/radiorevelacionfm.cl\/?p=42930' aria-hidden='false' data-av_icon='\ue805' data-av_iconfont='entypo-fontello' title='' data-avia-related-tooltip='Compartir por correo'><span class='avia_hidden_link_text'>Compartir por correo<\/span><\/a><\/li><\/ul><\/div><\/div>\n<div  style='height:50px' class='hr hr-invisible   avia-builder-el-8  el_after_av_social_share  el_before_av_comments_list '><span class='hr-inner ' ><span class='hr-inner-style'><\/span><\/span><\/div>\n<div  class='av-buildercomment  av-blog-meta-html-info-disabled av-blog-meta-tag-disabled  '><\/div>\n","protected":false},"excerpt":{"rendered":"","protected":false},"author":1,"featured_media":42931,"comment_status":"open","ping_status":"open","sticky":false,"template":"","format":"standard","meta":{"footnotes":""},"categories":[38],"tags":[],"class_list":["post-42930","post","type-post","status-publish","format-standard","has-post-thumbnail","hentry","category-regional"],"jetpack_featured_media_url":"https:\/\/radiorevelacionfm.cl\/wp-content\/uploads\/2024\/06\/20240606_100932-2_optimized-1.jpg","_links":{"self":[{"href":"https:\/\/radiorevelacionfm.cl\/index.php?rest_route=\/wp\/v2\/posts\/42930","targetHints":{"allow":["GET"]}}],"collection":[{"href":"https:\/\/radiorevelacionfm.cl\/index.php?rest_route=\/wp\/v2\/posts"}],"about":[{"href":"https:\/\/radiorevelacionfm.cl\/index.php?rest_route=\/wp\/v2\/types\/post"}],"author":[{"embeddable":true,"href":"https:\/\/radiorevelacionfm.cl\/index.php?rest_route=\/wp\/v2\/users\/1"}],"replies":[{"embeddable":true,"href":"https:\/\/radiorevelacionfm.cl\/index.php?rest_route=%2Fwp%2Fv2%2Fcomments&post=42930"}],"version-history":[{"count":1,"href":"https:\/\/radiorevelacionfm.cl\/index.php?rest_route=\/wp\/v2\/posts\/42930\/revisions"}],"predecessor-version":[{"id":42932,"href":"https:\/\/radiorevelacionfm.cl\/index.php?rest_route=\/wp\/v2\/posts\/42930\/revisions\/42932"}],"wp:featuredmedia":[{"embeddable":true,"href":"https:\/\/radiorevelacionfm.cl\/index.php?rest_route=\/wp\/v2\/media\/42931"}],"wp:attachment":[{"href":"https:\/\/radiorevelacionfm.cl\/index.php?rest_route=%2Fwp%2Fv2%2Fmedia&parent=42930"}],"wp:term":[{"taxonomy":"category","embeddable":true,"href":"https:\/\/radiorevelacionfm.cl\/index.php?rest_route=%2Fwp%2Fv2%2Fcategories&post=42930"},{"taxonomy":"post_tag","embeddable":true,"href":"https:\/\/radiorevelacionfm.cl\/index.php?rest_route=%2Fwp%2Fv2%2Ftags&post=42930"}],"curies":[{"name":"wp","href":"https:\/\/api.w.org\/{rel}","templated":true}]}}