{"id":4293,"date":"2021-05-19T13:49:15","date_gmt":"2021-05-19T16:49:15","guid":{"rendered":"https:\/\/radiorevelacionfm.cl\/?p=4293"},"modified":"2021-05-19T15:56:17","modified_gmt":"2021-05-19T18:56:17","slug":"bertrand-mallin-y-guadal-contaran-con-moderna-iluminacion-concretando-el-proyecto-chile-chico-led","status":"publish","type":"post","link":"https:\/\/radiorevelacionfm.cl\/?p=4293","title":{"rendered":"Bertrand, Mall\u00edn y Guadal contar\u00e1n con moderna iluminaci\u00f3n concretando el proyecto \u201cChile Chico led\u201d"},"content":{"rendered":"<div class=\"flex_column av_one_full  flex_column_div av-zero-column-padding first  avia-builder-el-0  el_before_av_one_full  avia-builder-el-first  \" style='border-radius:0px; '><div  class='avia-image-container  av-styling-    avia-builder-el-1  avia-builder-el-no-sibling  avia-align-center '  itemprop=\"image\" itemscope=\"itemscope\" itemtype=\"https:\/\/schema.org\/ImageObject\"  ><div class='avia-image-container-inner'><div class='avia-image-overlay-wrap'><img decoding=\"async\" class='wp-image-0 avia-img-lazy-loading-not-0 avia_image' src=\"https:\/\/radiorevelacionfm.cl\/wp-content\/uploads\/2021\/05\/LED-INTERIOR-1-archivo-1-1.jpg\" alt='' title=''   itemprop=\"thumbnailUrl\"  \/><\/div><\/div><\/div><\/div><div class=\"flex_column av_one_full  flex_column_div av-zero-column-padding first  avia-builder-el-2  el_after_av_one_full  el_before_av_one_full  column-top-margin\" style='border-radius:0px; '><section class=\"av_textblock_section \"  itemscope=\"itemscope\" itemtype=\"https:\/\/schema.org\/BlogPosting\" itemprop=\"blogPost\" ><div class='avia_textblock  '   itemprop=\"text\" ><p style=\"text-align: center;\"><strong><span style=\"font-size: 18pt;\">Bertrand, Mall\u00edn y Guadal contar\u00e1n con moderna iluminaci\u00f3n concretando el proyecto \u201cChile Chico led\u201d<\/span><\/strong><\/p>\n<div id=\"gtx-trans\" style=\"position: absolute; left: -50px; top: 4.31534px;\">\n<div class=\"gtx-trans-icon\"><\/div>\n<\/div>\n<\/div><\/section><\/div><div class=\"flex_column av_one_full  flex_column_div av-zero-column-padding first  avia-builder-el-4  el_after_av_one_full  el_before_av_hr  column-top-margin\" style='border-radius:0px; '><section class=\"av_textblock_section \"  itemscope=\"itemscope\" itemtype=\"https:\/\/schema.org\/BlogPosting\" itemprop=\"blogPost\" ><div class='avia_textblock  '   itemprop=\"text\" ><p style=\"text-align: justify;\">Un compromiso que cumple la administraci\u00f3n del Alcalde Ricardo Ibarra en menos de 4 a\u00f1os, que permitir\u00e1 cambiar un antiguo y a\u00f1oso sistema con l\u00e1mparas de vapor de sodio a unas totalmente nuevas y con alta luminosidad.<\/p>\n<p style=\"text-align: justify;\">La jornada de este mi\u00e9rcoles, el Alcalde Ricardo Ibarra Valdebenito, anunci\u00f3 la positiva noticia de que la segunda etapa del proyecto \u201cChile Chico Led\u201d, ya cuenta con financiamiento, beneficiando a las localidades de Mall\u00edn Grande, Puerto Bertrand y Puerto Guadal. Son m\u00e1s de 91 millones de pesos que permitir\u00e1n cambiar el a\u00f1oso y obsoleto sistema de l\u00e1mparas a vapor de sodio por uno totalmente nuevo y moderno como el Led.<\/p>\n<p style=\"text-align: justify;\">Los recursos fueron postulados a la Subsecretaria de Desarrollo Regional y Administrativo, Subdere, organismo que aprob\u00f3 el financiamiento de la iniciativa. Feliz se mostr\u00f3 la m\u00e1xima autoridad comunal, con este nuevo e importante logr\u00f3 para esta zona inmersa en la cuenca de Lago General Carrera.<\/p>\n<p style=\"text-align: justify;\">\u201cUn anuncio importante para todas las localidades del interior, recordar que esta es una vieja aspiraci\u00f3n que tiene la comuna en general, de que su sistema de iluminaci\u00f3n, de seguridad durante las noches es bastante deficiente. En esta administraci\u00f3n logramos levantar un proyecto de ingenier\u00eda el\u00e9ctrica, donde la primera parte fue cuando cambiamos la iluminaci\u00f3n del camino internacional, porque cuando asumimos eso no exist\u00eda, hoy es iluminaci\u00f3n led la que se ha instalado en ese sector. Esto mismo ocurrir\u00e1 en el sector Las Chacras, Chile Chico y el interior, permitiendo as\u00ed que nuestro proyecto Chile Chico Led se concrete\u201d.<\/p>\n<p style=\"text-align: justify;\">El Alcalde Ricardo Ibarra, puso en valor lo que acontece en esta jornada, donde la noticia es la obtenci\u00f3n de los recursos, que permitir\u00e1n en los pr\u00f3ximos meses, licitar e iniciar las obras en Mall\u00edn Grande, Puerto Guadal y Puerto Bertrand.<\/p>\n<p style=\"text-align: justify;\">\u201cAhora se viene esta segunda etapa del proyecto, justamente un Concejal y la comunidad me consultaba sobre esta iniciativa, que permitir\u00e1 financiar la reposici\u00f3n completa de toda la iluminaci\u00f3n de Mall\u00edn Grande, Puerto Guadal y Puerto Bertrand. Esta es una tremenda noticia, porque la verdad, todos sabemos que la falta de iluminaci\u00f3n en las calles era bastante notoria, durante muchos a\u00f1os estuvieron abandonadas y hoy van a estar iluminadas con tecnolog\u00eda de primer nivel\u201d.<\/p>\n<p style=\"text-align: justify;\">Entre el proyecto que cambiar\u00e1 a Led las luminarias de las localidades del interior de la comuna junto a la \u201cciudad del sol\u201d y el sector Chacras, la administraci\u00f3n del Alcalde Ricardo Ibarra, gracias al enorme y comprometido trabajo del equipo de Secplac, su directora Claudia Poveda y las gestiones desarrolladas, se logra una inversi\u00f3n que supera los 250 millones de pesos, concretando as\u00ed la iniciativa denominada \u201cChile Chico Led\u201d.<\/p>\n<\/div><\/section><\/div><div  style='height:50px' class='hr hr-invisible   avia-builder-el-6  el_after_av_one_full  el_before_av_social_share '><span class='hr-inner ' ><span class='hr-inner-style'><\/span><\/span><\/div><\/p>\n<div  class='av-social-sharing-box  avia-builder-el-7  el_after_av_hr  el_before_av_hr  '><div class='av-share-box'><h5 class='av-share-link-description av-no-toc '>Compartir esta noticia<\/h5><ul class='av-share-box-list noLightbox'><li class='av-share-link av-social-link-facebook' ><a target=\"_blank\" aria-label=\"Compartir en Facebook\" href='https:\/\/www.facebook.com\/sharer.php?u=https:\/\/radiorevelacionfm.cl\/?p=4293&#038;t=Bertrand%2C%20Mall%C3%ADn%20y%20Guadal%20contar%C3%A1n%20con%20moderna%20iluminaci%C3%B3n%20concretando%20el%20proyecto%20%E2%80%9CChile%20Chico%20led%E2%80%9D' aria-hidden='false' data-av_icon='\ue8f3' data-av_iconfont='entypo-fontello' title='' data-avia-related-tooltip='Compartir en Facebook' rel=\"noopener\"><span class='avia_hidden_link_text'>Compartir en Facebook<\/span><\/a><\/li><li class='av-share-link av-social-link-twitter' ><a target=\"_blank\" aria-label=\"Compartir en Twitter\" href='https:\/\/twitter.com\/share?text=Bertrand%2C%20Mall%C3%ADn%20y%20Guadal%20contar%C3%A1n%20con%20moderna%20iluminaci%C3%B3n%20concretando%20el%20proyecto%20%E2%80%9CChile%20Chico%20led%E2%80%9D&#038;url=https:\/\/radiorevelacionfm.cl\/?p=4293' aria-hidden='false' data-av_icon='\ue8f1' data-av_iconfont='entypo-fontello' title='' data-avia-related-tooltip='Compartir en Twitter' rel=\"noopener\"><span class='avia_hidden_link_text'>Compartir en Twitter<\/span><\/a><\/li><li class='av-share-link av-social-link-whatsapp' ><a target=\"_blank\" aria-label=\"Compartir en Whatsapp\" href='https:\/\/api.whatsapp.com\/send?text=https:\/\/radiorevelacionfm.cl\/?p=4293' aria-hidden='false' data-av_icon='\uf232' data-av_iconfont='entypo-fontello' title='' data-avia-related-tooltip='Compartir en Whatsapp' rel=\"noopener\"><span class='avia_hidden_link_text'>Compartir en Whatsapp<\/span><\/a><\/li><li class='av-share-link av-social-link-linkedin' ><a target=\"_blank\" aria-label=\"Compartir en LinkedIn\" href='https:\/\/linkedin.com\/shareArticle?mini=true&#038;title=Bertrand%2C%20Mall%C3%ADn%20y%20Guadal%20contar%C3%A1n%20con%20moderna%20iluminaci%C3%B3n%20concretando%20el%20proyecto%20%E2%80%9CChile%20Chico%20led%E2%80%9D&#038;url=https:\/\/radiorevelacionfm.cl\/?p=4293' aria-hidden='false' data-av_icon='\ue8fc' data-av_iconfont='entypo-fontello' title='' data-avia-related-tooltip='Compartir en LinkedIn' rel=\"noopener\"><span class='avia_hidden_link_text'>Compartir en LinkedIn<\/span><\/a><\/li><li class='av-share-link av-social-link-mail' ><a  aria-label=\"Compartir por correo\" href='mailto:?subject=Bertrand%2C%20Mall%C3%ADn%20y%20Guadal%20contar%C3%A1n%20con%20moderna%20iluminaci%C3%B3n%20concretando%20el%20proyecto%20%E2%80%9CChile%20Chico%20led%E2%80%9D&#038;body=https:\/\/radiorevelacionfm.cl\/?p=4293' aria-hidden='false' data-av_icon='\ue805' data-av_iconfont='entypo-fontello' title='' data-avia-related-tooltip='Compartir por correo'><span class='avia_hidden_link_text'>Compartir por correo<\/span><\/a><\/li><\/ul><\/div><\/div>\n<div  style='height:50px' class='hr hr-invisible   avia-builder-el-8  el_after_av_social_share  el_before_av_comments_list '><span class='hr-inner ' ><span class='hr-inner-style'><\/span><\/span><\/div>\n<div  class='av-buildercomment  av-blog-meta-html-info-disabled av-blog-meta-tag-disabled  '><\/div>\n","protected":false},"excerpt":{"rendered":"","protected":false},"author":1,"featured_media":0,"comment_status":"open","ping_status":"open","sticky":false,"template":"","format":"standard","meta":{"footnotes":""},"categories":[38],"tags":[],"class_list":["post-4293","post","type-post","status-publish","format-standard","hentry","category-regional"],"jetpack_featured_media_url":"","_links":{"self":[{"href":"https:\/\/radiorevelacionfm.cl\/index.php?rest_route=\/wp\/v2\/posts\/4293","targetHints":{"allow":["GET"]}}],"collection":[{"href":"https:\/\/radiorevelacionfm.cl\/index.php?rest_route=\/wp\/v2\/posts"}],"about":[{"href":"https:\/\/radiorevelacionfm.cl\/index.php?rest_route=\/wp\/v2\/types\/post"}],"author":[{"embeddable":true,"href":"https:\/\/radiorevelacionfm.cl\/index.php?rest_route=\/wp\/v2\/users\/1"}],"replies":[{"embeddable":true,"href":"https:\/\/radiorevelacionfm.cl\/index.php?rest_route=%2Fwp%2Fv2%2Fcomments&post=4293"}],"version-history":[{"count":1,"href":"https:\/\/radiorevelacionfm.cl\/index.php?rest_route=\/wp\/v2\/posts\/4293\/revisions"}],"predecessor-version":[{"id":4295,"href":"https:\/\/radiorevelacionfm.cl\/index.php?rest_route=\/wp\/v2\/posts\/4293\/revisions\/4295"}],"wp:attachment":[{"href":"https:\/\/radiorevelacionfm.cl\/index.php?rest_route=%2Fwp%2Fv2%2Fmedia&parent=4293"}],"wp:term":[{"taxonomy":"category","embeddable":true,"href":"https:\/\/radiorevelacionfm.cl\/index.php?rest_route=%2Fwp%2Fv2%2Fcategories&post=4293"},{"taxonomy":"post_tag","embeddable":true,"href":"https:\/\/radiorevelacionfm.cl\/index.php?rest_route=%2Fwp%2Fv2%2Ftags&post=4293"}],"curies":[{"name":"wp","href":"https:\/\/api.w.org\/{rel}","templated":true}]}}