{"id":42924,"date":"2024-06-06T19:09:56","date_gmt":"2024-06-06T22:09:56","guid":{"rendered":"https:\/\/radiorevelacionfm.cl\/?p=42924"},"modified":"2024-06-06T19:09:56","modified_gmt":"2024-06-06T22:09:56","slug":"mas-de-20-organizaciones-participaron-en-la-primera-escuela-de-gestores-de-calidad-del-aire-en-cochrane","status":"publish","type":"post","link":"https:\/\/radiorevelacionfm.cl\/?p=42924","title":{"rendered":"M\u00e1s de 20 organizaciones participaron en la primera \u201cEscuela de gestores de calidad del aire\u201d en Cochrane"},"content":{"rendered":"<div class=\"flex_column av_one_full  flex_column_div av-zero-column-padding first  avia-builder-el-0  el_before_av_one_full  avia-builder-el-first  \" style='border-radius:0px; '><div  class='avia-image-container  av-styling-    avia-builder-el-1  avia-builder-el-no-sibling  avia-align-center '  itemprop=\"image\" itemscope=\"itemscope\" itemtype=\"https:\/\/schema.org\/ImageObject\"  ><div class='avia-image-container-inner'><div class='avia-image-overlay-wrap'><img decoding=\"async\" class='wp-image-42925 avia-img-lazy-loading-not-42925 avia_image' src=\"https:\/\/radiorevelacionfm.cl\/wp-content\/uploads\/2024\/06\/Gestores-Ambientales-Cochrane-2-1-1.jpeg\" alt='' title='Gestores Ambientales Cochrane (2) (1) (1)' height=\"600\" width=\"901\"  itemprop=\"thumbnailUrl\" srcset=\"https:\/\/radiorevelacionfm.cl\/wp-content\/uploads\/2024\/06\/Gestores-Ambientales-Cochrane-2-1-1.jpeg 901w, https:\/\/radiorevelacionfm.cl\/wp-content\/uploads\/2024\/06\/Gestores-Ambientales-Cochrane-2-1-1-300x200.jpeg 300w, https:\/\/radiorevelacionfm.cl\/wp-content\/uploads\/2024\/06\/Gestores-Ambientales-Cochrane-2-1-1-768x511.jpeg 768w, https:\/\/radiorevelacionfm.cl\/wp-content\/uploads\/2024\/06\/Gestores-Ambientales-Cochrane-2-1-1-705x469.jpeg 705w, https:\/\/radiorevelacionfm.cl\/wp-content\/uploads\/2024\/06\/Gestores-Ambientales-Cochrane-2-1-1-450x300.jpeg 450w, https:\/\/radiorevelacionfm.cl\/wp-content\/uploads\/2024\/06\/Gestores-Ambientales-Cochrane-2-1-1-600x400.jpeg 600w\" sizes=\"(max-width: 901px) 100vw, 901px\" \/><\/div><\/div><\/div><\/div><div class=\"flex_column av_one_full  flex_column_div av-zero-column-padding first  avia-builder-el-2  el_after_av_one_full  el_before_av_one_full  column-top-margin\" style='border-radius:0px; '><section class=\"av_textblock_section \"  itemscope=\"itemscope\" itemtype=\"https:\/\/schema.org\/BlogPosting\" itemprop=\"blogPost\" ><div class='avia_textblock  '   itemprop=\"text\" ><p style=\"text-align: center;\"><span style=\"font-size: 18pt;\"><strong>M\u00e1s de 20 organizaciones participaron en la primera \u201cEscuela de gestores de calidad del aire\u201d en Cochrane<\/strong><\/span><\/p>\n<div id=\"gtx-trans\" style=\"position: absolute; left: -50px; top: 4.31534px;\">\n<div class=\"gtx-trans-icon\"><\/div>\n<\/div>\n<\/div><\/section><\/div><div class=\"flex_column av_one_full  flex_column_div av-zero-column-padding first  avia-builder-el-4  el_after_av_one_full  el_before_av_hr  column-top-margin\" style='border-radius:0px; '><section class=\"av_textblock_section \"  itemscope=\"itemscope\" itemtype=\"https:\/\/schema.org\/BlogPosting\" itemprop=\"blogPost\" ><div class='avia_textblock  '   itemprop=\"text\" ><p style=\"text-align: justify;\"><em>La iniciativa, liderada por la seremi de Salud Ays\u00e9n, tiene por finalidad sensibilizar a la poblaci\u00f3n sobre la contaminaci\u00f3n de aire por material particulado, entendi\u00e9ndose como un problema de salud p\u00fablica que se debe afrontar de manera integral.<\/em><\/p>\n<p style=\"text-align: justify;\">La contaminaci\u00f3n de aire por material particulado es un problema de salud p\u00fablica que afecta en forma aguda y cr\u00f3nica a la poblaci\u00f3n, en especial a los grupos m\u00e1s vulnerables: ni\u00f1os, personas mayores, pacientes cr\u00f3nicos con enfermedades pulmonares y cardiovasculares.<\/p>\n<p style=\"text-align: justify;\">Bajo este contexto y en el marco del \u201cPrograma de vigilancia y control para la poblaci\u00f3n expuesta a contaminantes ambientales (PECA)\u201d, el equipo de la Seremi de Salud Ays\u00e9n junto a profesionales de la Seremi de Medio Ambiente, realiz\u00f3 una nueva versi\u00f3n de la \u201cEscuela de gestores de calidad del aire\u201d, con el objetivo de entregar informaci\u00f3n de los factores de riesgos sanitarios ambientales a los cuales se ven expuestos los habitantes de la localidad.<\/p>\n<p style=\"text-align: justify;\">\u201cEsta es una acci\u00f3n sumamente relevante para nuestro Gobierno, que est\u00e1 comprometido con abordar las problem\u00e1ticas ambientales que afectan a nuestro territorio, particularmente desde los sectores de Medio Ambiente y Salud, donde tenemos que abordar una realidad regional particular, estando expuestos a material particulado ya que nuestra principal fuente de calefacci\u00f3n es la le\u00f1a. Es necesario realizar un trabajo integral y participativo\u201d, sostuvo la seremi de Salud Ays\u00e9n, Carmen Monsalve G\u00f3mez.<\/p>\n<p style=\"text-align: justify;\">La autoridad sanitaria destac\u00f3 que, si bien esta \u201cEscuela de gestores de calidad del aire\u201d ya se ha realizado en las localidades de Puerto Ays\u00e9n y Ma\u00f1ihuales, era necesario ampliar su cobertura hacia otros puntos de la regi\u00f3n, sobre todo en aquellas zonas donde ya se han presentado episodios cr\u00edticos de calidad del aire y que aun no cuentan con un plan de descontaminaci\u00f3n, como es el caso de Cochrane.<\/p>\n<p style=\"text-align: justify;\">\u201cEstamos en un escenario donde debemos agilizar las acciones que est\u00e1n en nuestras manos para poder limitar la emisi\u00f3n de estos gases (humos), que pueden generar un da\u00f1o acumulativo o agudo a las personas, pero tambi\u00e9n para generar conciencia\u201d, indic\u00f3 la seremi de Salud Ays\u00e9n.<\/p>\n<p style=\"text-align: justify;\"><strong>INTERSECTORIALIDAD<\/strong><\/p>\n<p style=\"text-align: justify;\">\u201cComo comunidad no tenemos acceso a datos duros. Efectivamente en Cochrane tenemos contaminaci\u00f3n, nuestra calidad del aire no es buena, por lo tanto tenemos el deber de vincularnos como sociedad civil, instituciones y actores t\u00e9cnicos para hacer una agenda de trabajo consensuada. El a\u00f1o pasado hubo 84 episodios cr\u00edticos, es decir, 24 horas con contaminaci\u00f3n alta, lo que a uno le sorprende. Cuando tienes ese dato duro, no puedes quedarte sin hacer nada\u201d, indic\u00f3 Marisel Conejeros, miembro de la Agrupaci\u00f3n TEAnimo y de la directiva del Liceo Austral Lord Cochrane.<\/p>\n<p style=\"text-align: justify;\">En efecto, entender la contaminaci\u00f3n desde esta mirada intersectorial es justamente uno de los objetivos de las Escuela de Gestores. \u201cTrabajar intersectorialmente hace que se genere una sinergia dentro de la pol\u00edtica p\u00fablica, pero tambi\u00e9n queremos llegar hasta la \u00faltima persona que nos pueda aportar en todo esto y as\u00ed avanzar mucho m\u00e1s r\u00e1pido en la descontaminaci\u00f3n de Cochrane y ojal\u00e1 en todas las localidades de la regi\u00f3n de Ays\u00e9n\u201d, se\u00f1al\u00f3 Paulina Guzm\u00e1n, profesional de la seremi de Medio Ambiente parte de esta iniciativa.<\/p>\n<p style=\"text-align: justify;\">Por su parte, Miguel Oyarzo, profesional del Departamento de Acci\u00f3n Sanitaria de la seremi de Salud, destac\u00f3 que para el segundo semestre de este a\u00f1o se realizar\u00e1 un nuevo encuentro en Cochrane, esta vez dirigido al sector educacional: liceo, escuela y jardines infantiles, con \u00e9nfasis en medidas de prevenci\u00f3n y autocuidado a corto, mediano y largo plazo.<\/p>\n<p style=\"text-align: justify;\">\u201cEsperamos que por lo pronto esto se pueda concretar a trav\u00e9s de instancias de trabajo mucho mas especificas por \u00e1rea, adapt\u00e1ndose a medidas que puedan contribuir a sobrellevar de mejor manera el problema de la contaminaci\u00f3n del aire ac\u00e1 en la localidad\u201d, se\u00f1al\u00f3 Miguel Oyarzo.<\/p>\n<\/div><\/section><\/div><div  style='height:50px' class='hr hr-invisible   avia-builder-el-6  el_after_av_one_full  el_before_av_social_share '><span class='hr-inner ' ><span class='hr-inner-style'><\/span><\/span><\/div><\/p>\n<div  class='av-social-sharing-box  avia-builder-el-7  el_after_av_hr  el_before_av_hr  '><div class='av-share-box'><h5 class='av-share-link-description av-no-toc '>Compartir esta noticia<\/h5><ul class='av-share-box-list noLightbox'><li class='av-share-link av-social-link-facebook' ><a target=\"_blank\" aria-label=\"Compartir en Facebook\" href='https:\/\/www.facebook.com\/sharer.php?u=https:\/\/radiorevelacionfm.cl\/?p=42924&#038;t=M%C3%A1s%20de%2020%20organizaciones%20participaron%20en%20la%20primera%20%E2%80%9CEscuela%20de%20gestores%20de%20calidad%20del%20aire%E2%80%9D%20en%20Cochrane' aria-hidden='false' data-av_icon='\ue8f3' data-av_iconfont='entypo-fontello' title='' data-avia-related-tooltip='Compartir en Facebook' rel=\"noopener\"><span class='avia_hidden_link_text'>Compartir en Facebook<\/span><\/a><\/li><li class='av-share-link av-social-link-twitter' ><a target=\"_blank\" aria-label=\"Compartir en Twitter\" href='https:\/\/twitter.com\/share?text=M%C3%A1s%20de%2020%20organizaciones%20participaron%20en%20la%20primera%20%E2%80%9CEscuela%20de%20gestores%20de%20calidad%20del%20aire%E2%80%9D%20en%20Cochrane&#038;url=https:\/\/radiorevelacionfm.cl\/?p=42924' aria-hidden='false' data-av_icon='\ue8f1' data-av_iconfont='entypo-fontello' title='' data-avia-related-tooltip='Compartir en Twitter' rel=\"noopener\"><span class='avia_hidden_link_text'>Compartir en Twitter<\/span><\/a><\/li><li class='av-share-link av-social-link-whatsapp' ><a target=\"_blank\" aria-label=\"Compartir en Whatsapp\" href='https:\/\/api.whatsapp.com\/send?text=https:\/\/radiorevelacionfm.cl\/?p=42924' aria-hidden='false' data-av_icon='\uf232' data-av_iconfont='entypo-fontello' title='' data-avia-related-tooltip='Compartir en Whatsapp' rel=\"noopener\"><span class='avia_hidden_link_text'>Compartir en Whatsapp<\/span><\/a><\/li><li class='av-share-link av-social-link-linkedin' ><a target=\"_blank\" aria-label=\"Compartir en LinkedIn\" href='https:\/\/linkedin.com\/shareArticle?mini=true&#038;title=M%C3%A1s%20de%2020%20organizaciones%20participaron%20en%20la%20primera%20%E2%80%9CEscuela%20de%20gestores%20de%20calidad%20del%20aire%E2%80%9D%20en%20Cochrane&#038;url=https:\/\/radiorevelacionfm.cl\/?p=42924' aria-hidden='false' data-av_icon='\ue8fc' data-av_iconfont='entypo-fontello' title='' data-avia-related-tooltip='Compartir en LinkedIn' rel=\"noopener\"><span class='avia_hidden_link_text'>Compartir en LinkedIn<\/span><\/a><\/li><li class='av-share-link av-social-link-mail' ><a  aria-label=\"Compartir por correo\" href='mailto:?subject=M%C3%A1s%20de%2020%20organizaciones%20participaron%20en%20la%20primera%20%E2%80%9CEscuela%20de%20gestores%20de%20calidad%20del%20aire%E2%80%9D%20en%20Cochrane&#038;body=https:\/\/radiorevelacionfm.cl\/?p=42924' aria-hidden='false' data-av_icon='\ue805' data-av_iconfont='entypo-fontello' title='' data-avia-related-tooltip='Compartir por correo'><span class='avia_hidden_link_text'>Compartir por correo<\/span><\/a><\/li><\/ul><\/div><\/div>\n<div  style='height:50px' class='hr hr-invisible   avia-builder-el-8  el_after_av_social_share  el_before_av_comments_list '><span class='hr-inner ' ><span class='hr-inner-style'><\/span><\/span><\/div>\n<div  class='av-buildercomment  av-blog-meta-html-info-disabled av-blog-meta-tag-disabled  '><\/div>\n","protected":false},"excerpt":{"rendered":"","protected":false},"author":1,"featured_media":42925,"comment_status":"open","ping_status":"open","sticky":false,"template":"","format":"standard","meta":{"footnotes":""},"categories":[46],"tags":[],"class_list":["post-42924","post","type-post","status-publish","format-standard","has-post-thumbnail","hentry","category-salud"],"jetpack_featured_media_url":"https:\/\/radiorevelacionfm.cl\/wp-content\/uploads\/2024\/06\/Gestores-Ambientales-Cochrane-2-1-1.jpeg","_links":{"self":[{"href":"https:\/\/radiorevelacionfm.cl\/index.php?rest_route=\/wp\/v2\/posts\/42924","targetHints":{"allow":["GET"]}}],"collection":[{"href":"https:\/\/radiorevelacionfm.cl\/index.php?rest_route=\/wp\/v2\/posts"}],"about":[{"href":"https:\/\/radiorevelacionfm.cl\/index.php?rest_route=\/wp\/v2\/types\/post"}],"author":[{"embeddable":true,"href":"https:\/\/radiorevelacionfm.cl\/index.php?rest_route=\/wp\/v2\/users\/1"}],"replies":[{"embeddable":true,"href":"https:\/\/radiorevelacionfm.cl\/index.php?rest_route=%2Fwp%2Fv2%2Fcomments&post=42924"}],"version-history":[{"count":1,"href":"https:\/\/radiorevelacionfm.cl\/index.php?rest_route=\/wp\/v2\/posts\/42924\/revisions"}],"predecessor-version":[{"id":42926,"href":"https:\/\/radiorevelacionfm.cl\/index.php?rest_route=\/wp\/v2\/posts\/42924\/revisions\/42926"}],"wp:featuredmedia":[{"embeddable":true,"href":"https:\/\/radiorevelacionfm.cl\/index.php?rest_route=\/wp\/v2\/media\/42925"}],"wp:attachment":[{"href":"https:\/\/radiorevelacionfm.cl\/index.php?rest_route=%2Fwp%2Fv2%2Fmedia&parent=42924"}],"wp:term":[{"taxonomy":"category","embeddable":true,"href":"https:\/\/radiorevelacionfm.cl\/index.php?rest_route=%2Fwp%2Fv2%2Fcategories&post=42924"},{"taxonomy":"post_tag","embeddable":true,"href":"https:\/\/radiorevelacionfm.cl\/index.php?rest_route=%2Fwp%2Fv2%2Ftags&post=42924"}],"curies":[{"name":"wp","href":"https:\/\/api.w.org\/{rel}","templated":true}]}}