{"id":42917,"date":"2024-06-06T12:28:26","date_gmt":"2024-06-06T15:28:26","guid":{"rendered":"https:\/\/radiorevelacionfm.cl\/?p=42917"},"modified":"2024-06-06T12:28:26","modified_gmt":"2024-06-06T15:28:26","slug":"programa-buenas-practicas-laborales-con-equidad-de-genero-de-sernameg-aysen-amplia-su-espectro-de-organizaciones-este-2024","status":"publish","type":"post","link":"https:\/\/radiorevelacionfm.cl\/?p=42917","title":{"rendered":"Programa Buenas Pr\u00e1cticas Laborales con Equidad de G\u00e9nero de SernamEG Ays\u00e9n ampl\u00eda su espectro de organizaciones este 2024"},"content":{"rendered":"<div class=\"flex_column av_one_full  flex_column_div av-zero-column-padding first  avia-builder-el-0  el_before_av_one_full  avia-builder-el-first  \" style='border-radius:0px; '><div  class='avia-image-container  av-styling-    avia-builder-el-1  avia-builder-el-no-sibling  avia-align-center '  itemprop=\"image\" itemscope=\"itemscope\" itemtype=\"https:\/\/schema.org\/ImageObject\"  ><div class='avia-image-container-inner'><div class='avia-image-overlay-wrap'><img decoding=\"async\" class='wp-image-42918 avia-img-lazy-loading-not-42918 avia_image' src=\"https:\/\/radiorevelacionfm.cl\/wp-content\/uploads\/2024\/06\/bpl-1-1_optimized-1.jpeg\" alt='' title='bpl-1-(1)_optimized (1)' height=\"600\" width=\"1117\"  itemprop=\"thumbnailUrl\" srcset=\"https:\/\/radiorevelacionfm.cl\/wp-content\/uploads\/2024\/06\/bpl-1-1_optimized-1.jpeg 1117w, https:\/\/radiorevelacionfm.cl\/wp-content\/uploads\/2024\/06\/bpl-1-1_optimized-1-300x161.jpeg 300w, https:\/\/radiorevelacionfm.cl\/wp-content\/uploads\/2024\/06\/bpl-1-1_optimized-1-1030x553.jpeg 1030w, https:\/\/radiorevelacionfm.cl\/wp-content\/uploads\/2024\/06\/bpl-1-1_optimized-1-768x413.jpeg 768w, https:\/\/radiorevelacionfm.cl\/wp-content\/uploads\/2024\/06\/bpl-1-1_optimized-1-705x379.jpeg 705w, https:\/\/radiorevelacionfm.cl\/wp-content\/uploads\/2024\/06\/bpl-1-1_optimized-1-450x242.jpeg 450w, https:\/\/radiorevelacionfm.cl\/wp-content\/uploads\/2024\/06\/bpl-1-1_optimized-1-600x322.jpeg 600w\" sizes=\"(max-width: 1117px) 100vw, 1117px\" \/><\/div><\/div><\/div><\/div><div class=\"flex_column av_one_full  flex_column_div av-zero-column-padding first  avia-builder-el-2  el_after_av_one_full  el_before_av_one_full  column-top-margin\" style='border-radius:0px; '><section class=\"av_textblock_section \"  itemscope=\"itemscope\" itemtype=\"https:\/\/schema.org\/BlogPosting\" itemprop=\"blogPost\" ><div class='avia_textblock  '   itemprop=\"text\" ><p style=\"text-align: center;\"><strong><span style=\"font-size: 18pt;\">Programa Buenas Pr\u00e1cticas Laborales con Equidad de G\u00e9nero de SernamEG Ays\u00e9n ampl\u00eda su espectro de organizaciones este 2024<\/span><\/strong><\/p>\n<div id=\"gtx-trans\" style=\"position: absolute; left: -50px; top: 4.31534px;\">\n<div class=\"gtx-trans-icon\"><\/div>\n<\/div>\n<\/div><\/section><\/div><div class=\"flex_column av_one_full  flex_column_div av-zero-column-padding first  avia-builder-el-4  el_after_av_one_full  el_before_av_hr  column-top-margin\" style='border-radius:0px; '><section class=\"av_textblock_section \"  itemscope=\"itemscope\" itemtype=\"https:\/\/schema.org\/BlogPosting\" itemprop=\"blogPost\" ><div class='avia_textblock  '   itemprop=\"text\" ><p dir=\"ltr\" style=\"text-align: justify;\">El Servicio Nacional de la Mujer y Equidad de G\u00e9nero (SernamEG) de la Regi\u00f3n de Ays\u00e9n lanz\u00f3 la versi\u00f3n 2024 del Programa Buenas Pr\u00e1cticas Laborales con Equidad de G\u00e9nero, que este a\u00f1o trabajar\u00e1 con organizaciones p\u00fablicas, privadas y sin fines de lucro, llegando a todos los tipos de espacios laborales.<\/p>\n<p dir=\"ltr\" style=\"text-align: justify;\">\u00abEstamos incorporando a tres tipos de instituciones, del \u00e1mbito p\u00fablico, del \u00e1mbito privado y tambi\u00e9n de las fundaciones, porque las buenas pr\u00e1cticas laborales son transversales y las brechas de g\u00e9nero, efectivamente, se ven en estos distintos espacios de trabajo\u00bb, manifest\u00f3 la Directora Regional de SernamEG, Patricia Baeza Cabezas.<\/p>\n<p dir=\"ltr\" style=\"text-align: justify;\">El objetivo del Programa Buenas Pr\u00e1cticas Laborales es lograr cambios culturales sustantivos para la igualdad de g\u00e9nero, a trav\u00e9s de la transversalizaci\u00f3n del enfoque de g\u00e9nero en el quehacer de las organizaciones, mediante la entrega de herramientas de sensibilizaci\u00f3n y capacitaci\u00f3n en distintos niveles de intervenci\u00f3n.<\/p>\n<p dir=\"ltr\" style=\"text-align: justify;\">\u00abCreemos que uno de los elementos m\u00e1s importantes que tiene esta iniciativa es que, junto con avanzar en la inserci\u00f3n de las mujeres en los espacios laborales, tenemos que tambi\u00e9n avanzar en la generaci\u00f3n de espacios que sean dignos, que sean tranquilos, que est\u00e9n exentos de violencia. Y en ese sentido, este programa favorece justamente este contexto\u00bb, se\u00f1al\u00f3 la Seremi de la Mujer y la Equidad de G\u00e9nero, Andrea Mendez Valenzuela.<\/p>\n<p dir=\"ltr\" style=\"text-align: justify;\">Las organizaciones que ingresaron al programa Buenas Pr\u00e1cticas Laborales con Equidad de G\u00e9nero este a\u00f1o son: Fundaci\u00f3n Integra, Constructora Xinta Ltda., Inmobiliaria XintaPro Ltda. y la Direcci\u00f3n de Salud Rural de la Regi\u00f3n de Ays\u00e9n.<\/p>\n<p dir=\"ltr\" style=\"text-align: justify;\">Desde Inmobiliaria XintaPro Ltda., su representante, Liz Montiel, asegura que para su organizaci\u00f3n \u00abes un orgullo poder participar de este programa y ser pioneros como empresa privada en la implementaci\u00f3n, porque la verdad es que es necesario. Hemos estado en mesas de conversaciones, tenemos v\u00ednculos con empresas ligadas a la construcci\u00f3n, con instituciones p\u00fablicas tambi\u00e9n, y si nosotros no partimos haciendo el cambio esto se va a demorar, y queremos marcar la diferencia en la Regi\u00f3n de Ays\u00e9n\u00bb.<\/p>\n<p dir=\"ltr\" style=\"text-align: justify;\">Por \u00faltimo, junto con recibir a las organizaciones que ingresaron este a\u00f1o, tambi\u00e9n se reconoci\u00f3 el egreso favorable del programa del Servicio de Vivienda y Urbanizaci\u00f3n (Serviu) de la Regi\u00f3n de Ays\u00e9n, cuyo Director, V\u00edctor Contreras Oyarzo, asisti\u00f3 a la ceremonia y expres\u00f3 su satisfacci\u00f3n con los resultados que tuvo la implementaci\u00f3n de esta iniciativa en su instituci\u00f3n.<\/p>\n<p dir=\"ltr\" style=\"text-align: justify;\">\u00abHa sido un proceso interesante, nos ha permitido involucrarnos en \u00e1reas que no son tan propias de nuestro servicio, y espero nos permita avanzar. Les comentaba a la Directora y a la Seremi que, por ejemplo, desde el servicio se est\u00e1 propiciando la participaci\u00f3n femenina como un factor a evaluar dentro de los criterios de las licitaciones. Adem\u00e1s, esto nos ha permitido vincularnos con las asociaciones de funcionarios, entonces ha sido un trabajo en conjunto que esperamos seguir construyendo\u00bb, dijo el Director Regional de Serviu.<\/p>\n<\/div><\/section><\/div><div  style='height:50px' class='hr hr-invisible   avia-builder-el-6  el_after_av_one_full  el_before_av_social_share '><span class='hr-inner ' ><span class='hr-inner-style'><\/span><\/span><\/div><\/p>\n<div  class='av-social-sharing-box  avia-builder-el-7  el_after_av_hr  el_before_av_hr  '><div class='av-share-box'><h5 class='av-share-link-description av-no-toc '>Compartir esta noticia<\/h5><ul class='av-share-box-list noLightbox'><li class='av-share-link av-social-link-facebook' ><a target=\"_blank\" aria-label=\"Compartir en Facebook\" href='https:\/\/www.facebook.com\/sharer.php?u=https:\/\/radiorevelacionfm.cl\/?p=42917&#038;t=Programa%20Buenas%20Pr%C3%A1cticas%20Laborales%20con%20Equidad%20de%20G%C3%A9nero%20de%20SernamEG%20Ays%C3%A9n%20ampl%C3%ADa%20su%20espectro%20de%20organizaciones%20este%202024' aria-hidden='false' data-av_icon='\ue8f3' data-av_iconfont='entypo-fontello' title='' data-avia-related-tooltip='Compartir en Facebook' rel=\"noopener\"><span class='avia_hidden_link_text'>Compartir en Facebook<\/span><\/a><\/li><li class='av-share-link av-social-link-twitter' ><a target=\"_blank\" aria-label=\"Compartir en Twitter\" href='https:\/\/twitter.com\/share?text=Programa%20Buenas%20Pr%C3%A1cticas%20Laborales%20con%20Equidad%20de%20G%C3%A9nero%20de%20SernamEG%20Ays%C3%A9n%20ampl%C3%ADa%20su%20espectro%20de%20organizaciones%20este%202024&#038;url=https:\/\/radiorevelacionfm.cl\/?p=42917' aria-hidden='false' data-av_icon='\ue8f1' data-av_iconfont='entypo-fontello' title='' data-avia-related-tooltip='Compartir en Twitter' rel=\"noopener\"><span class='avia_hidden_link_text'>Compartir en Twitter<\/span><\/a><\/li><li class='av-share-link av-social-link-whatsapp' ><a target=\"_blank\" aria-label=\"Compartir en Whatsapp\" href='https:\/\/api.whatsapp.com\/send?text=https:\/\/radiorevelacionfm.cl\/?p=42917' aria-hidden='false' data-av_icon='\uf232' data-av_iconfont='entypo-fontello' title='' data-avia-related-tooltip='Compartir en Whatsapp' rel=\"noopener\"><span class='avia_hidden_link_text'>Compartir en Whatsapp<\/span><\/a><\/li><li class='av-share-link av-social-link-linkedin' ><a target=\"_blank\" aria-label=\"Compartir en LinkedIn\" href='https:\/\/linkedin.com\/shareArticle?mini=true&#038;title=Programa%20Buenas%20Pr%C3%A1cticas%20Laborales%20con%20Equidad%20de%20G%C3%A9nero%20de%20SernamEG%20Ays%C3%A9n%20ampl%C3%ADa%20su%20espectro%20de%20organizaciones%20este%202024&#038;url=https:\/\/radiorevelacionfm.cl\/?p=42917' aria-hidden='false' data-av_icon='\ue8fc' data-av_iconfont='entypo-fontello' title='' data-avia-related-tooltip='Compartir en LinkedIn' rel=\"noopener\"><span class='avia_hidden_link_text'>Compartir en LinkedIn<\/span><\/a><\/li><li class='av-share-link av-social-link-mail' ><a  aria-label=\"Compartir por correo\" href='mailto:?subject=Programa%20Buenas%20Pr%C3%A1cticas%20Laborales%20con%20Equidad%20de%20G%C3%A9nero%20de%20SernamEG%20Ays%C3%A9n%20ampl%C3%ADa%20su%20espectro%20de%20organizaciones%20este%202024&#038;body=https:\/\/radiorevelacionfm.cl\/?p=42917' aria-hidden='false' data-av_icon='\ue805' data-av_iconfont='entypo-fontello' title='' data-avia-related-tooltip='Compartir por correo'><span class='avia_hidden_link_text'>Compartir por correo<\/span><\/a><\/li><\/ul><\/div><\/div>\n<div  style='height:50px' class='hr hr-invisible   avia-builder-el-8  el_after_av_social_share  el_before_av_comments_list '><span class='hr-inner ' ><span class='hr-inner-style'><\/span><\/span><\/div>\n<div  class='av-buildercomment  av-blog-meta-html-info-disabled av-blog-meta-tag-disabled  '><\/div>\n","protected":false},"excerpt":{"rendered":"","protected":false},"author":1,"featured_media":42918,"comment_status":"open","ping_status":"open","sticky":false,"template":"","format":"standard","meta":{"footnotes":""},"categories":[38],"tags":[],"class_list":["post-42917","post","type-post","status-publish","format-standard","has-post-thumbnail","hentry","category-regional"],"jetpack_featured_media_url":"https:\/\/radiorevelacionfm.cl\/wp-content\/uploads\/2024\/06\/bpl-1-1_optimized-1.jpeg","_links":{"self":[{"href":"https:\/\/radiorevelacionfm.cl\/index.php?rest_route=\/wp\/v2\/posts\/42917","targetHints":{"allow":["GET"]}}],"collection":[{"href":"https:\/\/radiorevelacionfm.cl\/index.php?rest_route=\/wp\/v2\/posts"}],"about":[{"href":"https:\/\/radiorevelacionfm.cl\/index.php?rest_route=\/wp\/v2\/types\/post"}],"author":[{"embeddable":true,"href":"https:\/\/radiorevelacionfm.cl\/index.php?rest_route=\/wp\/v2\/users\/1"}],"replies":[{"embeddable":true,"href":"https:\/\/radiorevelacionfm.cl\/index.php?rest_route=%2Fwp%2Fv2%2Fcomments&post=42917"}],"version-history":[{"count":1,"href":"https:\/\/radiorevelacionfm.cl\/index.php?rest_route=\/wp\/v2\/posts\/42917\/revisions"}],"predecessor-version":[{"id":42919,"href":"https:\/\/radiorevelacionfm.cl\/index.php?rest_route=\/wp\/v2\/posts\/42917\/revisions\/42919"}],"wp:featuredmedia":[{"embeddable":true,"href":"https:\/\/radiorevelacionfm.cl\/index.php?rest_route=\/wp\/v2\/media\/42918"}],"wp:attachment":[{"href":"https:\/\/radiorevelacionfm.cl\/index.php?rest_route=%2Fwp%2Fv2%2Fmedia&parent=42917"}],"wp:term":[{"taxonomy":"category","embeddable":true,"href":"https:\/\/radiorevelacionfm.cl\/index.php?rest_route=%2Fwp%2Fv2%2Fcategories&post=42917"},{"taxonomy":"post_tag","embeddable":true,"href":"https:\/\/radiorevelacionfm.cl\/index.php?rest_route=%2Fwp%2Fv2%2Ftags&post=42917"}],"curies":[{"name":"wp","href":"https:\/\/api.w.org\/{rel}","templated":true}]}}