{"id":42912,"date":"2024-06-07T22:06:25","date_gmt":"2024-06-08T01:06:25","guid":{"rendered":"https:\/\/radiorevelacionfm.cl\/?p=42912"},"modified":"2024-06-07T22:06:25","modified_gmt":"2024-06-08T01:06:25","slug":"servicios-de-fiscalizacion-y-camara-de-comercio-realizan-provechosa-reunion-de-coordinacion","status":"publish","type":"post","link":"https:\/\/radiorevelacionfm.cl\/?p=42912","title":{"rendered":"Servicios de Fiscalizaci\u00f3n y C\u00e1mara de Comercio realizan provechosa reuni\u00f3n de coordinaci\u00f3n"},"content":{"rendered":"<div class=\"flex_column av_one_full  flex_column_div av-zero-column-padding first  avia-builder-el-0  el_before_av_one_full  avia-builder-el-first  \" style='border-radius:0px; '><div  class='avia-image-container  av-styling-    avia-builder-el-1  avia-builder-el-no-sibling  avia-align-center '  itemprop=\"image\" itemscope=\"itemscope\" itemtype=\"https:\/\/schema.org\/ImageObject\"  ><div class='avia-image-container-inner'><div class='avia-image-overlay-wrap'><img decoding=\"async\" class='wp-image-42913 avia-img-lazy-loading-not-42913 avia_image' src=\"https:\/\/radiorevelacionfm.cl\/wp-content\/uploads\/2024\/06\/img_0587-1_optimized.jpg\" alt='' title='img_0587-(1)_optimized' height=\"600\" width=\"879\"  itemprop=\"thumbnailUrl\" srcset=\"https:\/\/radiorevelacionfm.cl\/wp-content\/uploads\/2024\/06\/img_0587-1_optimized.jpg 879w, https:\/\/radiorevelacionfm.cl\/wp-content\/uploads\/2024\/06\/img_0587-1_optimized-300x205.jpg 300w, https:\/\/radiorevelacionfm.cl\/wp-content\/uploads\/2024\/06\/img_0587-1_optimized-768x524.jpg 768w, https:\/\/radiorevelacionfm.cl\/wp-content\/uploads\/2024\/06\/img_0587-1_optimized-705x481.jpg 705w, https:\/\/radiorevelacionfm.cl\/wp-content\/uploads\/2024\/06\/img_0587-1_optimized-450x307.jpg 450w, https:\/\/radiorevelacionfm.cl\/wp-content\/uploads\/2024\/06\/img_0587-1_optimized-600x410.jpg 600w\" sizes=\"(max-width: 879px) 100vw, 879px\" \/><\/div><\/div><\/div><\/div><div class=\"flex_column av_one_full  flex_column_div av-zero-column-padding first  avia-builder-el-2  el_after_av_one_full  el_before_av_one_full  column-top-margin\" style='border-radius:0px; '><section class=\"av_textblock_section \"  itemscope=\"itemscope\" itemtype=\"https:\/\/schema.org\/BlogPosting\" itemprop=\"blogPost\" ><div class='avia_textblock  '   itemprop=\"text\" ><p style=\"text-align: center;\"><span style=\"font-size: 18pt;\"><b>Servicios de Fiscalizaci\u00f3n y C\u00e1mara de Comercio realizan provechosa reuni\u00f3n de coordinaci\u00f3n<\/b><\/span><\/p>\n<div id=\"gtx-trans\" style=\"position: absolute; left: -50px; top: 4.31534px;\">\n<div class=\"gtx-trans-icon\"><\/div>\n<\/div>\n<\/div><\/section><\/div><div class=\"flex_column av_one_full  flex_column_div av-zero-column-padding first  avia-builder-el-4  el_after_av_one_full  el_before_av_hr  column-top-margin\" style='border-radius:0px; '><section class=\"av_textblock_section \"  itemscope=\"itemscope\" itemtype=\"https:\/\/schema.org\/BlogPosting\" itemprop=\"blogPost\" ><div class='avia_textblock  '   itemprop=\"text\" ><p style=\"text-align: justify;\">Con el objetivo de reforzar la seguridad p\u00fablica en torno al comercio establecido en la capital regional, los servicios p\u00fablicos con atribuciones fiscalizadoras y la C\u00e1mara de Comercio de Coyhaique, sostuvieron una reuni\u00f3n durante la ma\u00f1ana del martes 5 de junio, en la que se acord\u00f3 sesionar en forma permanente en una mesa de trabajo, para coordinar esfuerzos entre comerciantes y organismos de Estado.<\/p>\n<p style=\"text-align: justify;\">El encuentro fue encabezado por el delegado regional Rodrigo Araya y adem\u00e1s del seremi del Trabajo, Rodrigo D\u00edaz y la coordinadora de Seguridad P\u00fablica, Camila Covarrubias, asistieron el presidente de la C\u00e1mara de Comercio, Rodrigo Canales, funcionarios de Carabineros, Direcci\u00f3n del Trabajo, Seremi de Salud, Departamento de Fiscalizaci\u00f3n Municipal y Servicio de Impuestos Internos.<\/p>\n<p style=\"text-align: justify;\">El representante de los comerciantes agradeci\u00f3 la instalaci\u00f3n de esta mesa de trabajo e indic\u00f3 que para su gremio es importante mantener en alerta a la comunidad sobre los peligros del comercio no establecido, para lo cual han realizado esfuerzos como la campa\u00f1a \u201cTodos Contra el Contrabando\u201d.<\/p>\n<p style=\"text-align: justify;\">Rodrigo Canales indic\u00f3 igualmente que la instituci\u00f3n que encabeza ha concretado acciones para ayudar a los emprendedores a formalizar su trabajo y as\u00ed mejorar el servicio que se presta a la comunidad.<\/p>\n<p style=\"text-align: justify;\">\u201cFue una reuni\u00f3n bastante interesante, ya que participaron los principales entes relacionados con el comercio. Primero que nada, nos informamos bastante de sus agendas lo cual se agradece, y tomamos como acuerdo que nosotros estamos a disposici\u00f3n de los estamentos p\u00fablicos para transmitir r\u00e1pidamente los acentos que quieren dar las autoridades y transmitimos nuestra preocupaci\u00f3n de no perder el acento en el comercio ilegal\u201d, declar\u00f3 el presidente de la organizaci\u00f3n del comercio.<\/p>\n<p style=\"text-align: justify;\">El dirigente agreg\u00f3 que de esta reuni\u00f3n se obtuvieron acuerdos para coordinaciones y capacitaciones informativas a los socios de la C\u00e1mara y la comunidad en general, que ayudar\u00edan a disminuir eventuales incumplimientos frente a nuevas normas que pudieran ser todav\u00eda desconocidas por los comerciantes.<\/p>\n<p style=\"text-align: justify;\">En el marco de la reuni\u00f3n, las instituciones a las cuales la ley otorga facultades de fiscalizaci\u00f3n expusieron en detalle sus roles, objetivos y mecanismos de trabajo.<\/p>\n<p style=\"text-align: justify;\">As\u00ed, el Servicio de Impuestos Internos inform\u00f3 que mediante el trabajo en terreno buscan la educaci\u00f3n tributaria al contribuyente, tarea muy provechosa ya que solo el a\u00f1o pasado realizaron 252 salidas de fiscalizaci\u00f3n.<\/p>\n<p style=\"text-align: justify;\">Por su parte el Departamento de Inspecci\u00f3n y fiscalizaci\u00f3n de la Municipalidad de Coyhaique explic\u00f3 que su tarea es verificar el cumplimiento de la ley de rentas y de alcoholes, la ley de urbanismo y la ley y ordenanza municipal de tenencia responsable de mascotas.<\/p>\n<p style=\"text-align: justify;\">Carabineros, dio a conocer elementos sobre el trabajo de prevenci\u00f3n del delito, mediante el refuerzo de su presencia en puntos cr\u00edticos, considerando que la capital regional cuenta con cerca de 400 locales autorizados. \u201cLa verdad es que la situaci\u00f3n delictual en la comuna ha tenido cierta estabilidad respecto a a\u00f1os anteriores. Sin embargo, los robos con violencia a locales comerciales han tenido un aumento y nosotros como Carabineros estamos incrementando nuestros servicios preventivos y focalizados desde el primer d\u00eda en los locales comerciales\u201d, indic\u00f3 el Mayor Gerardo Gonz\u00e1lez, Comisario de la Primera Comisar\u00eda de Coyhaique.<\/p>\n<p style=\"text-align: justify;\">En la misma l\u00ednea, el oficial de la polic\u00eda uniformada destac\u00f3 que las tazas de \u00e9xito de investigaciones por parte del Ministerio P\u00fablico, son muy altas en nuestra regi\u00f3n.<\/p>\n<p style=\"text-align: justify;\">El delegado Rodrigo Araya afirm\u00f3 que la necesidad de realizar este encuentro nace del inter\u00e9s del sector comercio por conocer el rol y planificaci\u00f3n de los servicios fiscalizadores y de la disposici\u00f3n del gobierno de fomentar el comercio local y establecido, as\u00ed como prevenir incivilidades.<\/p>\n<p style=\"text-align: justify;\">Asimismo, el representante del gobierno afirm\u00f3 que la idea compartida entre los diferentes actores de esta primera sesi\u00f3n, es generar estrategias comunes para mejorar el cumplimiento de la normativa.<\/p>\n<p style=\"text-align: justify;\">Por \u00faltimo, el delegado Rodrigo Araya manifest\u00f3 que otro aspecto de preocupaci\u00f3n entre los presentes fue la aplicaci\u00f3n de la Ley de Alcoholes, considerando que el Plan Regional de Seguridad P\u00fablica ha priorizado el trabajo en torno al consumo de alcohol en la v\u00eda p\u00fablica.<\/p>\n<p style=\"text-align: justify;\">Debido a esto se anunci\u00f3 que las fiscalizaciones seguir\u00e1n constatando que los locales que venden alcohol cuenten con la respectiva patente, que no se venda a personas en evidente estado de ebriedad o a menores de edad.<\/p>\n<\/div><\/section><\/div><div  style='height:50px' class='hr hr-invisible   avia-builder-el-6  el_after_av_one_full  el_before_av_social_share '><span class='hr-inner ' ><span class='hr-inner-style'><\/span><\/span><\/div><\/p>\n<div  class='av-social-sharing-box  avia-builder-el-7  el_after_av_hr  el_before_av_hr  '><div class='av-share-box'><h5 class='av-share-link-description av-no-toc '>Compartir esta noticia<\/h5><ul class='av-share-box-list noLightbox'><li class='av-share-link av-social-link-facebook' ><a target=\"_blank\" aria-label=\"Compartir en Facebook\" href='https:\/\/www.facebook.com\/sharer.php?u=https:\/\/radiorevelacionfm.cl\/?p=42912&#038;t=Servicios%20de%20Fiscalizaci%C3%B3n%20y%20C%C3%A1mara%20de%20Comercio%20realizan%20provechosa%20reuni%C3%B3n%20de%20coordinaci%C3%B3n' aria-hidden='false' data-av_icon='\ue8f3' data-av_iconfont='entypo-fontello' title='' data-avia-related-tooltip='Compartir en Facebook' rel=\"noopener\"><span class='avia_hidden_link_text'>Compartir en Facebook<\/span><\/a><\/li><li class='av-share-link av-social-link-twitter' ><a target=\"_blank\" aria-label=\"Compartir en Twitter\" href='https:\/\/twitter.com\/share?text=Servicios%20de%20Fiscalizaci%C3%B3n%20y%20C%C3%A1mara%20de%20Comercio%20realizan%20provechosa%20reuni%C3%B3n%20de%20coordinaci%C3%B3n&#038;url=https:\/\/radiorevelacionfm.cl\/?p=42912' aria-hidden='false' data-av_icon='\ue8f1' data-av_iconfont='entypo-fontello' title='' data-avia-related-tooltip='Compartir en Twitter' rel=\"noopener\"><span class='avia_hidden_link_text'>Compartir en Twitter<\/span><\/a><\/li><li class='av-share-link av-social-link-whatsapp' ><a target=\"_blank\" aria-label=\"Compartir en Whatsapp\" href='https:\/\/api.whatsapp.com\/send?text=https:\/\/radiorevelacionfm.cl\/?p=42912' aria-hidden='false' data-av_icon='\uf232' data-av_iconfont='entypo-fontello' title='' data-avia-related-tooltip='Compartir en Whatsapp' rel=\"noopener\"><span class='avia_hidden_link_text'>Compartir en Whatsapp<\/span><\/a><\/li><li class='av-share-link av-social-link-linkedin' ><a target=\"_blank\" aria-label=\"Compartir en LinkedIn\" href='https:\/\/linkedin.com\/shareArticle?mini=true&#038;title=Servicios%20de%20Fiscalizaci%C3%B3n%20y%20C%C3%A1mara%20de%20Comercio%20realizan%20provechosa%20reuni%C3%B3n%20de%20coordinaci%C3%B3n&#038;url=https:\/\/radiorevelacionfm.cl\/?p=42912' aria-hidden='false' data-av_icon='\ue8fc' data-av_iconfont='entypo-fontello' title='' data-avia-related-tooltip='Compartir en LinkedIn' rel=\"noopener\"><span class='avia_hidden_link_text'>Compartir en LinkedIn<\/span><\/a><\/li><li class='av-share-link av-social-link-mail' ><a  aria-label=\"Compartir por correo\" href='mailto:?subject=Servicios%20de%20Fiscalizaci%C3%B3n%20y%20C%C3%A1mara%20de%20Comercio%20realizan%20provechosa%20reuni%C3%B3n%20de%20coordinaci%C3%B3n&#038;body=https:\/\/radiorevelacionfm.cl\/?p=42912' aria-hidden='false' data-av_icon='\ue805' data-av_iconfont='entypo-fontello' title='' data-avia-related-tooltip='Compartir por correo'><span class='avia_hidden_link_text'>Compartir por correo<\/span><\/a><\/li><\/ul><\/div><\/div>\n<div  style='height:50px' class='hr hr-invisible   avia-builder-el-8  el_after_av_social_share  el_before_av_comments_list '><span class='hr-inner ' ><span class='hr-inner-style'><\/span><\/span><\/div>\n<div  class='av-buildercomment  av-blog-meta-html-info-disabled av-blog-meta-tag-disabled  '><\/div>\n","protected":false},"excerpt":{"rendered":"","protected":false},"author":1,"featured_media":42913,"comment_status":"open","ping_status":"open","sticky":false,"template":"","format":"standard","meta":{"footnotes":""},"categories":[38],"tags":[],"class_list":["post-42912","post","type-post","status-publish","format-standard","has-post-thumbnail","hentry","category-regional"],"jetpack_featured_media_url":"https:\/\/radiorevelacionfm.cl\/wp-content\/uploads\/2024\/06\/img_0587-1_optimized.jpg","_links":{"self":[{"href":"https:\/\/radiorevelacionfm.cl\/index.php?rest_route=\/wp\/v2\/posts\/42912","targetHints":{"allow":["GET"]}}],"collection":[{"href":"https:\/\/radiorevelacionfm.cl\/index.php?rest_route=\/wp\/v2\/posts"}],"about":[{"href":"https:\/\/radiorevelacionfm.cl\/index.php?rest_route=\/wp\/v2\/types\/post"}],"author":[{"embeddable":true,"href":"https:\/\/radiorevelacionfm.cl\/index.php?rest_route=\/wp\/v2\/users\/1"}],"replies":[{"embeddable":true,"href":"https:\/\/radiorevelacionfm.cl\/index.php?rest_route=%2Fwp%2Fv2%2Fcomments&post=42912"}],"version-history":[{"count":1,"href":"https:\/\/radiorevelacionfm.cl\/index.php?rest_route=\/wp\/v2\/posts\/42912\/revisions"}],"predecessor-version":[{"id":42914,"href":"https:\/\/radiorevelacionfm.cl\/index.php?rest_route=\/wp\/v2\/posts\/42912\/revisions\/42914"}],"wp:featuredmedia":[{"embeddable":true,"href":"https:\/\/radiorevelacionfm.cl\/index.php?rest_route=\/wp\/v2\/media\/42913"}],"wp:attachment":[{"href":"https:\/\/radiorevelacionfm.cl\/index.php?rest_route=%2Fwp%2Fv2%2Fmedia&parent=42912"}],"wp:term":[{"taxonomy":"category","embeddable":true,"href":"https:\/\/radiorevelacionfm.cl\/index.php?rest_route=%2Fwp%2Fv2%2Fcategories&post=42912"},{"taxonomy":"post_tag","embeddable":true,"href":"https:\/\/radiorevelacionfm.cl\/index.php?rest_route=%2Fwp%2Fv2%2Ftags&post=42912"}],"curies":[{"name":"wp","href":"https:\/\/api.w.org\/{rel}","templated":true}]}}