{"id":42908,"date":"2024-06-05T18:07:29","date_gmt":"2024-06-05T21:07:29","guid":{"rendered":"https:\/\/radiorevelacionfm.cl\/?p=42908"},"modified":"2024-06-05T18:11:05","modified_gmt":"2024-06-05T21:11:05","slug":"inician-entrega-de-lena-a-familias-vulnerables-en-villa-manihuales","status":"publish","type":"post","link":"https:\/\/radiorevelacionfm.cl\/?p=42908","title":{"rendered":"Inician entrega de le\u00f1a a familias vulnerables en Villa Ma\u00f1ihuales"},"content":{"rendered":"<div class=\"flex_column av_one_full  flex_column_div av-zero-column-padding first  avia-builder-el-0  el_before_av_one_full  avia-builder-el-first  \" style='border-radius:0px; '><div  class='avia-image-container  av-styling-    avia-builder-el-1  avia-builder-el-no-sibling  avia-align-center '  itemprop=\"image\" itemscope=\"itemscope\" itemtype=\"https:\/\/schema.org\/ImageObject\"  ><div class='avia-image-container-inner'><div class='avia-image-overlay-wrap'><img decoding=\"async\" class='wp-image-42909 avia-img-lazy-loading-not-42909 avia_image' src=\"https:\/\/radiorevelacionfm.cl\/wp-content\/uploads\/2024\/06\/leNa-comuna-aysen-4-1_optimized-1.jpg\" alt='' title='le\u00d1a-comuna-aysen-4-(1)_optimized (1)' height=\"600\" width=\"800\"  itemprop=\"thumbnailUrl\" srcset=\"https:\/\/radiorevelacionfm.cl\/wp-content\/uploads\/2024\/06\/leNa-comuna-aysen-4-1_optimized-1.jpg 800w, https:\/\/radiorevelacionfm.cl\/wp-content\/uploads\/2024\/06\/leNa-comuna-aysen-4-1_optimized-1-300x225.jpg 300w, https:\/\/radiorevelacionfm.cl\/wp-content\/uploads\/2024\/06\/leNa-comuna-aysen-4-1_optimized-1-768x576.jpg 768w, https:\/\/radiorevelacionfm.cl\/wp-content\/uploads\/2024\/06\/leNa-comuna-aysen-4-1_optimized-1-705x529.jpg 705w, https:\/\/radiorevelacionfm.cl\/wp-content\/uploads\/2024\/06\/leNa-comuna-aysen-4-1_optimized-1-450x338.jpg 450w, https:\/\/radiorevelacionfm.cl\/wp-content\/uploads\/2024\/06\/leNa-comuna-aysen-4-1_optimized-1-600x450.jpg 600w\" sizes=\"(max-width: 800px) 100vw, 800px\" \/><\/div><\/div><\/div><\/div>\n<div class=\"flex_column av_one_full  flex_column_div av-zero-column-padding first  avia-builder-el-2  el_after_av_one_full  el_before_av_one_full  column-top-margin\" style='border-radius:0px; '><section class=\"av_textblock_section \"  itemscope=\"itemscope\" itemtype=\"https:\/\/schema.org\/BlogPosting\" itemprop=\"blogPost\" ><div class='avia_textblock  '   itemprop=\"text\" ><p style=\"text-align: center;\"><strong><span style=\"font-size: 18pt;\">Inician entrega de le\u00f1a a familias vulnerables en Villa Ma\u00f1ihuales<\/span><\/strong><\/p>\n<div id=\"gtx-trans\" style=\"position: absolute; left: -50px; top: 4.31534px;\">\n<div class=\"gtx-trans-icon\"><\/div>\n<\/div>\n<\/div><\/section><\/div>\n<div class=\"flex_column av_one_full  flex_column_div av-zero-column-padding first  avia-builder-el-4  el_after_av_one_full  el_before_av_hr  column-top-margin\" style='border-radius:0px; '><section class=\"av_textblock_section \"  itemscope=\"itemscope\" itemtype=\"https:\/\/schema.org\/BlogPosting\" itemprop=\"blogPost\" ><div class='avia_textblock  '   itemprop=\"text\" ><p style=\"text-align: justify;\"><em>A trav\u00e9s de la Unidad Asistencial de la Direcci\u00f3n de Desarrollo Comunitario de la Municipalidad, se dar\u00e1 prioridad a personas con movilidad reducida y adultos mayores, son dos metros de le\u00f1a por grupo familiar.<\/em><\/p>\n<p style=\"text-align: justify;\">En la localidad de Villa Ma\u00f1ihuales, la Municipalidad de Ays\u00e9n a trav\u00e9s de la Unidad Asistencial de la Direcci\u00f3n de Desarrollo Comunitario, comenz\u00f3 la entrega de le\u00f1a a familias vulnerables, adultos mayores y personas con problemas de movilidad. Esto gracias al convenio entre el ente edilicio, el Gobierno Regional que financia este beneficio y Conaf, estos \u00faltimos a cargo de extraer y reunir el combustible natural, ampliamente utilizado en la comuna, permitiendo as\u00ed entregar tambi\u00e9n fuentes de trabajo.<\/p>\n<p style=\"text-align: justify;\">El alcalde, Julio Uribe, puso en valor la labor junto a otros organismos y la voluntad de respaldar permanentemente este tipo de iniciativas por parte de Gobernadora Regional, Andrea Mac\u00edas y todo su Consejo.<\/p>\n<p style=\"text-align: justify;\">\u201cSe comenz\u00f3 la entrega de le\u00f1a a los vecinos, de manera prioritaria a nuestros adultos mayores, a la gente con discapacidad, son dos metros de le\u00f1a que les toca a cada uno, que vienen muy bien en estos d\u00edas tan helados. Agradecer a la Gobernadora Regional Andrea Mac\u00edas y a todo su equipo, porque esto se da a trav\u00e9s de los convenios que firmamos entre Conaf, el Municipio y el Gobierno Regional. Destacar, adem\u00e1s, la labor de Conaf ac\u00e1 en Ma\u00f1ihuales, de igual forma en Ays\u00e9n a trav\u00e9s de su jefa provincial Gabriela G\u00f3mez, con quien tenemos un trabajo mancomunado en diferentes \u00e1reas\u201d.<\/p>\n<p style=\"text-align: justify;\">Desde la jefatura provincial de la Corporaci\u00f3n Nacional Forestal, Gabriela G\u00f3mez, dijo que exist\u00eda bastante preocupaci\u00f3n por entregar la le\u00f1a, considerando las condiciones clim\u00e1ticas y la importancia que esto tiene para muchas familias. \u201cEst\u00e1bamos todos ansiosos por entregar esta le\u00f1a, porque entendemos que ya parti\u00f3 el invierno y la necesidad de que esto se entregue. Contentos por ese lado y contentos tambi\u00e9n por el trabajo que ha hecho la gente, porque estamos entregando le\u00f1a cada vez m\u00e1s seca. Nos estamos programando para que el pr\u00f3ximo a\u00f1o la gente pueda tener le\u00f1a seca antes de que comience el invierno y en ese sentido hay un esfuerzo de todas las personas que trabajan ac\u00e1 para que eso se pueda cumplir\u201d.<\/p>\n<p style=\"text-align: justify;\">Don Rodelindo, dijo que esta es una gran ayuda, considerando el precio actual del metro de le\u00f1a, afirmando que es, \u201cexcelente, ahora que viene tan helado y escaso de le\u00f1a que hab\u00eda estado, me compr\u00e9 una le\u00f1a pero estaba verde, le echaba las brasas y se me apagaba, as\u00ed es que, esto vino muy a tiempo, muy buena ayuda, porque, as\u00ed como est\u00e1 el precio no alcanza con las pensiones. Hace d\u00edas compre a 50 mil el metro, 100 mil en le\u00f1a de lenga y eso es la pasada no m\u00e1s. Por ello, agradecido por lo que hacen, una buena ayuda para los adultos mayores, harto que necesitamos\u201d.<\/p>\n<p style=\"text-align: justify;\">La vecina de Ma\u00f1ihuales, Luris Silva, calific\u00f3 este apoyo en le\u00f1a como, \u201cun bonito gesto que hace Conaf y el Municipio de Ays\u00e9n. As\u00ed es que, muy agradecida por esta le\u00f1ita que nos llega todos los a\u00f1os, por ello, muchas gracias a la Municipalidad y a Conaf\u201d.<\/p>\n<p style=\"text-align: justify;\">M\u00e1s de 2 mil metros de le\u00f1a se espera entregar en toda la comuna de Ays\u00e9n, a familias vulnerables, adultos mayores y personas con movilidad reducida.<\/p>\n<\/div><\/section><\/div><div  style='height:50px' class='hr hr-invisible   avia-builder-el-6  el_after_av_one_full  el_before_av_social_share '><span class='hr-inner ' ><span class='hr-inner-style'><\/span><\/span><\/div><\/p>\n<div  class='av-social-sharing-box  avia-builder-el-7  el_after_av_hr  el_before_av_hr  '><div class='av-share-box'><h5 class='av-share-link-description av-no-toc '>Compartir esta noticia<\/h5><ul class='av-share-box-list noLightbox'><li class='av-share-link av-social-link-facebook' ><a target=\"_blank\" aria-label=\"Compartir en Facebook\" href='https:\/\/www.facebook.com\/sharer.php?u=https:\/\/radiorevelacionfm.cl\/?p=42908&#038;t=Inician%20entrega%20de%20le%C3%B1a%20a%20familias%20vulnerables%20en%20Villa%20Ma%C3%B1ihuales' aria-hidden='false' data-av_icon='\ue8f3' data-av_iconfont='entypo-fontello' title='' data-avia-related-tooltip='Compartir en Facebook' rel=\"noopener\"><span class='avia_hidden_link_text'>Compartir en Facebook<\/span><\/a><\/li><li class='av-share-link av-social-link-twitter' ><a target=\"_blank\" aria-label=\"Compartir en Twitter\" href='https:\/\/twitter.com\/share?text=Inician%20entrega%20de%20le%C3%B1a%20a%20familias%20vulnerables%20en%20Villa%20Ma%C3%B1ihuales&#038;url=https:\/\/radiorevelacionfm.cl\/?p=42908' aria-hidden='false' data-av_icon='\ue8f1' data-av_iconfont='entypo-fontello' title='' data-avia-related-tooltip='Compartir en Twitter' rel=\"noopener\"><span class='avia_hidden_link_text'>Compartir en Twitter<\/span><\/a><\/li><li class='av-share-link av-social-link-whatsapp' ><a target=\"_blank\" aria-label=\"Compartir en Whatsapp\" href='https:\/\/api.whatsapp.com\/send?text=https:\/\/radiorevelacionfm.cl\/?p=42908' aria-hidden='false' data-av_icon='\uf232' data-av_iconfont='entypo-fontello' title='' data-avia-related-tooltip='Compartir en Whatsapp' rel=\"noopener\"><span class='avia_hidden_link_text'>Compartir en Whatsapp<\/span><\/a><\/li><li class='av-share-link av-social-link-linkedin' ><a target=\"_blank\" aria-label=\"Compartir en LinkedIn\" href='https:\/\/linkedin.com\/shareArticle?mini=true&#038;title=Inician%20entrega%20de%20le%C3%B1a%20a%20familias%20vulnerables%20en%20Villa%20Ma%C3%B1ihuales&#038;url=https:\/\/radiorevelacionfm.cl\/?p=42908' aria-hidden='false' data-av_icon='\ue8fc' data-av_iconfont='entypo-fontello' title='' data-avia-related-tooltip='Compartir en LinkedIn' rel=\"noopener\"><span class='avia_hidden_link_text'>Compartir en LinkedIn<\/span><\/a><\/li><li class='av-share-link av-social-link-mail' ><a  aria-label=\"Compartir por correo\" href='mailto:?subject=Inician%20entrega%20de%20le%C3%B1a%20a%20familias%20vulnerables%20en%20Villa%20Ma%C3%B1ihuales&#038;body=https:\/\/radiorevelacionfm.cl\/?p=42908' aria-hidden='false' data-av_icon='\ue805' data-av_iconfont='entypo-fontello' title='' data-avia-related-tooltip='Compartir por correo'><span class='avia_hidden_link_text'>Compartir por correo<\/span><\/a><\/li><\/ul><\/div><\/div>\n<div  style='height:50px' class='hr hr-invisible   avia-builder-el-8  el_after_av_social_share  el_before_av_comments_list '><span class='hr-inner ' ><span class='hr-inner-style'><\/span><\/span><\/div>\n<div  class='av-buildercomment  av-blog-meta-html-info-disabled av-blog-meta-tag-disabled  '><\/div>\n","protected":false},"excerpt":{"rendered":"","protected":false},"author":1,"featured_media":42909,"comment_status":"open","ping_status":"open","sticky":false,"template":"","format":"standard","meta":{"footnotes":""},"categories":[38],"tags":[],"class_list":["post-42908","post","type-post","status-publish","format-standard","has-post-thumbnail","hentry","category-regional"],"jetpack_featured_media_url":"https:\/\/radiorevelacionfm.cl\/wp-content\/uploads\/2024\/06\/leNa-comuna-aysen-4-1_optimized-1.jpg","_links":{"self":[{"href":"https:\/\/radiorevelacionfm.cl\/index.php?rest_route=\/wp\/v2\/posts\/42908","targetHints":{"allow":["GET"]}}],"collection":[{"href":"https:\/\/radiorevelacionfm.cl\/index.php?rest_route=\/wp\/v2\/posts"}],"about":[{"href":"https:\/\/radiorevelacionfm.cl\/index.php?rest_route=\/wp\/v2\/types\/post"}],"author":[{"embeddable":true,"href":"https:\/\/radiorevelacionfm.cl\/index.php?rest_route=\/wp\/v2\/users\/1"}],"replies":[{"embeddable":true,"href":"https:\/\/radiorevelacionfm.cl\/index.php?rest_route=%2Fwp%2Fv2%2Fcomments&post=42908"}],"version-history":[{"count":2,"href":"https:\/\/radiorevelacionfm.cl\/index.php?rest_route=\/wp\/v2\/posts\/42908\/revisions"}],"predecessor-version":[{"id":42911,"href":"https:\/\/radiorevelacionfm.cl\/index.php?rest_route=\/wp\/v2\/posts\/42908\/revisions\/42911"}],"wp:featuredmedia":[{"embeddable":true,"href":"https:\/\/radiorevelacionfm.cl\/index.php?rest_route=\/wp\/v2\/media\/42909"}],"wp:attachment":[{"href":"https:\/\/radiorevelacionfm.cl\/index.php?rest_route=%2Fwp%2Fv2%2Fmedia&parent=42908"}],"wp:term":[{"taxonomy":"category","embeddable":true,"href":"https:\/\/radiorevelacionfm.cl\/index.php?rest_route=%2Fwp%2Fv2%2Fcategories&post=42908"},{"taxonomy":"post_tag","embeddable":true,"href":"https:\/\/radiorevelacionfm.cl\/index.php?rest_route=%2Fwp%2Fv2%2Ftags&post=42908"}],"curies":[{"name":"wp","href":"https:\/\/api.w.org\/{rel}","templated":true}]}}