{"id":42905,"date":"2024-06-05T21:26:45","date_gmt":"2024-06-06T00:26:45","guid":{"rendered":"https:\/\/radiorevelacionfm.cl\/?p=42905"},"modified":"2024-06-05T21:26:45","modified_gmt":"2024-06-06T00:26:45","slug":"buscan-dinamizar-puertos-estatales-mediante-trabajo-colaborativo-e-inversion-publica-en-aysen-los-lagos-y-magallanes","status":"publish","type":"post","link":"https:\/\/radiorevelacionfm.cl\/?p=42905","title":{"rendered":"Buscan dinamizar puertos estatales mediante trabajo colaborativo e inversi\u00f3n p\u00fablica en Ays\u00e9n, Los Lagos y Magallanes"},"content":{"rendered":"<div class=\"flex_column av_one_full  flex_column_div av-zero-column-padding first  avia-builder-el-0  el_before_av_one_full  avia-builder-el-first  \" style='border-radius:0px; '><div  class='avia-image-container  av-styling-    avia-builder-el-1  avia-builder-el-no-sibling  avia-align-center '  itemprop=\"image\" itemscope=\"itemscope\" itemtype=\"https:\/\/schema.org\/ImageObject\"  ><div class='avia-image-container-inner'><div class='avia-image-overlay-wrap'><img decoding=\"async\" class='wp-image-42906 avia-img-lazy-loading-not-42906 avia_image' src=\"https:\/\/radiorevelacionfm.cl\/wp-content\/uploads\/2024\/06\/IMG_6727-1-1.jpg\" alt='' title='IMG_6727 (1) (1)' height=\"680\" width=\"801\"  itemprop=\"thumbnailUrl\" srcset=\"https:\/\/radiorevelacionfm.cl\/wp-content\/uploads\/2024\/06\/IMG_6727-1-1.jpg 801w, https:\/\/radiorevelacionfm.cl\/wp-content\/uploads\/2024\/06\/IMG_6727-1-1-300x255.jpg 300w, https:\/\/radiorevelacionfm.cl\/wp-content\/uploads\/2024\/06\/IMG_6727-1-1-768x652.jpg 768w, https:\/\/radiorevelacionfm.cl\/wp-content\/uploads\/2024\/06\/IMG_6727-1-1-705x599.jpg 705w, https:\/\/radiorevelacionfm.cl\/wp-content\/uploads\/2024\/06\/IMG_6727-1-1-450x382.jpg 450w, https:\/\/radiorevelacionfm.cl\/wp-content\/uploads\/2024\/06\/IMG_6727-1-1-600x509.jpg 600w\" sizes=\"(max-width: 801px) 100vw, 801px\" \/><\/div><\/div><\/div><\/div><div class=\"flex_column av_one_full  flex_column_div av-zero-column-padding first  avia-builder-el-2  el_after_av_one_full  el_before_av_one_full  column-top-margin\" style='border-radius:0px; '><section class=\"av_textblock_section \"  itemscope=\"itemscope\" itemtype=\"https:\/\/schema.org\/BlogPosting\" itemprop=\"blogPost\" ><div class='avia_textblock  '   itemprop=\"text\" ><p style=\"text-align: center;\"><strong><span style=\"font-size: 18pt;\">Buscan dinamizar puertos estatales mediante trabajo colaborativo e inversi\u00f3n p\u00fablica en Ays\u00e9n, Los Lagos y Magallanes<\/span><\/strong><\/p>\n<div id=\"gtx-trans\" style=\"position: absolute; left: -50px; top: 4.31534px;\">\n<div class=\"gtx-trans-icon\"><\/div>\n<\/div>\n<\/div><\/section><\/div><div class=\"flex_column av_one_full  flex_column_div av-zero-column-padding first  avia-builder-el-4  el_after_av_one_full  el_before_av_hr  column-top-margin\" style='border-radius:0px; '><section class=\"av_textblock_section \"  itemscope=\"itemscope\" itemtype=\"https:\/\/schema.org\/BlogPosting\" itemprop=\"blogPost\" ><div class='avia_textblock  '   itemprop=\"text\" ><p dir=\"ltr\" style=\"text-align: justify;\">La Gobernadora Regional de la Regi\u00f3n de Ays\u00e9n, Andrea Mac\u00edas Palma, particip\u00f3 junto a sus pares de Los Lagos, Patricio Vallesp\u00edn y Magallanes, Jorge Flies, de la primera reuni\u00f3n de la Asociaci\u00f3n de Puertos de la Zona Austral, destacando la visi\u00f3n estrat\u00e9gica de las administraciones regionales para desarrollar la actividad de las tres empresas portuarias p\u00fablicas de la macrozona.<\/p>\n<p dir=\"ltr\" style=\"text-align: justify;\">Seg\u00fan la Gobernadora se trata de un \u00abencuentro necesario\u00bb que se ven\u00eda conversando desde hace un tiempo, en vista de la relevante labor social que cumplen compa\u00f1\u00edas p\u00fablicas como la Empresa Portuaria Chacabuco (Emporcha).<\/p>\n<p dir=\"ltr\" style=\"text-align: justify;\">\u00abEl desarrollo de la infraestructura portuaria es fundamental porque la Patagonia Chilena tiene sendas oportunidades de desarrollo la cual es absolutamente relevante poder profundizar y para ello hoy d\u00eda la infraestructura requiere innovaci\u00f3n tecnolog\u00eda y hacer grandes inversiones. Nosotros como Gobernadores Regionales hemos iniciado este proceso de conversaci\u00f3n desde el a\u00f1o 2021 con miras a que nuestros puertos que son empresas p\u00fablicas puedan ser apoyados por los Gobiernos Regionales, porque tenemos un mandato por ley que tiene que ver con avanzar en el desarrollo de nuestras regiones\u00bb, se\u00f1al\u00f3 Andrea Mac\u00edas Palma.<\/p>\n<p dir=\"ltr\" style=\"text-align: justify;\">En el encuentro tambi\u00e9n estuvieron presentes Paulina Soriano, presidenta del Consejo Sistema Empresas P\u00fablicas y los Gerentes Generales de la Empresa Portuaria Puerto Chacabuco (Emporcha), de la Empresa Portuaria de Puerto Montt (Empormontt) y de la Empresa Portuaria Austral (Epaustral) de Punta Arenas.<\/p>\n<p dir=\"ltr\" style=\"text-align: justify;\">El Gobernador de Magallanes, Jorge Flies, destac\u00f3 dentro de los desaf\u00edos de esta nueva alianza que \u00aba partir de este a\u00f1o podemos tener aportes de los Gobiernos Regionales a las empresas p\u00fablicas y entre esas est\u00e1n nuestros puertos. Eso significa que del \u00e1mbito del desarrollo y fomento productivo, los puertos pasan a ser socios importantes. Adem\u00e1s en el \u00e1mbito de competencias est\u00e1n las comisiones de ciudad puerto, c\u00f3mo hacemos que la log\u00edstica, la incorporaci\u00f3n de la ciudad al puerto y del puerto a la ciudad, sea \u00f3ptima y que la gente no sienta un espacio aparte, sino que sea integrado completamente el puerto a las ciudades\u00bb.<\/p>\n<p dir=\"ltr\" style=\"text-align: justify;\">En esa l\u00ednea, el Gobernador de Los Lagos, Patricio Vallesp\u00edn, destac\u00f3 que \u00abel Sur Austral de Chile debe tener una visi\u00f3n estrat\u00e9gica asociada a los puertos que son empresas importantes para nuestro territorio. Tenemos todo un futuro que m\u00e1s all\u00e1 de los l\u00edmites pol\u00edticos administrativos debemos empezar a trabajar en conjunto, con una visi\u00f3n compartida donde por cierto la conectividad es fundamental, pero tambi\u00e9n el impulso productivo que los puertos pueden dar\u00bb.<\/p>\n<p dir=\"ltr\" style=\"text-align: justify;\">Finalmente, el gerente general de Emporcha, Felipe Candia, se refiri\u00f3 a sus expectativas de la colaboraci\u00f3n con el Gobierno Regional de Ays\u00e9n, asegurando que la infraestructura de Puerto Chacabuco debe ser mejorada.<\/p>\n<p dir=\"ltr\" style=\"text-align: justify;\">\u00abNosotros esperamos que en el trabajo conjunto con los Gobiernos Regionales, en particular con el Gobierno Regional de Ays\u00e9n, podamos buscar las mejores alternativas para poder actualizar la infraestructura portuaria con la que cuenta la regi\u00f3n en este momento. Esperamos que este trabajo en conjunto traiga frutos en el corto y mediano plazo\u00bb, afirm\u00f3.<\/p>\n<p dir=\"ltr\" style=\"text-align: justify;\">En Puerto Montt, se firm\u00f3 un protocolo de colaboraci\u00f3n entre los Gobiernos Regionales, las tres empresas portuarias y el sistema de Empresas P\u00fablicas, el que se traducir\u00e1 en un plan de trabajo conjunto para sincronizar el trabajo de los tres puertos, buscando fomentar la conectividad y el desarrollo productivo de la macro zona sur austral.<\/p>\n<\/div><\/section><\/div><div  style='height:50px' class='hr hr-invisible   avia-builder-el-6  el_after_av_one_full  el_before_av_social_share '><span class='hr-inner ' ><span class='hr-inner-style'><\/span><\/span><\/div><\/p>\n<div  class='av-social-sharing-box  avia-builder-el-7  el_after_av_hr  el_before_av_hr  '><div class='av-share-box'><h5 class='av-share-link-description av-no-toc '>Compartir esta noticia<\/h5><ul class='av-share-box-list noLightbox'><li class='av-share-link av-social-link-facebook' ><a target=\"_blank\" aria-label=\"Compartir en Facebook\" href='https:\/\/www.facebook.com\/sharer.php?u=https:\/\/radiorevelacionfm.cl\/?p=42905&#038;t=Buscan%20dinamizar%20puertos%20estatales%20mediante%20trabajo%20colaborativo%20e%20inversi%C3%B3n%20p%C3%BAblica%20en%20Ays%C3%A9n%2C%20Los%20Lagos%20y%20Magallanes' aria-hidden='false' data-av_icon='\ue8f3' data-av_iconfont='entypo-fontello' title='' data-avia-related-tooltip='Compartir en Facebook' rel=\"noopener\"><span class='avia_hidden_link_text'>Compartir en Facebook<\/span><\/a><\/li><li class='av-share-link av-social-link-twitter' ><a target=\"_blank\" aria-label=\"Compartir en Twitter\" href='https:\/\/twitter.com\/share?text=Buscan%20dinamizar%20puertos%20estatales%20mediante%20trabajo%20colaborativo%20e%20inversi%C3%B3n%20p%C3%BAblica%20en%20Ays%C3%A9n%2C%20Los%20Lagos%20y%20Magallanes&#038;url=https:\/\/radiorevelacionfm.cl\/?p=42905' aria-hidden='false' data-av_icon='\ue8f1' data-av_iconfont='entypo-fontello' title='' data-avia-related-tooltip='Compartir en Twitter' rel=\"noopener\"><span class='avia_hidden_link_text'>Compartir en Twitter<\/span><\/a><\/li><li class='av-share-link av-social-link-whatsapp' ><a target=\"_blank\" aria-label=\"Compartir en Whatsapp\" href='https:\/\/api.whatsapp.com\/send?text=https:\/\/radiorevelacionfm.cl\/?p=42905' aria-hidden='false' data-av_icon='\uf232' data-av_iconfont='entypo-fontello' title='' data-avia-related-tooltip='Compartir en Whatsapp' rel=\"noopener\"><span class='avia_hidden_link_text'>Compartir en Whatsapp<\/span><\/a><\/li><li class='av-share-link av-social-link-linkedin' ><a target=\"_blank\" aria-label=\"Compartir en LinkedIn\" href='https:\/\/linkedin.com\/shareArticle?mini=true&#038;title=Buscan%20dinamizar%20puertos%20estatales%20mediante%20trabajo%20colaborativo%20e%20inversi%C3%B3n%20p%C3%BAblica%20en%20Ays%C3%A9n%2C%20Los%20Lagos%20y%20Magallanes&#038;url=https:\/\/radiorevelacionfm.cl\/?p=42905' aria-hidden='false' data-av_icon='\ue8fc' data-av_iconfont='entypo-fontello' title='' data-avia-related-tooltip='Compartir en LinkedIn' rel=\"noopener\"><span class='avia_hidden_link_text'>Compartir en LinkedIn<\/span><\/a><\/li><li class='av-share-link av-social-link-mail' ><a  aria-label=\"Compartir por correo\" href='mailto:?subject=Buscan%20dinamizar%20puertos%20estatales%20mediante%20trabajo%20colaborativo%20e%20inversi%C3%B3n%20p%C3%BAblica%20en%20Ays%C3%A9n%2C%20Los%20Lagos%20y%20Magallanes&#038;body=https:\/\/radiorevelacionfm.cl\/?p=42905' aria-hidden='false' data-av_icon='\ue805' data-av_iconfont='entypo-fontello' title='' data-avia-related-tooltip='Compartir por correo'><span class='avia_hidden_link_text'>Compartir por correo<\/span><\/a><\/li><\/ul><\/div><\/div>\n<div  style='height:50px' class='hr hr-invisible   avia-builder-el-8  el_after_av_social_share  el_before_av_comments_list '><span class='hr-inner ' ><span class='hr-inner-style'><\/span><\/span><\/div>\n<div  class='av-buildercomment  av-blog-meta-html-info-disabled av-blog-meta-tag-disabled  '><\/div>\n","protected":false},"excerpt":{"rendered":"","protected":false},"author":1,"featured_media":42906,"comment_status":"open","ping_status":"open","sticky":false,"template":"","format":"standard","meta":{"footnotes":""},"categories":[38],"tags":[],"class_list":["post-42905","post","type-post","status-publish","format-standard","has-post-thumbnail","hentry","category-regional"],"jetpack_featured_media_url":"https:\/\/radiorevelacionfm.cl\/wp-content\/uploads\/2024\/06\/IMG_6727-1-1.jpg","_links":{"self":[{"href":"https:\/\/radiorevelacionfm.cl\/index.php?rest_route=\/wp\/v2\/posts\/42905","targetHints":{"allow":["GET"]}}],"collection":[{"href":"https:\/\/radiorevelacionfm.cl\/index.php?rest_route=\/wp\/v2\/posts"}],"about":[{"href":"https:\/\/radiorevelacionfm.cl\/index.php?rest_route=\/wp\/v2\/types\/post"}],"author":[{"embeddable":true,"href":"https:\/\/radiorevelacionfm.cl\/index.php?rest_route=\/wp\/v2\/users\/1"}],"replies":[{"embeddable":true,"href":"https:\/\/radiorevelacionfm.cl\/index.php?rest_route=%2Fwp%2Fv2%2Fcomments&post=42905"}],"version-history":[{"count":1,"href":"https:\/\/radiorevelacionfm.cl\/index.php?rest_route=\/wp\/v2\/posts\/42905\/revisions"}],"predecessor-version":[{"id":42907,"href":"https:\/\/radiorevelacionfm.cl\/index.php?rest_route=\/wp\/v2\/posts\/42905\/revisions\/42907"}],"wp:featuredmedia":[{"embeddable":true,"href":"https:\/\/radiorevelacionfm.cl\/index.php?rest_route=\/wp\/v2\/media\/42906"}],"wp:attachment":[{"href":"https:\/\/radiorevelacionfm.cl\/index.php?rest_route=%2Fwp%2Fv2%2Fmedia&parent=42905"}],"wp:term":[{"taxonomy":"category","embeddable":true,"href":"https:\/\/radiorevelacionfm.cl\/index.php?rest_route=%2Fwp%2Fv2%2Fcategories&post=42905"},{"taxonomy":"post_tag","embeddable":true,"href":"https:\/\/radiorevelacionfm.cl\/index.php?rest_route=%2Fwp%2Fv2%2Ftags&post=42905"}],"curies":[{"name":"wp","href":"https:\/\/api.w.org\/{rel}","templated":true}]}}