{"id":42902,"date":"2024-06-05T22:44:32","date_gmt":"2024-06-06T01:44:32","guid":{"rendered":"https:\/\/radiorevelacionfm.cl\/?p=42902"},"modified":"2024-06-05T22:44:32","modified_gmt":"2024-06-06T01:44:32","slug":"en-jardin-infantil-las-araucarias-de-integra-informan-a-educadores-y-apoderados-sobre-ley-de-pensiones","status":"publish","type":"post","link":"https:\/\/radiorevelacionfm.cl\/?p=42902","title":{"rendered":"En Jard\u00edn Infantil Las Araucarias de Integra informan a educadores y apoderados, sobre Ley de Pensiones"},"content":{"rendered":"<div class=\"flex_column av_one_full  flex_column_div av-zero-column-padding first  avia-builder-el-0  el_before_av_one_full  avia-builder-el-first  \" style='border-radius:0px; '><div  class='avia-image-container  av-styling-    avia-builder-el-1  avia-builder-el-no-sibling  avia-align-center '  itemprop=\"image\" itemscope=\"itemscope\" itemtype=\"https:\/\/schema.org\/ImageObject\"  ><div class='avia-image-container-inner'><div class='avia-image-overlay-wrap'><img decoding=\"async\" class='wp-image-42903 avia-img-lazy-loading-not-42903 avia_image' src=\"https:\/\/radiorevelacionfm.cl\/wp-content\/uploads\/2024\/06\/WhatsApp-Image-2024-06-04-at-10.21.34-1-2-1.jpeg\" alt='' title='WhatsApp Image 2024-06-04 at 10.21.34 (1) (2) (1)' height=\"600\" width=\"1016\"  itemprop=\"thumbnailUrl\" srcset=\"https:\/\/radiorevelacionfm.cl\/wp-content\/uploads\/2024\/06\/WhatsApp-Image-2024-06-04-at-10.21.34-1-2-1.jpeg 1016w, https:\/\/radiorevelacionfm.cl\/wp-content\/uploads\/2024\/06\/WhatsApp-Image-2024-06-04-at-10.21.34-1-2-1-300x177.jpeg 300w, https:\/\/radiorevelacionfm.cl\/wp-content\/uploads\/2024\/06\/WhatsApp-Image-2024-06-04-at-10.21.34-1-2-1-768x454.jpeg 768w, https:\/\/radiorevelacionfm.cl\/wp-content\/uploads\/2024\/06\/WhatsApp-Image-2024-06-04-at-10.21.34-1-2-1-705x416.jpeg 705w, https:\/\/radiorevelacionfm.cl\/wp-content\/uploads\/2024\/06\/WhatsApp-Image-2024-06-04-at-10.21.34-1-2-1-450x266.jpeg 450w, https:\/\/radiorevelacionfm.cl\/wp-content\/uploads\/2024\/06\/WhatsApp-Image-2024-06-04-at-10.21.34-1-2-1-600x354.jpeg 600w\" sizes=\"(max-width: 1016px) 100vw, 1016px\" \/><\/div><\/div><\/div><\/div><div class=\"flex_column av_one_full  flex_column_div av-zero-column-padding first  avia-builder-el-2  el_after_av_one_full  el_before_av_one_full  column-top-margin\" style='border-radius:0px; '><section class=\"av_textblock_section \"  itemscope=\"itemscope\" itemtype=\"https:\/\/schema.org\/BlogPosting\" itemprop=\"blogPost\" ><div class='avia_textblock  '   itemprop=\"text\" ><p style=\"text-align: center;\"><strong><span style=\"font-size: 18pt;\">En Jard\u00edn Infantil Las Araucarias de Integra informan a educadores y apoderados, sobre Ley de Pensiones<\/span><\/strong><\/p>\n<div id=\"gtx-trans\" style=\"position: absolute; left: -50px; top: 4.31534px;\">\n<div class=\"gtx-trans-icon\"><\/div>\n<\/div>\n<\/div><\/section><\/div><div class=\"flex_column av_one_full  flex_column_div av-zero-column-padding first  avia-builder-el-4  el_after_av_one_full  el_before_av_hr  column-top-margin\" style='border-radius:0px; '><section class=\"av_textblock_section \"  itemscope=\"itemscope\" itemtype=\"https:\/\/schema.org\/BlogPosting\" itemprop=\"blogPost\" ><div class='avia_textblock  '   itemprop=\"text\" ><p style=\"text-align: justify;\">M\u00e1s de 37 asistentes, correspondientes a funcionarias del Jard\u00edn Infantil Las Araucarias, Red Integra, apoderadas y representantes de organismos p\u00fablicos, entre ellos:\u00a0 Samuel Navarro en representaci\u00f3n del Delegado Presidencial, Andrea M\u00e9ndez Valenzuela, Seremi de la Mujer y Equidad de G\u00e9nero, Leticia Araya, directora de Integra, Patricia Baeza, directora de SernamEG, Ingrid Osorio, directora de Prodemu y Mar\u00eda Francisca Vilches, directora (S) de la Corporaci\u00f3n de Asistencia Judicial, CAJ B\u00edo B\u00edo, adem\u00e1s de representantes de organismos p\u00fablicos, participaron en una charla informativa sobre <strong><em>\u201cLey de\u00a0 Responsabilidad Parental y Pago Efectivo de Pensiones\u201d,<\/em><\/strong> destacada hace algunos d\u00edas por el Presidente Gabriel Boric en su cuenta p\u00fablica 2024, la cual ha permitido que m\u00e1s de 112 mil familias se vean beneficiadas hasta la fecha, pag\u00e1ndose en los \u00faltimos 12 meses m\u00e1s de 300 mil millones de pesos en deudas de alimentos.<\/p>\n<p style=\"text-align: justify;\">Sobre este tema, la Seremi de la Mujer y Equidad de G\u00e9nero, Andrea M\u00e9ndez Valenzuela, enfatiz\u00f3 que el no pago de pensiones alimenticias es una forma de violencia econ\u00f3mica contra las mujeres y una expresi\u00f3n de abandono parental, sobre la importancia de esta Ley para las mujeres de Chile, agregando qu\u00e9 :\u00bbAl a\u00f1o de ejecuci\u00f3n de nuestra ley y atendiendo al impacto en cifras y lo que nos expresan las mujeres en los diferentes espacios de socializaci\u00f3n que hemos desarrollado en la regi\u00f3n, podemos decir con orgullo que mejora la calidad de vida de las mujeres y de las ni\u00f1as, ni\u00f1os y adolescentes de nuestro pa\u00eds, pues entrega mecanismos de pago eficiente que depositan la responsabilidad en el Estado y no en quien padece por el no pago. Atendiendo al mandato del presidente de acercar nuestros avances como gobierno a las personas es que, junto con la Corporaci\u00f3n de Asistencia Judicial, seguiremos desarrollando estas jornadas para avanzar en dignidad y justicia de las mujeres madres de nuestra regi\u00f3n\u00bb.<\/p>\n<p style=\"text-align: justify;\">Por su parte, la charla fue impartida por Milton Navarro Oliveros Abogado &#8211; jefe del Consultorio Jur\u00eddico Civil y de Familia de Coyhaique &#8211; Corporaci\u00f3n de Asistencia Judicial, quien relev\u00f3 los aspectos m\u00e1s importantes de la Ley, como qui\u00e9nes pueden acceder, c\u00f3mo opera el sistema en nuestro pa\u00eds, c\u00f3mo se tramita, entre otros.<\/p>\n<p style=\"text-align: justify;\">Durante la charla, instancia educadoras y funcionarias, agradecieron la instancia de poder acceder a esta informaci\u00f3n, impresiones que ratific\u00f3 la directora de Fundaci\u00f3n Integra, Leticia Araya Norambuena. \u201cEl gobierno del presidente Gabriel Boric tambi\u00e9n releva la importancia que tiene la infancia y que tenemos todos los adultos de poder entregar todas las herramientas para que ni\u00f1os crezcan en las mejores condiciones, con todos los derechos que tienen y nosotros como garantes de derecho. De esta manera, es tan importante que se haya desarrollado esta actividad \u00a0en un jard\u00edn infantil y con la presencia de hartas familias, de hartas mujeres y de pap\u00e1s tambi\u00e9n, porque si bien es cierto, nueve de cada diez denuncias son de mujeres, tambi\u00e9n tenemos abuelas y pap\u00e1s que se hacen cargo de la crianza, por lo tanto, esta Ley tambi\u00e9n visibiliza el derecho de los ni\u00f1os. Y no olvidar que cada mujer que hace este peregrinar a favor de los derechos de sus hijos e hijas, ya no est\u00e1 sola, tiene un estado detr\u00e1s que la ampara y la acompa\u00f1a\u201d, puntualiz\u00f3.<\/p>\n<p style=\"text-align: justify;\">Cabe destacar que, la ley de pago efectivo de pensiones alimenticias permite una acci\u00f3n m\u00e1s activa de los \u00f3rganos del Estado, los que cuentan con m\u00e1s herramientas para investigar el patrimonio de las personas deudoras y obtener el pago efectivo de las deudas, de esta manera, La ley de Responsabilidad Parental y Pago Efectivo de Deudas por Pensi\u00f3n de Alimentos se sum\u00f3 a la creaci\u00f3n del Registro Nacional de Deudores que se est\u00e1 en marcha desde noviembre de 2022, formando parte de una institucionalidad que busca mejorar el cumplimiento del pago de las pensiones de alimentos en Chile. Mientras el Registro Nacional de Deudores crea incentivos para el pago de deudas a trav\u00e9s de sanciones a la morosidad, y ordena realizar algunas retenciones de fondos, la ley de Responsabilidad parental y pago efectivo establece un mecanismo de pago permanente de las pensiones de alimentos adeudadas.<\/p>\n<\/div><\/section><\/div><div  style='height:50px' class='hr hr-invisible   avia-builder-el-6  el_after_av_one_full  el_before_av_social_share '><span class='hr-inner ' ><span class='hr-inner-style'><\/span><\/span><\/div><\/p>\n<div  class='av-social-sharing-box  avia-builder-el-7  el_after_av_hr  el_before_av_hr  '><div class='av-share-box'><h5 class='av-share-link-description av-no-toc '>Compartir esta noticia<\/h5><ul class='av-share-box-list noLightbox'><li class='av-share-link av-social-link-facebook' ><a target=\"_blank\" aria-label=\"Compartir en Facebook\" href='https:\/\/www.facebook.com\/sharer.php?u=https:\/\/radiorevelacionfm.cl\/?p=42902&#038;t=En%20Jard%C3%ADn%20Infantil%20Las%20Araucarias%20de%20Integra%20informan%20a%20educadores%20y%20apoderados%2C%20sobre%20Ley%20de%20Pensiones' aria-hidden='false' data-av_icon='\ue8f3' data-av_iconfont='entypo-fontello' title='' data-avia-related-tooltip='Compartir en Facebook' rel=\"noopener\"><span class='avia_hidden_link_text'>Compartir en Facebook<\/span><\/a><\/li><li class='av-share-link av-social-link-twitter' ><a target=\"_blank\" aria-label=\"Compartir en Twitter\" href='https:\/\/twitter.com\/share?text=En%20Jard%C3%ADn%20Infantil%20Las%20Araucarias%20de%20Integra%20informan%20a%20educadores%20y%20apoderados%2C%20sobre%20Ley%20de%20Pensiones&#038;url=https:\/\/radiorevelacionfm.cl\/?p=42902' aria-hidden='false' data-av_icon='\ue8f1' data-av_iconfont='entypo-fontello' title='' data-avia-related-tooltip='Compartir en Twitter' rel=\"noopener\"><span class='avia_hidden_link_text'>Compartir en Twitter<\/span><\/a><\/li><li class='av-share-link av-social-link-whatsapp' ><a target=\"_blank\" aria-label=\"Compartir en Whatsapp\" href='https:\/\/api.whatsapp.com\/send?text=https:\/\/radiorevelacionfm.cl\/?p=42902' aria-hidden='false' data-av_icon='\uf232' data-av_iconfont='entypo-fontello' title='' data-avia-related-tooltip='Compartir en Whatsapp' rel=\"noopener\"><span class='avia_hidden_link_text'>Compartir en Whatsapp<\/span><\/a><\/li><li class='av-share-link av-social-link-linkedin' ><a target=\"_blank\" aria-label=\"Compartir en LinkedIn\" href='https:\/\/linkedin.com\/shareArticle?mini=true&#038;title=En%20Jard%C3%ADn%20Infantil%20Las%20Araucarias%20de%20Integra%20informan%20a%20educadores%20y%20apoderados%2C%20sobre%20Ley%20de%20Pensiones&#038;url=https:\/\/radiorevelacionfm.cl\/?p=42902' aria-hidden='false' data-av_icon='\ue8fc' data-av_iconfont='entypo-fontello' title='' data-avia-related-tooltip='Compartir en LinkedIn' rel=\"noopener\"><span class='avia_hidden_link_text'>Compartir en LinkedIn<\/span><\/a><\/li><li class='av-share-link av-social-link-mail' ><a  aria-label=\"Compartir por correo\" href='mailto:?subject=En%20Jard%C3%ADn%20Infantil%20Las%20Araucarias%20de%20Integra%20informan%20a%20educadores%20y%20apoderados%2C%20sobre%20Ley%20de%20Pensiones&#038;body=https:\/\/radiorevelacionfm.cl\/?p=42902' aria-hidden='false' data-av_icon='\ue805' data-av_iconfont='entypo-fontello' title='' data-avia-related-tooltip='Compartir por correo'><span class='avia_hidden_link_text'>Compartir por correo<\/span><\/a><\/li><\/ul><\/div><\/div>\n<div  style='height:50px' class='hr hr-invisible   avia-builder-el-8  el_after_av_social_share  el_before_av_comments_list '><span class='hr-inner ' ><span class='hr-inner-style'><\/span><\/span><\/div>\n<div  class='av-buildercomment  av-blog-meta-html-info-disabled av-blog-meta-tag-disabled  '><\/div>\n","protected":false},"excerpt":{"rendered":"","protected":false},"author":1,"featured_media":42903,"comment_status":"open","ping_status":"open","sticky":false,"template":"","format":"standard","meta":{"footnotes":""},"categories":[49],"tags":[],"class_list":["post-42902","post","type-post","status-publish","format-standard","has-post-thumbnail","hentry","category-educacion"],"jetpack_featured_media_url":"https:\/\/radiorevelacionfm.cl\/wp-content\/uploads\/2024\/06\/WhatsApp-Image-2024-06-04-at-10.21.34-1-2-1.jpeg","_links":{"self":[{"href":"https:\/\/radiorevelacionfm.cl\/index.php?rest_route=\/wp\/v2\/posts\/42902","targetHints":{"allow":["GET"]}}],"collection":[{"href":"https:\/\/radiorevelacionfm.cl\/index.php?rest_route=\/wp\/v2\/posts"}],"about":[{"href":"https:\/\/radiorevelacionfm.cl\/index.php?rest_route=\/wp\/v2\/types\/post"}],"author":[{"embeddable":true,"href":"https:\/\/radiorevelacionfm.cl\/index.php?rest_route=\/wp\/v2\/users\/1"}],"replies":[{"embeddable":true,"href":"https:\/\/radiorevelacionfm.cl\/index.php?rest_route=%2Fwp%2Fv2%2Fcomments&post=42902"}],"version-history":[{"count":1,"href":"https:\/\/radiorevelacionfm.cl\/index.php?rest_route=\/wp\/v2\/posts\/42902\/revisions"}],"predecessor-version":[{"id":42904,"href":"https:\/\/radiorevelacionfm.cl\/index.php?rest_route=\/wp\/v2\/posts\/42902\/revisions\/42904"}],"wp:featuredmedia":[{"embeddable":true,"href":"https:\/\/radiorevelacionfm.cl\/index.php?rest_route=\/wp\/v2\/media\/42903"}],"wp:attachment":[{"href":"https:\/\/radiorevelacionfm.cl\/index.php?rest_route=%2Fwp%2Fv2%2Fmedia&parent=42902"}],"wp:term":[{"taxonomy":"category","embeddable":true,"href":"https:\/\/radiorevelacionfm.cl\/index.php?rest_route=%2Fwp%2Fv2%2Fcategories&post=42902"},{"taxonomy":"post_tag","embeddable":true,"href":"https:\/\/radiorevelacionfm.cl\/index.php?rest_route=%2Fwp%2Fv2%2Ftags&post=42902"}],"curies":[{"name":"wp","href":"https:\/\/api.w.org\/{rel}","templated":true}]}}