{"id":4290,"date":"2021-05-19T13:33:40","date_gmt":"2021-05-19T16:33:40","guid":{"rendered":"https:\/\/radiorevelacionfm.cl\/?p=4290"},"modified":"2021-05-19T15:51:29","modified_gmt":"2021-05-19T18:51:29","slug":"chile-chico-es-sede-de-la-feria-de-divulgacion-volcanica-de-sernageomin","status":"publish","type":"post","link":"https:\/\/radiorevelacionfm.cl\/?p=4290","title":{"rendered":"Chile Chico es sede de la Feria de Divulgaci\u00f3n Volc\u00e1nica de Sernageomin"},"content":{"rendered":"<div class=\"flex_column av_one_full  flex_column_div av-zero-column-padding first  avia-builder-el-0  el_before_av_one_full  avia-builder-el-first  \" style='border-radius:0px; '><div  class='avia-image-container  av-styling-    avia-builder-el-1  avia-builder-el-no-sibling  avia-align-center '  itemprop=\"image\" itemscope=\"itemscope\" itemtype=\"https:\/\/schema.org\/ImageObject\"  ><div class='avia-image-container-inner'><div class='avia-image-overlay-wrap'><img decoding=\"async\" class='wp-image-0 avia-img-lazy-loading-not-0 avia_image' src=\"https:\/\/radiorevelacionfm.cl\/wp-content\/uploads\/2021\/05\/feria-volcanes-1-1-1-1_optimized.png\" alt='' title=''   itemprop=\"thumbnailUrl\"  \/><\/div><\/div><\/div><\/div><div class=\"flex_column av_one_full  flex_column_div av-zero-column-padding first  avia-builder-el-2  el_after_av_one_full  el_before_av_one_full  column-top-margin\" style='border-radius:0px; '><section class=\"av_textblock_section \"  itemscope=\"itemscope\" itemtype=\"https:\/\/schema.org\/BlogPosting\" itemprop=\"blogPost\" ><div class='avia_textblock  '   itemprop=\"text\" ><p style=\"text-align: center;\"><strong><span style=\"font-size: 18pt;\">Chile Chico es sede de la Feria de Divulgaci\u00f3n Volc\u00e1nica de Sernageomin<\/span><\/strong><\/p>\n<div id=\"gtx-trans\" style=\"position: absolute; left: -50px; top: 4.31534px;\">\n<div class=\"gtx-trans-icon\"><\/div>\n<\/div>\n<\/div><\/section><\/div><div class=\"flex_column av_one_full  flex_column_div av-zero-column-padding first  avia-builder-el-4  el_after_av_one_full  el_before_av_hr  column-top-margin\" style='border-radius:0px; '><section class=\"av_textblock_section \"  itemscope=\"itemscope\" itemtype=\"https:\/\/schema.org\/BlogPosting\" itemprop=\"blogPost\" ><div class='avia_textblock  '   itemprop=\"text\" ><p style=\"font-weight: 400; text-align: justify;\">El Servicio Nacional de Geolog\u00eda y Miner\u00eda (Sernageomin), a trav\u00e9s de su Red Nacional de Vigilancia Volc\u00e1nica (RNVV), dependiente de la Subdirecci\u00f3n Nacional de Geolog\u00eda, realiz\u00f3 la 10\u00aa Feria de divulgaci\u00f3n volc\u00e1nica, iniciativa que por segunda vez se llev\u00f3 a cabo en formato exclusivamente online debido a la contingencia sanitaria. En esta ocasi\u00f3n, la localidad escogida para la realizar la presente versi\u00f3n, fue la comuna Chile Chico, y se extender\u00e1 hasta este mi\u00e9rcoles 19 de mayo.<\/p>\n<p style=\"font-weight: 400; text-align: justify;\">En la ceremonia inaugural estuvieron presentes variadas autoridades del Sernageomin, entre ellas, el Director Nacional, Alfonso Domeyko; el Subdirector Nacional de Geolog\u00eda, Alejandro Cecioni; el jefe de la Red Nacional de Vigilancia Volc\u00e1nica (RNVV), \u00c1lvaro Amigo, y la jefa de la Oficina T\u00e9cnica en Coyhaique, Andrea Aguilar. Asimismo, Vanessa V\u00e1squez, Gobernadora de la Provincia General Carrera, y de la Municipalidad de Chile Chico, Gustavo Cruces.<\/p>\n<p style=\"font-weight: 400; text-align: justify;\">Al respecto, el Director Nacional de la Instituci\u00f3n, Alfonso Domeyko, se\u00f1al\u00f3 que por segundo a\u00f1o consecutivo se logr\u00f3 plenamente el objetivo de la actividad en su primer d\u00eda, pese a la situaci\u00f3n particular que vive el mundo en torno a la contingencia sanitaria y que oblig\u00f3 a cambiar el formato a una feria netamente online. \u201cAcercar a la comunidad la informaci\u00f3n disponible, tanto sobre la vigilancia volc\u00e1nica que se realiza tecnol\u00f3gicamente desde el Observatorio Volcanol\u00f3gico de los Andes del Sur (OVDAS), como sobre el conocimiento geol\u00f3gico de los volcanes, plasmado en los mapas de peligros volc\u00e1nicos, es uno de los ejes primordiales de la actividad\u201d.<\/p>\n<p style=\"font-weight: 400; text-align: justify;\">En tanto, Vanessa V\u00e1squez, Gobernadora de la Provincia General Carrera, agradeci\u00f3 que la organizaci\u00f3n haya elegido el lugar de Chile Chico para realizar esta feria. \u201cEscuch\u00e9 que hab\u00edan sido varias las localidades que en alg\u00fan momento hab\u00edan sido elegidas y tienen contacto con alg\u00fan volc\u00e1n, creo que empezar por la educaci\u00f3n hacia todos nosotros, a todas las autoridades, a la ciudadan\u00eda, en los ni\u00f1os, es muy importante ya que nosotros convivimos con un riesgo latente que es el volc\u00e1n Hudson\u201d.<\/p>\n<p style=\"font-weight: 400; text-align: justify;\">Agreg\u00f3 que \u201cnosotros como Gobierno hemos estado muy preocupados de las alertas que se han tomado, de que estas sean fidedignas y as\u00ed tambi\u00e9n del trabajo mancomunado con diferentes instituciones para estar preparados, estamos en pleno plan de actualizaci\u00f3n de todos los protocolos de acci\u00f3n, principalmente fase 1 y fase2, lo que lleva no solamente a la r\u00e1pida acci\u00f3n en caso de tener que evacuar poblaci\u00f3n, sino tambi\u00e9n evacuar todo lo que es el poblado campesino, animales y otros\u201d.<\/p>\n<p style=\"font-weight: 400; text-align: justify;\">Por su parte, el Subdirector Nacional de Geolog\u00eda agradeci\u00f3 a Chile Chico el apoyo prestado en la producci\u00f3n de la X Feria de Divulgaci\u00f3n Volc\u00e1nica. Asimismo, agreg\u00f3 que \u201cestamos muy satisfechos por hacer entrega del mapa de peligros del volc\u00e1n Hudson y poder rememorar la \u00faltima erupci\u00f3n del macizo que tuvo lugar en 1991 y que dej\u00f3 muchas lecciones aprendidas\u201d.<\/p>\n<p style=\"font-weight: 400; text-align: justify;\">Finalmente, el representante del municipio de Chile Chico, Gustavo Cruces, recalc\u00f3 los agradecimientos a Sernageomin por haber escogido a la comuna como cuna de la novena versi\u00f3n de la Feria de Volcanes. \u201cSernageomin ha sido gravitante en acompa\u00f1arnos desde la visi\u00f3n t\u00e9cnica en todos los desastres naturales que nos han afectado como zona, y en especial trabajar con nuestra comunidad y ense\u00f1arnos a convivir con dos volcanes activos\u201d.<\/p>\n<p style=\"font-weight: 400; text-align: justify;\">En el primer d\u00eda de feria, la programaci\u00f3n contempl\u00f3 diversas y variadas charlas, entre ellas, el geopatrimonio de la regi\u00f3n de Ays\u00e9n, 30 a\u00f1os de la erupci\u00f3n del volc\u00e1n Hudson, Preg\u00fantale a un Volcan\u00f3logo, Monitoreo Volc\u00e1nico de Sernageomin y el taller \u201cGesti\u00f3n de Emergencias para Crisis Volc\u00e1nicas\u201d.<\/p>\n<p style=\"font-weight: 400; text-align: justify;\">Cabe se\u00f1alar que este tipo de instancias se enmarcan en una serie de acciones de Sernageomin dirigidas a crear conciencia ciudadana sobre los potenciales peligros volc\u00e1nicos y geol\u00f3gicos, y reducir as\u00ed la vulnerabilidad frente a una situaci\u00f3n de emergencia.<\/p>\n<p style=\"font-weight: 400; text-align: justify;\">M\u00e1s informaci\u00f3n en\u00a0<a href=\"https:\/\/www.sernageomin.cl\/feria-volcanica\/\" data-saferedirecturl=\"https:\/\/www.google.com\/url?q=https:\/\/www.sernageomin.cl\/feria-volcanica\/&amp;source=gmail&amp;ust=1621527152484000&amp;usg=AFQjCNHcOvFhcpdTYjEmgrZoO8ql2ePeoA\">https:\/\/www.sernageomin.cl\/feria-volcanica\/<\/a><\/p>\n<\/div><\/section><\/div><div  style='height:50px' class='hr hr-invisible   avia-builder-el-6  el_after_av_one_full  el_before_av_social_share '><span class='hr-inner ' ><span class='hr-inner-style'><\/span><\/span><\/div><\/p>\n<div  class='av-social-sharing-box  avia-builder-el-7  el_after_av_hr  el_before_av_hr  '><div class='av-share-box'><h5 class='av-share-link-description av-no-toc '>Compartir esta noticia<\/h5><ul class='av-share-box-list noLightbox'><li class='av-share-link av-social-link-facebook' ><a target=\"_blank\" aria-label=\"Compartir en Facebook\" href='https:\/\/www.facebook.com\/sharer.php?u=https:\/\/radiorevelacionfm.cl\/?p=4290&#038;t=Chile%20Chico%20es%20sede%20de%20la%20Feria%20de%20Divulgaci%C3%B3n%20Volc%C3%A1nica%20de%20Sernageomin' aria-hidden='false' data-av_icon='\ue8f3' data-av_iconfont='entypo-fontello' title='' data-avia-related-tooltip='Compartir en Facebook' rel=\"noopener\"><span class='avia_hidden_link_text'>Compartir en Facebook<\/span><\/a><\/li><li class='av-share-link av-social-link-twitter' ><a target=\"_blank\" aria-label=\"Compartir en Twitter\" href='https:\/\/twitter.com\/share?text=Chile%20Chico%20es%20sede%20de%20la%20Feria%20de%20Divulgaci%C3%B3n%20Volc%C3%A1nica%20de%20Sernageomin&#038;url=https:\/\/radiorevelacionfm.cl\/?p=4290' aria-hidden='false' data-av_icon='\ue8f1' data-av_iconfont='entypo-fontello' title='' data-avia-related-tooltip='Compartir en Twitter' rel=\"noopener\"><span class='avia_hidden_link_text'>Compartir en Twitter<\/span><\/a><\/li><li class='av-share-link av-social-link-whatsapp' ><a target=\"_blank\" aria-label=\"Compartir en Whatsapp\" href='https:\/\/api.whatsapp.com\/send?text=https:\/\/radiorevelacionfm.cl\/?p=4290' aria-hidden='false' data-av_icon='\uf232' data-av_iconfont='entypo-fontello' title='' data-avia-related-tooltip='Compartir en Whatsapp' rel=\"noopener\"><span class='avia_hidden_link_text'>Compartir en Whatsapp<\/span><\/a><\/li><li class='av-share-link av-social-link-linkedin' ><a target=\"_blank\" aria-label=\"Compartir en LinkedIn\" href='https:\/\/linkedin.com\/shareArticle?mini=true&#038;title=Chile%20Chico%20es%20sede%20de%20la%20Feria%20de%20Divulgaci%C3%B3n%20Volc%C3%A1nica%20de%20Sernageomin&#038;url=https:\/\/radiorevelacionfm.cl\/?p=4290' aria-hidden='false' data-av_icon='\ue8fc' data-av_iconfont='entypo-fontello' title='' data-avia-related-tooltip='Compartir en LinkedIn' rel=\"noopener\"><span class='avia_hidden_link_text'>Compartir en LinkedIn<\/span><\/a><\/li><li class='av-share-link av-social-link-mail' ><a  aria-label=\"Compartir por correo\" href='mailto:?subject=Chile%20Chico%20es%20sede%20de%20la%20Feria%20de%20Divulgaci%C3%B3n%20Volc%C3%A1nica%20de%20Sernageomin&#038;body=https:\/\/radiorevelacionfm.cl\/?p=4290' aria-hidden='false' data-av_icon='\ue805' data-av_iconfont='entypo-fontello' title='' data-avia-related-tooltip='Compartir por correo'><span class='avia_hidden_link_text'>Compartir por correo<\/span><\/a><\/li><\/ul><\/div><\/div>\n<div  style='height:50px' class='hr hr-invisible   avia-builder-el-8  el_after_av_social_share  el_before_av_comments_list '><span class='hr-inner ' ><span class='hr-inner-style'><\/span><\/span><\/div>\n<div  class='av-buildercomment  av-blog-meta-html-info-disabled av-blog-meta-tag-disabled  '><\/div>\n","protected":false},"excerpt":{"rendered":"","protected":false},"author":1,"featured_media":0,"comment_status":"open","ping_status":"open","sticky":false,"template":"","format":"standard","meta":{"footnotes":""},"categories":[38],"tags":[],"class_list":["post-4290","post","type-post","status-publish","format-standard","hentry","category-regional"],"jetpack_featured_media_url":"","_links":{"self":[{"href":"https:\/\/radiorevelacionfm.cl\/index.php?rest_route=\/wp\/v2\/posts\/4290","targetHints":{"allow":["GET"]}}],"collection":[{"href":"https:\/\/radiorevelacionfm.cl\/index.php?rest_route=\/wp\/v2\/posts"}],"about":[{"href":"https:\/\/radiorevelacionfm.cl\/index.php?rest_route=\/wp\/v2\/types\/post"}],"author":[{"embeddable":true,"href":"https:\/\/radiorevelacionfm.cl\/index.php?rest_route=\/wp\/v2\/users\/1"}],"replies":[{"embeddable":true,"href":"https:\/\/radiorevelacionfm.cl\/index.php?rest_route=%2Fwp%2Fv2%2Fcomments&post=4290"}],"version-history":[{"count":1,"href":"https:\/\/radiorevelacionfm.cl\/index.php?rest_route=\/wp\/v2\/posts\/4290\/revisions"}],"predecessor-version":[{"id":4292,"href":"https:\/\/radiorevelacionfm.cl\/index.php?rest_route=\/wp\/v2\/posts\/4290\/revisions\/4292"}],"wp:attachment":[{"href":"https:\/\/radiorevelacionfm.cl\/index.php?rest_route=%2Fwp%2Fv2%2Fmedia&parent=4290"}],"wp:term":[{"taxonomy":"category","embeddable":true,"href":"https:\/\/radiorevelacionfm.cl\/index.php?rest_route=%2Fwp%2Fv2%2Fcategories&post=4290"},{"taxonomy":"post_tag","embeddable":true,"href":"https:\/\/radiorevelacionfm.cl\/index.php?rest_route=%2Fwp%2Fv2%2Ftags&post=4290"}],"curies":[{"name":"wp","href":"https:\/\/api.w.org\/{rel}","templated":true}]}}