{"id":42899,"date":"2024-06-05T16:52:47","date_gmt":"2024-06-05T19:52:47","guid":{"rendered":"https:\/\/radiorevelacionfm.cl\/?p=42899"},"modified":"2024-06-05T16:52:47","modified_gmt":"2024-06-05T19:52:47","slug":"con-entusiasmo-de-dirigentes-ayseninos-comenzo-proceso-de-postulacion-a-fondos-fomam-y-fondeve","status":"publish","type":"post","link":"https:\/\/radiorevelacionfm.cl\/?p=42899","title":{"rendered":"Con entusiasmo de dirigentes ayseninos comenz\u00f3 proceso de postulaci\u00f3n a Fondos FOMAM y FONDEVE"},"content":{"rendered":"<div class=\"flex_column av_one_full  flex_column_div av-zero-column-padding first  avia-builder-el-0  el_before_av_one_full  avia-builder-el-first  \" style='border-radius:0px; '><div  class='avia-image-container  av-styling-    avia-builder-el-1  avia-builder-el-no-sibling  avia-align-center '  itemprop=\"image\" itemscope=\"itemscope\" itemtype=\"https:\/\/schema.org\/ImageObject\"  ><div class='avia-image-container-inner'><div class='avia-image-overlay-wrap'><img decoding=\"async\" class='wp-image-42900 avia-img-lazy-loading-not-42900 avia_image' src=\"https:\/\/radiorevelacionfm.cl\/wp-content\/uploads\/2024\/06\/FOMAM-Y-FONDEVE-3-2-1-1.jpg\" alt='' title='FOMAM Y FONDEVE 3 (2) (1) (1)' height=\"600\" width=\"1067\"  itemprop=\"thumbnailUrl\" srcset=\"https:\/\/radiorevelacionfm.cl\/wp-content\/uploads\/2024\/06\/FOMAM-Y-FONDEVE-3-2-1-1.jpg 1067w, https:\/\/radiorevelacionfm.cl\/wp-content\/uploads\/2024\/06\/FOMAM-Y-FONDEVE-3-2-1-1-300x169.jpg 300w, https:\/\/radiorevelacionfm.cl\/wp-content\/uploads\/2024\/06\/FOMAM-Y-FONDEVE-3-2-1-1-1030x579.jpg 1030w, https:\/\/radiorevelacionfm.cl\/wp-content\/uploads\/2024\/06\/FOMAM-Y-FONDEVE-3-2-1-1-768x432.jpg 768w, https:\/\/radiorevelacionfm.cl\/wp-content\/uploads\/2024\/06\/FOMAM-Y-FONDEVE-3-2-1-1-705x396.jpg 705w, https:\/\/radiorevelacionfm.cl\/wp-content\/uploads\/2024\/06\/FOMAM-Y-FONDEVE-3-2-1-1-450x253.jpg 450w, https:\/\/radiorevelacionfm.cl\/wp-content\/uploads\/2024\/06\/FOMAM-Y-FONDEVE-3-2-1-1-600x337.jpg 600w\" sizes=\"(max-width: 1067px) 100vw, 1067px\" \/><\/div><\/div><\/div><\/div><div class=\"flex_column av_one_full  flex_column_div av-zero-column-padding first  avia-builder-el-2  el_after_av_one_full  el_before_av_one_full  column-top-margin\" style='border-radius:0px; '><section class=\"av_textblock_section \"  itemscope=\"itemscope\" itemtype=\"https:\/\/schema.org\/BlogPosting\" itemprop=\"blogPost\" ><div class='avia_textblock  '   itemprop=\"text\" ><p style=\"text-align: center;\"><strong><span style=\"font-size: 18pt;\">Con entusiasmo de dirigentes ayseninos comenz\u00f3 proceso de postulaci\u00f3n a Fondos FOMAM y FONDEVE<\/span><\/strong><\/p>\n<div id=\"gtx-trans\" style=\"position: absolute; left: -50px; top: 4.31534px;\">\n<div class=\"gtx-trans-icon\"><\/div>\n<\/div>\n<\/div><\/section><\/div><div class=\"flex_column av_one_full  flex_column_div av-zero-column-padding first  avia-builder-el-4  el_after_av_one_full  el_before_av_hr  column-top-margin\" style='border-radius:0px; '><section class=\"av_textblock_section \"  itemscope=\"itemscope\" itemtype=\"https:\/\/schema.org\/BlogPosting\" itemprop=\"blogPost\" ><div class='avia_textblock  '   itemprop=\"text\" ><p style=\"text-align: justify;\"><em>Esto permite que las organizaciones de adultos mayores y juntas de vecinos de la comuna, cuenten con recursos para llevar a cabo diversas iniciativas de capacitaci\u00f3n, implementaci\u00f3n, mejoramiento de sus sedes, actividades din\u00e1micas y de entretenci\u00f3n.<\/em><\/p>\n<p style=\"text-align: justify;\">La sede \u201cTrapananda\u201d de la Uni\u00f3n Comunal del Adulto Mayor de Ays\u00e9n, fue el punto de encuentro de un gran n\u00famero de dirigentes y dirigentas, quienes junto a la autoridad comunal alcalde, Julio Uribe y el equipo municipal, den el vamos al proceso de postulaci\u00f3n al Fondo Municipal del Adulto Mayor (FOMAM).<\/p>\n<p style=\"text-align: justify;\">Posteriormente, en otra sede social del sector sur de Puerto Ays\u00e9n, se inici\u00f3 la tramitaci\u00f3n para la obtenci\u00f3n de recursos municipales destinados a las juntas de vecinos, mediante el FONDEVE. Ambas iniciativas fueron destacadas por el alcalde, Julio Uribe.<\/p>\n<p style=\"text-align: justify;\">\u201cHan sido dos instancias muy provechosas, porque, adem\u00e1s, nos entrega la posibilidad de conversar con nuestros adultos mayores, con nuestros dirigentes de las juntas de vecinos, contarles igual de nuestros proyectos, de nuestros anhelos, de lo que hemos hecho, de rendirles cuenta del trabajo que estamos haciendo. As\u00ed es que, han sido momentos muy interesantes y esperar que puedan postular de la mejor forma\u201d.<\/p>\n<p style=\"text-align: justify;\">En tanto, la Concejala, M\u00f3nica Navarrete, destac\u00f3 el inter\u00e9s de los dirigentes en conocer detalles del proceso a la postulaci\u00f3n del FOMAM, \u201cver a los adultos mayores en que pueden gastar la plata para sus proyectos, ya estaban pensando que iniciativa pueden postular, el hecho que les vayan a realizar capacitaciones tambi\u00e9n es una buena idea para todos los adultos mayores, porque hay cosas que no se pueden gastar y cosas que pueden hacer. Agradecida de todos los adultos mayores y vamos a seguir apoy\u00e1ndolos como siempre\u201d.<\/p>\n<p style=\"text-align: justify;\">Blanca Hern\u00e1ndez, del club de adulto mayor \u201cRenacer\u201d, expres\u00f3 su alegr\u00eda de tener esta alternativa, que le es de gran ayuda para generar beneficios para sus asociados, sobre todo para los requerimientos de abrigo en \u00e9poca de invierno, \u201cnosotros estamos felices con estos dineros porque mucho nos va a servir y en realidad tenemos pensando en que lo vamos a utilizar, porque nosotros los viejitos necesitamos abrigo y comida, entonces, como comida no se puede y abrigo si, vamos a comprar lanita y genero polar, para confeccionar nuestras ropitas y con los telares que tenemos, podemos hacer mantas y cuanta cosa, porque pucha que nos hace falta. Este invierno tan malo, este Ays\u00e9n tan lluvioso, que nos hace mucha falta el abrigo, por el problema de la le\u00f1a que es cara y escasa, entonces, hay que abrigarse para cuidar la salud. Yo agradezco mucho estos dineros que pueden entregarnos, porque nos hace mucha falta, cada d\u00eda hay m\u00e1s ancianos, as\u00ed es que, muy agradecidos\u201d.<\/p>\n<p style=\"text-align: justify;\">La secretaria del club de adulto mayor \u201cPatagones de la Corvi\u201d, Isabel Sandoval, remarc\u00f3 lo importante del beneficio, \u201cNosotros todos los a\u00f1os hemos participado, somos alrededor de 50 personas, siempre las compras que se hacen con este proyecto es para favorecer a todos los socios. As\u00ed es que, nos gusta venir a buscar los proyectos, porque es algo maravilloso para nuestro club\u201d.<\/p>\n<p style=\"text-align: justify;\">El FOMAM, permite que las organizaciones de adultos mayores de la comuna, cuenten con recursos para llevar a cabo diversas iniciativas de capacitaci\u00f3n, implementaci\u00f3n, mejoramiento de sus sedes, actividades din\u00e1micas y de entretenci\u00f3n.<\/p>\n<p style=\"text-align: justify;\">Destacar adem\u00e1s que, esta semana y en la sala de uso m\u00faltiple de calle Kalstrom, se llev\u00f3 a cabo el inicio del proceso de postulaci\u00f3n al Fondo de Desarrollo Vecinal (FONDEVE) 2024, jornada donde la oficina de asuntos comunitarios del Municipio, detall\u00f3 los principales alcances para que las organizaciones accedan a estos recursos que entrega la Municipalidad de Ays\u00e9n.<\/p>\n<\/div><\/section><\/div><div  style='height:50px' class='hr hr-invisible   avia-builder-el-6  el_after_av_one_full  el_before_av_social_share '><span class='hr-inner ' ><span class='hr-inner-style'><\/span><\/span><\/div><\/p>\n<div  class='av-social-sharing-box  avia-builder-el-7  el_after_av_hr  el_before_av_hr  '><div class='av-share-box'><h5 class='av-share-link-description av-no-toc '>Compartir esta noticia<\/h5><ul class='av-share-box-list noLightbox'><li class='av-share-link av-social-link-facebook' ><a target=\"_blank\" aria-label=\"Compartir en Facebook\" href='https:\/\/www.facebook.com\/sharer.php?u=https:\/\/radiorevelacionfm.cl\/?p=42899&#038;t=Con%20entusiasmo%20de%20dirigentes%20ayseninos%20comenz%C3%B3%20proceso%20de%20postulaci%C3%B3n%20a%20Fondos%20FOMAM%20y%20FONDEVE' aria-hidden='false' data-av_icon='\ue8f3' data-av_iconfont='entypo-fontello' title='' data-avia-related-tooltip='Compartir en Facebook' rel=\"noopener\"><span class='avia_hidden_link_text'>Compartir en Facebook<\/span><\/a><\/li><li class='av-share-link av-social-link-twitter' ><a target=\"_blank\" aria-label=\"Compartir en Twitter\" href='https:\/\/twitter.com\/share?text=Con%20entusiasmo%20de%20dirigentes%20ayseninos%20comenz%C3%B3%20proceso%20de%20postulaci%C3%B3n%20a%20Fondos%20FOMAM%20y%20FONDEVE&#038;url=https:\/\/radiorevelacionfm.cl\/?p=42899' aria-hidden='false' data-av_icon='\ue8f1' data-av_iconfont='entypo-fontello' title='' data-avia-related-tooltip='Compartir en Twitter' rel=\"noopener\"><span class='avia_hidden_link_text'>Compartir en Twitter<\/span><\/a><\/li><li class='av-share-link av-social-link-whatsapp' ><a target=\"_blank\" aria-label=\"Compartir en Whatsapp\" href='https:\/\/api.whatsapp.com\/send?text=https:\/\/radiorevelacionfm.cl\/?p=42899' aria-hidden='false' data-av_icon='\uf232' data-av_iconfont='entypo-fontello' title='' data-avia-related-tooltip='Compartir en Whatsapp' rel=\"noopener\"><span class='avia_hidden_link_text'>Compartir en Whatsapp<\/span><\/a><\/li><li class='av-share-link av-social-link-linkedin' ><a target=\"_blank\" aria-label=\"Compartir en LinkedIn\" href='https:\/\/linkedin.com\/shareArticle?mini=true&#038;title=Con%20entusiasmo%20de%20dirigentes%20ayseninos%20comenz%C3%B3%20proceso%20de%20postulaci%C3%B3n%20a%20Fondos%20FOMAM%20y%20FONDEVE&#038;url=https:\/\/radiorevelacionfm.cl\/?p=42899' aria-hidden='false' data-av_icon='\ue8fc' data-av_iconfont='entypo-fontello' title='' data-avia-related-tooltip='Compartir en LinkedIn' rel=\"noopener\"><span class='avia_hidden_link_text'>Compartir en LinkedIn<\/span><\/a><\/li><li class='av-share-link av-social-link-mail' ><a  aria-label=\"Compartir por correo\" href='mailto:?subject=Con%20entusiasmo%20de%20dirigentes%20ayseninos%20comenz%C3%B3%20proceso%20de%20postulaci%C3%B3n%20a%20Fondos%20FOMAM%20y%20FONDEVE&#038;body=https:\/\/radiorevelacionfm.cl\/?p=42899' aria-hidden='false' data-av_icon='\ue805' data-av_iconfont='entypo-fontello' title='' data-avia-related-tooltip='Compartir por correo'><span class='avia_hidden_link_text'>Compartir por correo<\/span><\/a><\/li><\/ul><\/div><\/div>\n<div  style='height:50px' class='hr hr-invisible   avia-builder-el-8  el_after_av_social_share  el_before_av_comments_list '><span class='hr-inner ' ><span class='hr-inner-style'><\/span><\/span><\/div>\n<div  class='av-buildercomment  av-blog-meta-html-info-disabled av-blog-meta-tag-disabled  '><\/div>\n","protected":false},"excerpt":{"rendered":"","protected":false},"author":1,"featured_media":42900,"comment_status":"open","ping_status":"open","sticky":false,"template":"","format":"standard","meta":{"footnotes":""},"categories":[38],"tags":[],"class_list":["post-42899","post","type-post","status-publish","format-standard","has-post-thumbnail","hentry","category-regional"],"jetpack_featured_media_url":"https:\/\/radiorevelacionfm.cl\/wp-content\/uploads\/2024\/06\/FOMAM-Y-FONDEVE-3-2-1-1.jpg","_links":{"self":[{"href":"https:\/\/radiorevelacionfm.cl\/index.php?rest_route=\/wp\/v2\/posts\/42899","targetHints":{"allow":["GET"]}}],"collection":[{"href":"https:\/\/radiorevelacionfm.cl\/index.php?rest_route=\/wp\/v2\/posts"}],"about":[{"href":"https:\/\/radiorevelacionfm.cl\/index.php?rest_route=\/wp\/v2\/types\/post"}],"author":[{"embeddable":true,"href":"https:\/\/radiorevelacionfm.cl\/index.php?rest_route=\/wp\/v2\/users\/1"}],"replies":[{"embeddable":true,"href":"https:\/\/radiorevelacionfm.cl\/index.php?rest_route=%2Fwp%2Fv2%2Fcomments&post=42899"}],"version-history":[{"count":1,"href":"https:\/\/radiorevelacionfm.cl\/index.php?rest_route=\/wp\/v2\/posts\/42899\/revisions"}],"predecessor-version":[{"id":42901,"href":"https:\/\/radiorevelacionfm.cl\/index.php?rest_route=\/wp\/v2\/posts\/42899\/revisions\/42901"}],"wp:featuredmedia":[{"embeddable":true,"href":"https:\/\/radiorevelacionfm.cl\/index.php?rest_route=\/wp\/v2\/media\/42900"}],"wp:attachment":[{"href":"https:\/\/radiorevelacionfm.cl\/index.php?rest_route=%2Fwp%2Fv2%2Fmedia&parent=42899"}],"wp:term":[{"taxonomy":"category","embeddable":true,"href":"https:\/\/radiorevelacionfm.cl\/index.php?rest_route=%2Fwp%2Fv2%2Fcategories&post=42899"},{"taxonomy":"post_tag","embeddable":true,"href":"https:\/\/radiorevelacionfm.cl\/index.php?rest_route=%2Fwp%2Fv2%2Ftags&post=42899"}],"curies":[{"name":"wp","href":"https:\/\/api.w.org\/{rel}","templated":true}]}}