{"id":42896,"date":"2024-06-05T17:58:05","date_gmt":"2024-06-05T20:58:05","guid":{"rendered":"https:\/\/radiorevelacionfm.cl\/?p=42896"},"modified":"2024-06-05T17:58:05","modified_gmt":"2024-06-05T20:58:05","slug":"asistentes-de-la-educacion-de-aysen-y-coyhaique-participaron-en-taller-de-manejo-de-conflictos-y-acompanamiento-socioemocional","status":"publish","type":"post","link":"https:\/\/radiorevelacionfm.cl\/?p=42896","title":{"rendered":"Asistentes de la Educaci\u00f3n de Ays\u00e9n y Coyhaique participaron en taller de manejo de conflictos y acompa\u00f1amiento socioemocional"},"content":{"rendered":"<div class=\"flex_column av_one_full  flex_column_div av-zero-column-padding first  avia-builder-el-0  el_before_av_one_full  avia-builder-el-first  \" style='border-radius:0px; '><div  class='avia-image-container  av-styling-    avia-builder-el-1  avia-builder-el-no-sibling  avia-align-center '  itemprop=\"image\" itemscope=\"itemscope\" itemtype=\"https:\/\/schema.org\/ImageObject\"  ><div class='avia-image-container-inner'><div class='avia-image-overlay-wrap'><img decoding=\"async\" class='wp-image-42897 avia-img-lazy-loading-not-42897 avia_image' src=\"https:\/\/radiorevelacionfm.cl\/wp-content\/uploads\/2024\/06\/Asistentes-educacion-Coyhaique-1-1.jpg\" alt='' title='Asistentes educaci\u00f3n Coyhaique (1) (1)' height=\"600\" width=\"800\"  itemprop=\"thumbnailUrl\" srcset=\"https:\/\/radiorevelacionfm.cl\/wp-content\/uploads\/2024\/06\/Asistentes-educacion-Coyhaique-1-1.jpg 800w, https:\/\/radiorevelacionfm.cl\/wp-content\/uploads\/2024\/06\/Asistentes-educacion-Coyhaique-1-1-300x225.jpg 300w, https:\/\/radiorevelacionfm.cl\/wp-content\/uploads\/2024\/06\/Asistentes-educacion-Coyhaique-1-1-768x576.jpg 768w, https:\/\/radiorevelacionfm.cl\/wp-content\/uploads\/2024\/06\/Asistentes-educacion-Coyhaique-1-1-705x529.jpg 705w, https:\/\/radiorevelacionfm.cl\/wp-content\/uploads\/2024\/06\/Asistentes-educacion-Coyhaique-1-1-450x338.jpg 450w, https:\/\/radiorevelacionfm.cl\/wp-content\/uploads\/2024\/06\/Asistentes-educacion-Coyhaique-1-1-600x450.jpg 600w\" sizes=\"(max-width: 800px) 100vw, 800px\" \/><\/div><\/div><\/div><\/div><div class=\"flex_column av_one_full  flex_column_div av-zero-column-padding first  avia-builder-el-2  el_after_av_one_full  el_before_av_one_full  column-top-margin\" style='border-radius:0px; '><section class=\"av_textblock_section \"  itemscope=\"itemscope\" itemtype=\"https:\/\/schema.org\/BlogPosting\" itemprop=\"blogPost\" ><div class='avia_textblock  '   itemprop=\"text\" ><p style=\"text-align: center;\"><span style=\"font-size: 18pt;\"><b><span lang=\"ES-MX\">Asistentes de la Educaci\u00f3n de Ays\u00e9n y Coyhaique participaron en taller de manejo de conflictos y acompa\u00f1amiento socioemocional<\/span><\/b><\/span><\/p>\n<div id=\"gtx-trans\" style=\"position: absolute; left: -50px; top: 4.31534px;\">\n<div class=\"gtx-trans-icon\"><\/div>\n<\/div>\n<\/div><\/section><\/div><div class=\"flex_column av_one_full  flex_column_div av-zero-column-padding first  avia-builder-el-4  el_after_av_one_full  el_before_av_hr  column-top-margin\" style='border-radius:0px; '><section class=\"av_textblock_section \"  itemscope=\"itemscope\" itemtype=\"https:\/\/schema.org\/BlogPosting\" itemprop=\"blogPost\" ><div class='avia_textblock  '   itemprop=\"text\" ><p class=\"v1MsoNormal\" style=\"text-align: justify;\"><span lang=\"ES-MX\">Los d\u00edas 28 y 29 de mayo, se realiz\u00f3 en Puerto\u00a0 Ays\u00e9n y Coyhaique una jornada de trabajo con asistentes de la Educaci\u00f3n que realizan funciones t\u00e9cnicas, administrativas y auxiliares.<\/span><\/p>\n<p class=\"v1MsoNormal\" style=\"text-align: justify;\"><span lang=\"ES-MX\">La actividad denominada \u201cTaller de manejo de conflictos y acompa\u00f1amiento socioemocional\u201d fue convocada por la Secretar\u00eda Regional Ministerial de Educaci\u00f3n Ays\u00e9n y Departamento Provincial de Educaci\u00f3n Coyhaique y la relatora principal fue la profesional Cristina Vega Gonz\u00e1lez, coordinadora nacional de convivencia y seguridad escolar del Ministerio de Educaci\u00f3n.<\/span><\/p>\n<p class=\"v1MsoNormal\" style=\"text-align: justify;\"><span lang=\"ES-MX\">Este taller es continuaci\u00f3n del trabajo realizado el a\u00f1o 2023 y que surgi\u00f3 de las necesidades presentadas por los gremios que agrupan a los asistentes de la educaci\u00f3n de Coyhaique.<\/span><\/p>\n<p class=\"v1MsoNormal\" style=\"text-align: justify;\"><span lang=\"ES-MX\">El tema abordado se consider\u00f3 relevante por las tareas que la mayor\u00eda de los asistentes debe realizar y que habitualmente se encuentran en directa relaci\u00f3n con los estudiantes ya que contribuyen en forma importante al aprendizaje, colaborando con los equipos docentes especialmente en aquellos aspectos vinculados con la convivencia escolar y desarrollo socioemocional de los estudiantes.<\/span><\/p>\n<p class=\"v1MsoNormal\" style=\"text-align: justify;\"><span lang=\"ES-MX\">La diversidad de sus funciones hace que su labor sea fundamental para el desarrollo de ni\u00f1os y ni\u00f1as, ya que generalmente tienen un conocimiento privilegiado de los\/as estudiantes fuera del aula, motivo que les permite colaborar con equipos directivos y docentes al momento de tomar decisiones estrat\u00e9gicas para temas como la convivencia y la asistencia escolar.<\/span><\/p>\n<p class=\"v1MsoNormal\" style=\"text-align: justify;\"><span lang=\"ES-MX\">Las y los asistentes de la educaci\u00f3n han tenido una importante presencia en los establecimientos educacionales y\u00a0 con el paso del tiempo sus funciones y tareas han ido evolucionando en t\u00e9rminos de procesos. Han incrementado no solo su presencia, sino que tambi\u00e9n la adquisici\u00f3n de nuevos roles, tanto en los procesos t\u00e9cnicos de apoyo como en la asistencia al proceso de ense\u00f1anza y aprendizaje dentro y fuera del aula.<\/span><\/p>\n<p class=\"v1MsoNormal\" style=\"text-align: justify;\"><span lang=\"ES-MX\">Participaron un total de 25 personas en Puerto Ays\u00e9n, en la jornada realizada en la Escuela Litoral Austral y 38 en Coyhaique.<\/span><\/p>\n<\/div><\/section><\/div><div  style='height:50px' class='hr hr-invisible   avia-builder-el-6  el_after_av_one_full  el_before_av_social_share '><span class='hr-inner ' ><span class='hr-inner-style'><\/span><\/span><\/div><\/p>\n<div  class='av-social-sharing-box  avia-builder-el-7  el_after_av_hr  el_before_av_hr  '><div class='av-share-box'><h5 class='av-share-link-description av-no-toc '>Compartir esta noticia<\/h5><ul class='av-share-box-list noLightbox'><li class='av-share-link av-social-link-facebook' ><a target=\"_blank\" aria-label=\"Compartir en Facebook\" href='https:\/\/www.facebook.com\/sharer.php?u=https:\/\/radiorevelacionfm.cl\/?p=42896&#038;t=Asistentes%20de%20la%20Educaci%C3%B3n%20de%20Ays%C3%A9n%20y%20Coyhaique%20participaron%20en%20taller%20de%20manejo%20de%20conflictos%20y%20acompa%C3%B1amiento%20socioemocional' aria-hidden='false' data-av_icon='\ue8f3' data-av_iconfont='entypo-fontello' title='' data-avia-related-tooltip='Compartir en Facebook' rel=\"noopener\"><span class='avia_hidden_link_text'>Compartir en Facebook<\/span><\/a><\/li><li class='av-share-link av-social-link-twitter' ><a target=\"_blank\" aria-label=\"Compartir en Twitter\" href='https:\/\/twitter.com\/share?text=Asistentes%20de%20la%20Educaci%C3%B3n%20de%20Ays%C3%A9n%20y%20Coyhaique%20participaron%20en%20taller%20de%20manejo%20de%20conflictos%20y%20acompa%C3%B1amiento%20socioemocional&#038;url=https:\/\/radiorevelacionfm.cl\/?p=42896' aria-hidden='false' data-av_icon='\ue8f1' data-av_iconfont='entypo-fontello' title='' data-avia-related-tooltip='Compartir en Twitter' rel=\"noopener\"><span class='avia_hidden_link_text'>Compartir en Twitter<\/span><\/a><\/li><li class='av-share-link av-social-link-whatsapp' ><a target=\"_blank\" aria-label=\"Compartir en Whatsapp\" href='https:\/\/api.whatsapp.com\/send?text=https:\/\/radiorevelacionfm.cl\/?p=42896' aria-hidden='false' data-av_icon='\uf232' data-av_iconfont='entypo-fontello' title='' data-avia-related-tooltip='Compartir en Whatsapp' rel=\"noopener\"><span class='avia_hidden_link_text'>Compartir en Whatsapp<\/span><\/a><\/li><li class='av-share-link av-social-link-linkedin' ><a target=\"_blank\" aria-label=\"Compartir en LinkedIn\" href='https:\/\/linkedin.com\/shareArticle?mini=true&#038;title=Asistentes%20de%20la%20Educaci%C3%B3n%20de%20Ays%C3%A9n%20y%20Coyhaique%20participaron%20en%20taller%20de%20manejo%20de%20conflictos%20y%20acompa%C3%B1amiento%20socioemocional&#038;url=https:\/\/radiorevelacionfm.cl\/?p=42896' aria-hidden='false' data-av_icon='\ue8fc' data-av_iconfont='entypo-fontello' title='' data-avia-related-tooltip='Compartir en LinkedIn' rel=\"noopener\"><span class='avia_hidden_link_text'>Compartir en LinkedIn<\/span><\/a><\/li><li class='av-share-link av-social-link-mail' ><a  aria-label=\"Compartir por correo\" href='mailto:?subject=Asistentes%20de%20la%20Educaci%C3%B3n%20de%20Ays%C3%A9n%20y%20Coyhaique%20participaron%20en%20taller%20de%20manejo%20de%20conflictos%20y%20acompa%C3%B1amiento%20socioemocional&#038;body=https:\/\/radiorevelacionfm.cl\/?p=42896' aria-hidden='false' data-av_icon='\ue805' data-av_iconfont='entypo-fontello' title='' data-avia-related-tooltip='Compartir por correo'><span class='avia_hidden_link_text'>Compartir por correo<\/span><\/a><\/li><\/ul><\/div><\/div>\n<div  style='height:50px' class='hr hr-invisible   avia-builder-el-8  el_after_av_social_share  el_before_av_comments_list '><span class='hr-inner ' ><span class='hr-inner-style'><\/span><\/span><\/div>\n<div  class='av-buildercomment  av-blog-meta-html-info-disabled av-blog-meta-tag-disabled  '><\/div>\n","protected":false},"excerpt":{"rendered":"","protected":false},"author":1,"featured_media":42897,"comment_status":"open","ping_status":"open","sticky":false,"template":"","format":"standard","meta":{"footnotes":""},"categories":[49],"tags":[],"class_list":["post-42896","post","type-post","status-publish","format-standard","has-post-thumbnail","hentry","category-educacion"],"jetpack_featured_media_url":"https:\/\/radiorevelacionfm.cl\/wp-content\/uploads\/2024\/06\/Asistentes-educacion-Coyhaique-1-1.jpg","_links":{"self":[{"href":"https:\/\/radiorevelacionfm.cl\/index.php?rest_route=\/wp\/v2\/posts\/42896","targetHints":{"allow":["GET"]}}],"collection":[{"href":"https:\/\/radiorevelacionfm.cl\/index.php?rest_route=\/wp\/v2\/posts"}],"about":[{"href":"https:\/\/radiorevelacionfm.cl\/index.php?rest_route=\/wp\/v2\/types\/post"}],"author":[{"embeddable":true,"href":"https:\/\/radiorevelacionfm.cl\/index.php?rest_route=\/wp\/v2\/users\/1"}],"replies":[{"embeddable":true,"href":"https:\/\/radiorevelacionfm.cl\/index.php?rest_route=%2Fwp%2Fv2%2Fcomments&post=42896"}],"version-history":[{"count":1,"href":"https:\/\/radiorevelacionfm.cl\/index.php?rest_route=\/wp\/v2\/posts\/42896\/revisions"}],"predecessor-version":[{"id":42898,"href":"https:\/\/radiorevelacionfm.cl\/index.php?rest_route=\/wp\/v2\/posts\/42896\/revisions\/42898"}],"wp:featuredmedia":[{"embeddable":true,"href":"https:\/\/radiorevelacionfm.cl\/index.php?rest_route=\/wp\/v2\/media\/42897"}],"wp:attachment":[{"href":"https:\/\/radiorevelacionfm.cl\/index.php?rest_route=%2Fwp%2Fv2%2Fmedia&parent=42896"}],"wp:term":[{"taxonomy":"category","embeddable":true,"href":"https:\/\/radiorevelacionfm.cl\/index.php?rest_route=%2Fwp%2Fv2%2Fcategories&post=42896"},{"taxonomy":"post_tag","embeddable":true,"href":"https:\/\/radiorevelacionfm.cl\/index.php?rest_route=%2Fwp%2Fv2%2Ftags&post=42896"}],"curies":[{"name":"wp","href":"https:\/\/api.w.org\/{rel}","templated":true}]}}