{"id":42893,"date":"2024-06-05T15:45:18","date_gmt":"2024-06-05T18:45:18","guid":{"rendered":"https:\/\/radiorevelacionfm.cl\/?p=42893"},"modified":"2024-06-05T15:45:18","modified_gmt":"2024-06-05T18:45:18","slug":"bienes-nacionales-reconocio-a-usuarios-y-exfuncionarios-en-ceremonia-por-sus-93-anos-de-aniversario","status":"publish","type":"post","link":"https:\/\/radiorevelacionfm.cl\/?p=42893","title":{"rendered":"Bienes Nacionales reconoci\u00f3 a usuarios y exfuncionarios en ceremonia por sus 93 a\u00f1os de aniversario"},"content":{"rendered":"<div class=\"flex_column av_one_full  flex_column_div av-zero-column-padding first  avia-builder-el-0  el_before_av_one_full  avia-builder-el-first  \" style='border-radius:0px; '><div  class='avia-image-container  av-styling-    avia-builder-el-1  avia-builder-el-no-sibling  avia-align-center '  itemprop=\"image\" itemscope=\"itemscope\" itemtype=\"https:\/\/schema.org\/ImageObject\"  ><div class='avia-image-container-inner'><div class='avia-image-overlay-wrap'><img decoding=\"async\" class='wp-image-42894 avia-img-lazy-loading-not-42894 avia_image' src=\"https:\/\/radiorevelacionfm.cl\/wp-content\/uploads\/2024\/06\/IMG_9648-1-1.jpg\" alt='' title='IMG_9648 (1) (1)' height=\"600\" width=\"969\"  itemprop=\"thumbnailUrl\" srcset=\"https:\/\/radiorevelacionfm.cl\/wp-content\/uploads\/2024\/06\/IMG_9648-1-1.jpg 969w, https:\/\/radiorevelacionfm.cl\/wp-content\/uploads\/2024\/06\/IMG_9648-1-1-300x186.jpg 300w, https:\/\/radiorevelacionfm.cl\/wp-content\/uploads\/2024\/06\/IMG_9648-1-1-768x476.jpg 768w, https:\/\/radiorevelacionfm.cl\/wp-content\/uploads\/2024\/06\/IMG_9648-1-1-705x437.jpg 705w, https:\/\/radiorevelacionfm.cl\/wp-content\/uploads\/2024\/06\/IMG_9648-1-1-450x279.jpg 450w, https:\/\/radiorevelacionfm.cl\/wp-content\/uploads\/2024\/06\/IMG_9648-1-1-600x372.jpg 600w\" sizes=\"(max-width: 969px) 100vw, 969px\" \/><\/div><\/div><\/div><\/div><div class=\"flex_column av_one_full  flex_column_div av-zero-column-padding first  avia-builder-el-2  el_after_av_one_full  el_before_av_one_full  column-top-margin\" style='border-radius:0px; '><section class=\"av_textblock_section \"  itemscope=\"itemscope\" itemtype=\"https:\/\/schema.org\/BlogPosting\" itemprop=\"blogPost\" ><div class='avia_textblock  '   itemprop=\"text\" ><p style=\"text-align: center;\"><span style=\"font-size: 18pt;\"><strong>Bienes Nacionales reconoci\u00f3 a usuarios y exfuncionarios en ceremonia por sus 93 a\u00f1os de aniversario<\/strong><\/span><\/p>\n<div id=\"gtx-trans\" style=\"position: absolute; left: -50px; top: 4.31534px;\">\n<div class=\"gtx-trans-icon\"><\/div>\n<\/div>\n<\/div><\/section><\/div><div class=\"flex_column av_one_full  flex_column_div av-zero-column-padding first  avia-builder-el-4  el_after_av_one_full  el_before_av_hr  column-top-margin\" style='border-radius:0px; '><section class=\"av_textblock_section \"  itemscope=\"itemscope\" itemtype=\"https:\/\/schema.org\/BlogPosting\" itemprop=\"blogPost\" ><div class='avia_textblock  '   itemprop=\"text\" ><p style=\"text-align: justify;\">Una semana completa con actividades abiertas al p\u00fablico fue la que dedicaron desde la Secretar\u00eda Regional Ministerial de Bienes Nacionales de Ays\u00e9n para celebrar los 93 a\u00f1os del Ministerio, acciones con las que vincularon parte del Patrimonio Documental institucional con su rol en la historia fundacional de la regi\u00f3n de Ays\u00e9n a trav\u00e9s de la regularizaci\u00f3n de la tenencia de la tierra en pleno proceso de colonizaci\u00f3n.<\/p>\n<p style=\"text-align: justify;\">Es as\u00ed, que, durante toda la semana se desarroll\u00f3 la exposici\u00f3n denominada \u00ab93 a\u00f1os de Historia de Bienes Nacionales\u00bb en el hall principal del Centro Cultural de Coyhaique, donde se mostraron planos y decretos fundacionales de los principales poblados de la regi\u00f3n adem\u00e1s de recortes antiguos de diarios en los que se destac\u00f3 el trabajo del otrora Ministerio de Tierras y Colonizaci\u00f3n por el desarrollo territorial de Ays\u00e9n; exposici\u00f3n que fue muy visitada incluso por cursos de colegios a los que se les ense\u00f1\u00f3 c\u00f3mo se realizaban las mediciones de predios en las d\u00e9cadas de los ochentas y noventas.<\/p>\n<p style=\"text-align: justify;\">Otra actividad fue el Conversatorio \u00ab93 a\u00f1os del Ministerio de los Territorios\u00bb, ocasi\u00f3n en que el equipo de investigadores del Proyecto FIC Habilitaci\u00f3n del Patrimonio Documental para el Desarrollo de Ays\u00e9n, mostraron el trabajo que se desarrolla en el dep\u00f3sito de Bienes Nacionales, donde han podido encontrar documentaci\u00f3n que data desde los a\u00f1os 1930, \u00a0entre estos, el decreto de cambio de nombre de Baquedano a Coyhaique, actas fundacionales, listados de entrega de arriendos, t\u00edtulos provisorios y gratuitos, planos fundacionales originales, adem\u00e1s de oficios en los que se detallan descripciones etnogr\u00e1ficas de la \u00e9poca. As\u00ed tambi\u00e9n, se cont\u00f3 con la participaci\u00f3n de Milton Rojas y Segismundo \u00d3rdenes, exfuncionarios que aportaron con su profesionalismo entre los a\u00f1os 1970 \u2013 1980 en adelante, dando cuenta de las dificultades que exist\u00edan para medir terrenos extensos sin las tecnolog\u00edas que hoy existen.<\/p>\n<p style=\"text-align: justify;\">As\u00ed, la semana finaliz\u00f3 con la Ceremonia \u00ab93 A\u00f1os de Bienes Nacionales en la Historia de Ays\u00e9n\u00bb, la que se desarroll\u00f3 en el auditorio del Museo Regional de Ays\u00e9n, constituy\u00e9ndose como la primera actividad en que se otorga reconocimiento a usuarias y usuarios de Arriendos y Concesiones de inmuebles fiscales, adem\u00e1s de exfuncionarios, iniciativa impulsada por la administraci\u00f3n de la seremi Irina Morend Valdebenito.<\/p>\n<p style=\"text-align: justify;\">En la ocasi\u00f3n se reconoci\u00f3 a los arrendatarios Sandra Acu\u00f1a de Rodeo Los Palos, Sandra Haro de Coyhaique, Asociaci\u00f3n Agr\u00edcola y Ganadera La Bajada de Ib\u00e1\u00f1ez y a don Fernando RIvera del sector Alto R\u00edo Ib\u00e1\u00f1ez, as\u00ed tambi\u00e9n a los concesionarios ONG Diversa Patagonia, Corporaci\u00f3n Transformando y Colectivo Cantaries, Agrupaci\u00f3n de Derechos Humanos.<\/p>\n<p style=\"text-align: justify;\">De igual forma, los exfuncionarios Domiciano Carrasco, Segismundo \u00d3rdenes, Milton Rojas, Mirna R\u00edos, Gustavo Villarroel y Hugo Paz, tambi\u00e9n fueron reconocidos al igual que los actuales funcionarios de la Seremi de Bienes Nacionales.<\/p>\n<\/div><\/section><\/div><div  style='height:50px' class='hr hr-invisible   avia-builder-el-6  el_after_av_one_full  el_before_av_social_share '><span class='hr-inner ' ><span class='hr-inner-style'><\/span><\/span><\/div><\/p>\n<div  class='av-social-sharing-box  avia-builder-el-7  el_after_av_hr  el_before_av_hr  '><div class='av-share-box'><h5 class='av-share-link-description av-no-toc '>Compartir esta noticia<\/h5><ul class='av-share-box-list noLightbox'><li class='av-share-link av-social-link-facebook' ><a target=\"_blank\" aria-label=\"Compartir en Facebook\" href='https:\/\/www.facebook.com\/sharer.php?u=https:\/\/radiorevelacionfm.cl\/?p=42893&#038;t=Bienes%20Nacionales%20reconoci%C3%B3%20a%20usuarios%20y%20exfuncionarios%20en%20ceremonia%20por%20sus%2093%20a%C3%B1os%20de%20aniversario' aria-hidden='false' data-av_icon='\ue8f3' data-av_iconfont='entypo-fontello' title='' data-avia-related-tooltip='Compartir en Facebook' rel=\"noopener\"><span class='avia_hidden_link_text'>Compartir en Facebook<\/span><\/a><\/li><li class='av-share-link av-social-link-twitter' ><a target=\"_blank\" aria-label=\"Compartir en Twitter\" href='https:\/\/twitter.com\/share?text=Bienes%20Nacionales%20reconoci%C3%B3%20a%20usuarios%20y%20exfuncionarios%20en%20ceremonia%20por%20sus%2093%20a%C3%B1os%20de%20aniversario&#038;url=https:\/\/radiorevelacionfm.cl\/?p=42893' aria-hidden='false' data-av_icon='\ue8f1' data-av_iconfont='entypo-fontello' title='' data-avia-related-tooltip='Compartir en Twitter' rel=\"noopener\"><span class='avia_hidden_link_text'>Compartir en Twitter<\/span><\/a><\/li><li class='av-share-link av-social-link-whatsapp' ><a target=\"_blank\" aria-label=\"Compartir en Whatsapp\" href='https:\/\/api.whatsapp.com\/send?text=https:\/\/radiorevelacionfm.cl\/?p=42893' aria-hidden='false' data-av_icon='\uf232' data-av_iconfont='entypo-fontello' title='' data-avia-related-tooltip='Compartir en Whatsapp' rel=\"noopener\"><span class='avia_hidden_link_text'>Compartir en Whatsapp<\/span><\/a><\/li><li class='av-share-link av-social-link-linkedin' ><a target=\"_blank\" aria-label=\"Compartir en LinkedIn\" href='https:\/\/linkedin.com\/shareArticle?mini=true&#038;title=Bienes%20Nacionales%20reconoci%C3%B3%20a%20usuarios%20y%20exfuncionarios%20en%20ceremonia%20por%20sus%2093%20a%C3%B1os%20de%20aniversario&#038;url=https:\/\/radiorevelacionfm.cl\/?p=42893' aria-hidden='false' data-av_icon='\ue8fc' data-av_iconfont='entypo-fontello' title='' data-avia-related-tooltip='Compartir en LinkedIn' rel=\"noopener\"><span class='avia_hidden_link_text'>Compartir en LinkedIn<\/span><\/a><\/li><li class='av-share-link av-social-link-mail' ><a  aria-label=\"Compartir por correo\" href='mailto:?subject=Bienes%20Nacionales%20reconoci%C3%B3%20a%20usuarios%20y%20exfuncionarios%20en%20ceremonia%20por%20sus%2093%20a%C3%B1os%20de%20aniversario&#038;body=https:\/\/radiorevelacionfm.cl\/?p=42893' aria-hidden='false' data-av_icon='\ue805' data-av_iconfont='entypo-fontello' title='' data-avia-related-tooltip='Compartir por correo'><span class='avia_hidden_link_text'>Compartir por correo<\/span><\/a><\/li><\/ul><\/div><\/div>\n<div  style='height:50px' class='hr hr-invisible   avia-builder-el-8  el_after_av_social_share  el_before_av_comments_list '><span class='hr-inner ' ><span class='hr-inner-style'><\/span><\/span><\/div>\n<div  class='av-buildercomment  av-blog-meta-html-info-disabled av-blog-meta-tag-disabled  '><\/div>\n","protected":false},"excerpt":{"rendered":"","protected":false},"author":1,"featured_media":42894,"comment_status":"open","ping_status":"open","sticky":false,"template":"","format":"standard","meta":{"footnotes":""},"categories":[38],"tags":[],"class_list":["post-42893","post","type-post","status-publish","format-standard","has-post-thumbnail","hentry","category-regional"],"jetpack_featured_media_url":"https:\/\/radiorevelacionfm.cl\/wp-content\/uploads\/2024\/06\/IMG_9648-1-1.jpg","_links":{"self":[{"href":"https:\/\/radiorevelacionfm.cl\/index.php?rest_route=\/wp\/v2\/posts\/42893","targetHints":{"allow":["GET"]}}],"collection":[{"href":"https:\/\/radiorevelacionfm.cl\/index.php?rest_route=\/wp\/v2\/posts"}],"about":[{"href":"https:\/\/radiorevelacionfm.cl\/index.php?rest_route=\/wp\/v2\/types\/post"}],"author":[{"embeddable":true,"href":"https:\/\/radiorevelacionfm.cl\/index.php?rest_route=\/wp\/v2\/users\/1"}],"replies":[{"embeddable":true,"href":"https:\/\/radiorevelacionfm.cl\/index.php?rest_route=%2Fwp%2Fv2%2Fcomments&post=42893"}],"version-history":[{"count":1,"href":"https:\/\/radiorevelacionfm.cl\/index.php?rest_route=\/wp\/v2\/posts\/42893\/revisions"}],"predecessor-version":[{"id":42895,"href":"https:\/\/radiorevelacionfm.cl\/index.php?rest_route=\/wp\/v2\/posts\/42893\/revisions\/42895"}],"wp:featuredmedia":[{"embeddable":true,"href":"https:\/\/radiorevelacionfm.cl\/index.php?rest_route=\/wp\/v2\/media\/42894"}],"wp:attachment":[{"href":"https:\/\/radiorevelacionfm.cl\/index.php?rest_route=%2Fwp%2Fv2%2Fmedia&parent=42893"}],"wp:term":[{"taxonomy":"category","embeddable":true,"href":"https:\/\/radiorevelacionfm.cl\/index.php?rest_route=%2Fwp%2Fv2%2Fcategories&post=42893"},{"taxonomy":"post_tag","embeddable":true,"href":"https:\/\/radiorevelacionfm.cl\/index.php?rest_route=%2Fwp%2Fv2%2Ftags&post=42893"}],"curies":[{"name":"wp","href":"https:\/\/api.w.org\/{rel}","templated":true}]}}