{"id":42890,"date":"2024-06-05T21:33:05","date_gmt":"2024-06-06T00:33:05","guid":{"rendered":"https:\/\/radiorevelacionfm.cl\/?p=42890"},"modified":"2024-06-05T21:33:05","modified_gmt":"2024-06-06T00:33:05","slug":"ministro-de-educacion-instruye-a-slep-para-que-solucione-problema-sanitario-que-afecta-a-liceo-de-melinka","status":"publish","type":"post","link":"https:\/\/radiorevelacionfm.cl\/?p=42890","title":{"rendered":"Ministro de Educaci\u00f3n instruye a SLEP para que solucione problema sanitario que afecta a liceo de Melinka"},"content":{"rendered":"<div class=\"flex_column av_one_full  flex_column_div av-zero-column-padding first  avia-builder-el-0  el_before_av_one_full  avia-builder-el-first  \" style='border-radius:0px; '><div  class='avia-image-container  av-styling-    avia-builder-el-1  avia-builder-el-no-sibling  avia-align-center '  itemprop=\"image\" itemscope=\"itemscope\" itemtype=\"https:\/\/schema.org\/ImageObject\"  ><div class='avia-image-container-inner'><div class='avia-image-overlay-wrap'><img decoding=\"async\" class='wp-image-42891 avia-img-lazy-loading-not-42891 avia_image' src=\"https:\/\/radiorevelacionfm.cl\/wp-content\/uploads\/2024\/06\/FOTO-REU-MELINKA-1-1.jpeg\" alt='' title='FOTO REU MELINKA (1) (1)' height=\"600\" width=\"800\"  itemprop=\"thumbnailUrl\" srcset=\"https:\/\/radiorevelacionfm.cl\/wp-content\/uploads\/2024\/06\/FOTO-REU-MELINKA-1-1.jpeg 800w, https:\/\/radiorevelacionfm.cl\/wp-content\/uploads\/2024\/06\/FOTO-REU-MELINKA-1-1-300x225.jpeg 300w, https:\/\/radiorevelacionfm.cl\/wp-content\/uploads\/2024\/06\/FOTO-REU-MELINKA-1-1-768x576.jpeg 768w, https:\/\/radiorevelacionfm.cl\/wp-content\/uploads\/2024\/06\/FOTO-REU-MELINKA-1-1-705x529.jpeg 705w, https:\/\/radiorevelacionfm.cl\/wp-content\/uploads\/2024\/06\/FOTO-REU-MELINKA-1-1-450x338.jpeg 450w, https:\/\/radiorevelacionfm.cl\/wp-content\/uploads\/2024\/06\/FOTO-REU-MELINKA-1-1-600x450.jpeg 600w\" sizes=\"(max-width: 800px) 100vw, 800px\" \/><\/div><\/div><\/div><\/div><div class=\"flex_column av_one_full  flex_column_div av-zero-column-padding first  avia-builder-el-2  el_after_av_one_full  el_before_av_one_full  column-top-margin\" style='border-radius:0px; '><section class=\"av_textblock_section \"  itemscope=\"itemscope\" itemtype=\"https:\/\/schema.org\/BlogPosting\" itemprop=\"blogPost\" ><div class='avia_textblock  '   itemprop=\"text\" ><p style=\"text-align: center;\"><span style=\"font-size: 18pt;\"><b>Ministro de Educaci\u00f3n instruye a SLEP para que solucione problema sanitario que afecta a liceo de Melinka<\/b><\/span><\/p>\n<div id=\"gtx-trans\" style=\"position: absolute; left: -50px; top: 4.31534px;\">\n<div class=\"gtx-trans-icon\"><\/div>\n<\/div>\n<\/div><\/section><\/div><div class=\"flex_column av_one_full  flex_column_div av-zero-column-padding first  avia-builder-el-4  el_after_av_one_full  el_before_av_hr  column-top-margin\" style='border-radius:0px; '><section class=\"av_textblock_section \"  itemscope=\"itemscope\" itemtype=\"https:\/\/schema.org\/BlogPosting\" itemprop=\"blogPost\" ><div class='avia_textblock  '   itemprop=\"text\" ><p style=\"font-weight: 400; text-align: justify;\"><em>El diputado Calisto coordin\u00f3 una reuni\u00f3n con el Ministro Cataldo. El Titular de la cartera asegur\u00f3 que \u201cvamos a utilizar todas las herramientas de emergencia para disponibilizar los recursos y para agilizar los tiempos de ejecuci\u00f3n\u201d.<\/em><\/p>\n<p style=\"font-weight: 400; text-align: justify;\">Ante el nuevo rebalse de aguas servidas que afect\u00f3 al liceo de Melinka, y que habr\u00eda afectado las clases de sus alumnos, \u00a0el diputado Miguel \u00c1ngel Calisto coordin\u00f3 una reuni\u00f3n con el Ministro de Educaci\u00f3n, Nicol\u00e1s Cataldo, con la intenci\u00f3n de solicitarle una pronta soluci\u00f3n a esta problem\u00e1tica.<\/p>\n<p style=\"font-weight: 400; text-align: justify;\">En la instancia, el titular de la cartera manifest\u00f3 su disposici\u00f3n para solucionar el tema, se\u00f1alando que \u201cel trabajo que est\u00e1 haciendo el Servicio Local de Educaci\u00f3n P\u00fablica es precisamente de ir abordando todos los diagn\u00f3sticos en materia de infraestructura, muchos de los cuales quedaron planificados antes del traspaso, pero otros, por la complejidad de la soluci\u00f3n, requieren algo m\u00e1s de tiempo\u201d.<\/p>\n<p style=\"font-weight: 400; text-align: justify;\">El Ministro agreg\u00f3 que \u201cvamos a utilizar todas las herramientas de emergencia que tenemos para disponibilizar los recursos y para agilizar tambi\u00e9n los tiempos de ejecuci\u00f3n de estos proyectos\u201d.<\/p>\n<p style=\"font-weight: 400; text-align: justify;\">Seg\u00fan el diputado Miguel \u00c1ngel Calisto, \u201cestamos preocupados por la situaci\u00f3n que atraviesa el liceo de Melinka, quienes hace un buen tiempo vienen sufriendo un colapso del sistema sanitario, no solamente por problemas del establecimiento, sino por problemas que tiene la comunidad en general\u201d.<\/p>\n<p style=\"font-weight: 400; text-align: justify;\">\u201cEste tema fue planteado este lunes ac\u00e1 en la comisi\u00f3n de Zonas Extremas de la C\u00e1mara de Diputados. Yo estuve en Melinka en diciembre y me reun\u00ed con los padres y apoderados, quienes me plantearon esta problem\u00e1tica\u201d, indic\u00f3.<\/p>\n<p style=\"font-weight: 400; text-align: justify;\">Finalmente, Calisto se\u00f1al\u00f3 que \u201cle planteamos este tema al Ministro de Educaci\u00f3n, con quien ya hab\u00edamos conversado aquella vez desde Melinka. Agradecemos su disposici\u00f3n, porque se ha instruido que el SLEP regional pueda abordar esta situaci\u00f3n para buscar una soluci\u00f3n definitiva\u201d.<\/p>\n<\/div><\/section><\/div><div  style='height:50px' class='hr hr-invisible   avia-builder-el-6  el_after_av_one_full  el_before_av_social_share '><span class='hr-inner ' ><span class='hr-inner-style'><\/span><\/span><\/div><\/p>\n<div  class='av-social-sharing-box  avia-builder-el-7  el_after_av_hr  el_before_av_hr  '><div class='av-share-box'><h5 class='av-share-link-description av-no-toc '>Compartir esta noticia<\/h5><ul class='av-share-box-list noLightbox'><li class='av-share-link av-social-link-facebook' ><a target=\"_blank\" aria-label=\"Compartir en Facebook\" href='https:\/\/www.facebook.com\/sharer.php?u=https:\/\/radiorevelacionfm.cl\/?p=42890&#038;t=Ministro%20de%20Educaci%C3%B3n%20instruye%20a%20SLEP%20para%20que%20solucione%20problema%20sanitario%20que%20afecta%20a%20liceo%20de%20Melinka' aria-hidden='false' data-av_icon='\ue8f3' data-av_iconfont='entypo-fontello' title='' data-avia-related-tooltip='Compartir en Facebook' rel=\"noopener\"><span class='avia_hidden_link_text'>Compartir en Facebook<\/span><\/a><\/li><li class='av-share-link av-social-link-twitter' ><a target=\"_blank\" aria-label=\"Compartir en Twitter\" href='https:\/\/twitter.com\/share?text=Ministro%20de%20Educaci%C3%B3n%20instruye%20a%20SLEP%20para%20que%20solucione%20problema%20sanitario%20que%20afecta%20a%20liceo%20de%20Melinka&#038;url=https:\/\/radiorevelacionfm.cl\/?p=42890' aria-hidden='false' data-av_icon='\ue8f1' data-av_iconfont='entypo-fontello' title='' data-avia-related-tooltip='Compartir en Twitter' rel=\"noopener\"><span class='avia_hidden_link_text'>Compartir en Twitter<\/span><\/a><\/li><li class='av-share-link av-social-link-whatsapp' ><a target=\"_blank\" aria-label=\"Compartir en Whatsapp\" href='https:\/\/api.whatsapp.com\/send?text=https:\/\/radiorevelacionfm.cl\/?p=42890' aria-hidden='false' data-av_icon='\uf232' data-av_iconfont='entypo-fontello' title='' data-avia-related-tooltip='Compartir en Whatsapp' rel=\"noopener\"><span class='avia_hidden_link_text'>Compartir en Whatsapp<\/span><\/a><\/li><li class='av-share-link av-social-link-linkedin' ><a target=\"_blank\" aria-label=\"Compartir en LinkedIn\" href='https:\/\/linkedin.com\/shareArticle?mini=true&#038;title=Ministro%20de%20Educaci%C3%B3n%20instruye%20a%20SLEP%20para%20que%20solucione%20problema%20sanitario%20que%20afecta%20a%20liceo%20de%20Melinka&#038;url=https:\/\/radiorevelacionfm.cl\/?p=42890' aria-hidden='false' data-av_icon='\ue8fc' data-av_iconfont='entypo-fontello' title='' data-avia-related-tooltip='Compartir en LinkedIn' rel=\"noopener\"><span class='avia_hidden_link_text'>Compartir en LinkedIn<\/span><\/a><\/li><li class='av-share-link av-social-link-mail' ><a  aria-label=\"Compartir por correo\" href='mailto:?subject=Ministro%20de%20Educaci%C3%B3n%20instruye%20a%20SLEP%20para%20que%20solucione%20problema%20sanitario%20que%20afecta%20a%20liceo%20de%20Melinka&#038;body=https:\/\/radiorevelacionfm.cl\/?p=42890' aria-hidden='false' data-av_icon='\ue805' data-av_iconfont='entypo-fontello' title='' data-avia-related-tooltip='Compartir por correo'><span class='avia_hidden_link_text'>Compartir por correo<\/span><\/a><\/li><\/ul><\/div><\/div>\n<div  style='height:50px' class='hr hr-invisible   avia-builder-el-8  el_after_av_social_share  el_before_av_comments_list '><span class='hr-inner ' ><span class='hr-inner-style'><\/span><\/span><\/div>\n<div  class='av-buildercomment  av-blog-meta-html-info-disabled av-blog-meta-tag-disabled  '><\/div>\n","protected":false},"excerpt":{"rendered":"","protected":false},"author":1,"featured_media":42891,"comment_status":"open","ping_status":"open","sticky":false,"template":"","format":"standard","meta":{"footnotes":""},"categories":[38],"tags":[],"class_list":["post-42890","post","type-post","status-publish","format-standard","has-post-thumbnail","hentry","category-regional"],"jetpack_featured_media_url":"https:\/\/radiorevelacionfm.cl\/wp-content\/uploads\/2024\/06\/FOTO-REU-MELINKA-1-1.jpeg","_links":{"self":[{"href":"https:\/\/radiorevelacionfm.cl\/index.php?rest_route=\/wp\/v2\/posts\/42890","targetHints":{"allow":["GET"]}}],"collection":[{"href":"https:\/\/radiorevelacionfm.cl\/index.php?rest_route=\/wp\/v2\/posts"}],"about":[{"href":"https:\/\/radiorevelacionfm.cl\/index.php?rest_route=\/wp\/v2\/types\/post"}],"author":[{"embeddable":true,"href":"https:\/\/radiorevelacionfm.cl\/index.php?rest_route=\/wp\/v2\/users\/1"}],"replies":[{"embeddable":true,"href":"https:\/\/radiorevelacionfm.cl\/index.php?rest_route=%2Fwp%2Fv2%2Fcomments&post=42890"}],"version-history":[{"count":1,"href":"https:\/\/radiorevelacionfm.cl\/index.php?rest_route=\/wp\/v2\/posts\/42890\/revisions"}],"predecessor-version":[{"id":42892,"href":"https:\/\/radiorevelacionfm.cl\/index.php?rest_route=\/wp\/v2\/posts\/42890\/revisions\/42892"}],"wp:featuredmedia":[{"embeddable":true,"href":"https:\/\/radiorevelacionfm.cl\/index.php?rest_route=\/wp\/v2\/media\/42891"}],"wp:attachment":[{"href":"https:\/\/radiorevelacionfm.cl\/index.php?rest_route=%2Fwp%2Fv2%2Fmedia&parent=42890"}],"wp:term":[{"taxonomy":"category","embeddable":true,"href":"https:\/\/radiorevelacionfm.cl\/index.php?rest_route=%2Fwp%2Fv2%2Fcategories&post=42890"},{"taxonomy":"post_tag","embeddable":true,"href":"https:\/\/radiorevelacionfm.cl\/index.php?rest_route=%2Fwp%2Fv2%2Ftags&post=42890"}],"curies":[{"name":"wp","href":"https:\/\/api.w.org\/{rel}","templated":true}]}}