{"id":42877,"date":"2024-06-05T11:06:09","date_gmt":"2024-06-05T14:06:09","guid":{"rendered":"https:\/\/radiorevelacionfm.cl\/?p=42877"},"modified":"2024-06-05T11:06:09","modified_gmt":"2024-06-05T14:06:09","slug":"en-liceo-de-chile-chico-realizan-actividades-para-los-estudiantes-en-el-marco-del-programa-liceos-electricos","status":"publish","type":"post","link":"https:\/\/radiorevelacionfm.cl\/?p=42877","title":{"rendered":"En Liceo de Chile Chico realizan actividades para los estudiantes en el marco del programa \u00abLiceos El\u00e9ctricos\u00bb"},"content":{"rendered":"<div class=\"flex_column av_one_full  flex_column_div av-zero-column-padding first  avia-builder-el-0  el_before_av_one_full  avia-builder-el-first  \" style='border-radius:0px; '><div  class='avia-image-container  av-styling-    avia-builder-el-1  avia-builder-el-no-sibling  avia-align-center '  itemprop=\"image\" itemscope=\"itemscope\" itemtype=\"https:\/\/schema.org\/ImageObject\"  ><div class='avia-image-container-inner'><div class='avia-image-overlay-wrap'><img decoding=\"async\" class='wp-image-42878 avia-img-lazy-loading-not-42878 avia_image' src=\"https:\/\/radiorevelacionfm.cl\/wp-content\/uploads\/2024\/06\/liceo-luisa-rabanal-palma1-1_optimized.jpeg\" alt='' title='liceo-luisa-rabanal-palma1-(1)_optimized' height=\"600\" width=\"800\"  itemprop=\"thumbnailUrl\" srcset=\"https:\/\/radiorevelacionfm.cl\/wp-content\/uploads\/2024\/06\/liceo-luisa-rabanal-palma1-1_optimized.jpeg 800w, https:\/\/radiorevelacionfm.cl\/wp-content\/uploads\/2024\/06\/liceo-luisa-rabanal-palma1-1_optimized-300x225.jpeg 300w, https:\/\/radiorevelacionfm.cl\/wp-content\/uploads\/2024\/06\/liceo-luisa-rabanal-palma1-1_optimized-768x576.jpeg 768w, https:\/\/radiorevelacionfm.cl\/wp-content\/uploads\/2024\/06\/liceo-luisa-rabanal-palma1-1_optimized-705x529.jpeg 705w, https:\/\/radiorevelacionfm.cl\/wp-content\/uploads\/2024\/06\/liceo-luisa-rabanal-palma1-1_optimized-450x338.jpeg 450w, https:\/\/radiorevelacionfm.cl\/wp-content\/uploads\/2024\/06\/liceo-luisa-rabanal-palma1-1_optimized-600x450.jpeg 600w\" sizes=\"(max-width: 800px) 100vw, 800px\" \/><\/div><\/div><\/div><\/div><div class=\"flex_column av_one_full  flex_column_div av-zero-column-padding first  avia-builder-el-2  el_after_av_one_full  el_before_av_one_full  column-top-margin\" style='border-radius:0px; '><section class=\"av_textblock_section \"  itemscope=\"itemscope\" itemtype=\"https:\/\/schema.org\/BlogPosting\" itemprop=\"blogPost\" ><div class='avia_textblock  '   itemprop=\"text\" ><p style=\"text-align: center;\"><strong><span style=\"font-size: 18pt;\">En Liceo de Chile Chico realizan actividades para los estudiantes en el marco del programa \u00abLiceos El\u00e9ctricos\u00bb<\/span><\/strong><\/p>\n<div id=\"gtx-trans\" style=\"position: absolute; left: -50px; top: 4.31534px;\">\n<div class=\"gtx-trans-icon\"><\/div>\n<\/div>\n<\/div><\/section><\/div><div class=\"flex_column av_one_full  flex_column_div av-zero-column-padding first  avia-builder-el-4  el_after_av_one_full  el_before_av_hr  column-top-margin\" style='border-radius:0px; '><section class=\"av_textblock_section \"  itemscope=\"itemscope\" itemtype=\"https:\/\/schema.org\/BlogPosting\" itemprop=\"blogPost\" ><div class='avia_textblock  '   itemprop=\"text\" ><p style=\"text-align: justify;\"><em>Edelaysen llev\u00f3 a cabo tres actividades educativas en el marco de su programa \u201cLiceos El\u00e9ctricos\u201d, beneficiando a los estudiantes del establecimiento con talleres en sala, entrenamiento en el patio y una visita a la Central de Chile Chico.<\/em><\/p>\n<p style=\"text-align: justify;\">Como parte de su compromiso con la educaci\u00f3n t\u00e9cnica y el desarrollo de habilidades en j\u00f3venes, Edelaysen estuvo en la comuna de Chile Chico con una serie de actividades en el marco de su programa \u201cLiceos El\u00e9ctricos\u201d, que tiene por objetivo fomentar el conocimiento y las competencias en el \u00e1rea de electricidad entre los estudiantes de establecimientos de especialidad t\u00e9cnica.<\/p>\n<p style=\"text-align: justify;\">De acuerdo con ello, se llevaron actividades pr\u00e1cticas en el Liceo Luisa Rabanal Palma, donde los estudiantes participaron de una serie de talleres en sala, donde pudieron profundizar en conceptos te\u00f3ricos fundamentales para su formaci\u00f3n. Adem\u00e1s, se realizaron sesiones pr\u00e1cticas en el patio de entrenamiento, donde los alumnos aplicaron lo aprendido en un entorno controlado y seguro, fortaleciendo sus habilidades pr\u00e1cticas y t\u00e9cnicas.<\/p>\n<p style=\"text-align: justify;\">Adem\u00e1s, los estudiantes visitaron la Central el\u00e9ctrica de Chile Chico, donde tuvieron la oportunidad de conocer de cerca el funcionamiento de una central el\u00e9ctrica, interactuar con profesionales del sector y comprender la importancia de la generaci\u00f3n y distribuci\u00f3n de energ\u00eda en la regi\u00f3n.<\/p>\n<p style=\"text-align: justify;\">\u201cEstamos muy orgullosos de poder ofrecer estas experiencias educativas AL Liceo Luisa Rabanal Palma de Chile Chico. Creemos que la combinaci\u00f3n de la teor\u00eda y pr\u00e1ctica, junto con visitas a instalaciones, es fundamental para una educaci\u00f3n t\u00e9cnica de calidad\u201d, afirm\u00f3 Patricio Raimilla, jefe de Servicio al Cliente de Edelaysen.<\/p>\n<p style=\"text-align: justify;\">Por su parte Ra\u00fal Retamal profesor de la especialidad de electricidad del establecimiento mencion\u00f3 \u201cComo docente para mi es importante que los alumnos conozcan de primera fuente como opera una empresa el\u00e9ctrica. Uno siempre le menciona cual es el trabajo de una distribuidora, pero no es lo mismo cuando viene una empresa, hace charlas, lo de seguridad me gust\u00f3 mucho y tambi\u00e9n a los muchachos, cuales s el trabajo que se hace en seguridad ya sea fuera de la planta como internamente, da luces tambi\u00e9n del trabajo que se hace en e aula y en generaci\u00f3n, como se genera, distribuye la energ\u00eda y desde mi punto de vista es algo muy bueno para los muchachos\u201d.<\/p>\n<p style=\"text-align: justify;\">Estas iniciativas no solo enriquecen a los j\u00f3venes estudiantes, sino que tambi\u00e9n inspiran a seguir carreras t\u00e9cnicas. De esta manera, Edelaysen contin\u00faa comprometido con el desarrollo educativo y profesional de los j\u00f3venes en la regi\u00f3n, trabajando en estrecha colaboraci\u00f3n con los liceos el\u00e9ctricos para asegurar una formaci\u00f3n integral y de alta calidad.<\/p>\n<\/div><\/section><\/div><div  style='height:50px' class='hr hr-invisible   avia-builder-el-6  el_after_av_one_full  el_before_av_social_share '><span class='hr-inner ' ><span class='hr-inner-style'><\/span><\/span><\/div><\/p>\n<div  class='av-social-sharing-box  avia-builder-el-7  el_after_av_hr  el_before_av_hr  '><div class='av-share-box'><h5 class='av-share-link-description av-no-toc '>Compartir esta noticia<\/h5><ul class='av-share-box-list noLightbox'><li class='av-share-link av-social-link-facebook' ><a target=\"_blank\" aria-label=\"Compartir en Facebook\" href='https:\/\/www.facebook.com\/sharer.php?u=https:\/\/radiorevelacionfm.cl\/?p=42877&#038;t=En%20Liceo%20de%20Chile%20Chico%20realizan%20actividades%20para%20los%20estudiantes%20en%20el%20marco%20del%20programa%20%C2%ABLiceos%20El%C3%A9ctricos%C2%BB' aria-hidden='false' data-av_icon='\ue8f3' data-av_iconfont='entypo-fontello' title='' data-avia-related-tooltip='Compartir en Facebook' rel=\"noopener\"><span class='avia_hidden_link_text'>Compartir en Facebook<\/span><\/a><\/li><li class='av-share-link av-social-link-twitter' ><a target=\"_blank\" aria-label=\"Compartir en Twitter\" href='https:\/\/twitter.com\/share?text=En%20Liceo%20de%20Chile%20Chico%20realizan%20actividades%20para%20los%20estudiantes%20en%20el%20marco%20del%20programa%20%C2%ABLiceos%20El%C3%A9ctricos%C2%BB&#038;url=https:\/\/radiorevelacionfm.cl\/?p=42877' aria-hidden='false' data-av_icon='\ue8f1' data-av_iconfont='entypo-fontello' title='' data-avia-related-tooltip='Compartir en Twitter' rel=\"noopener\"><span class='avia_hidden_link_text'>Compartir en Twitter<\/span><\/a><\/li><li class='av-share-link av-social-link-whatsapp' ><a target=\"_blank\" aria-label=\"Compartir en Whatsapp\" href='https:\/\/api.whatsapp.com\/send?text=https:\/\/radiorevelacionfm.cl\/?p=42877' aria-hidden='false' data-av_icon='\uf232' data-av_iconfont='entypo-fontello' title='' data-avia-related-tooltip='Compartir en Whatsapp' rel=\"noopener\"><span class='avia_hidden_link_text'>Compartir en Whatsapp<\/span><\/a><\/li><li class='av-share-link av-social-link-linkedin' ><a target=\"_blank\" aria-label=\"Compartir en LinkedIn\" href='https:\/\/linkedin.com\/shareArticle?mini=true&#038;title=En%20Liceo%20de%20Chile%20Chico%20realizan%20actividades%20para%20los%20estudiantes%20en%20el%20marco%20del%20programa%20%C2%ABLiceos%20El%C3%A9ctricos%C2%BB&#038;url=https:\/\/radiorevelacionfm.cl\/?p=42877' aria-hidden='false' data-av_icon='\ue8fc' data-av_iconfont='entypo-fontello' title='' data-avia-related-tooltip='Compartir en LinkedIn' rel=\"noopener\"><span class='avia_hidden_link_text'>Compartir en LinkedIn<\/span><\/a><\/li><li class='av-share-link av-social-link-mail' ><a  aria-label=\"Compartir por correo\" href='mailto:?subject=En%20Liceo%20de%20Chile%20Chico%20realizan%20actividades%20para%20los%20estudiantes%20en%20el%20marco%20del%20programa%20%C2%ABLiceos%20El%C3%A9ctricos%C2%BB&#038;body=https:\/\/radiorevelacionfm.cl\/?p=42877' aria-hidden='false' data-av_icon='\ue805' data-av_iconfont='entypo-fontello' title='' data-avia-related-tooltip='Compartir por correo'><span class='avia_hidden_link_text'>Compartir por correo<\/span><\/a><\/li><\/ul><\/div><\/div>\n<div  style='height:50px' class='hr hr-invisible   avia-builder-el-8  el_after_av_social_share  el_before_av_comments_list '><span class='hr-inner ' ><span class='hr-inner-style'><\/span><\/span><\/div>\n<div  class='av-buildercomment  av-blog-meta-html-info-disabled av-blog-meta-tag-disabled  '><\/div>\n","protected":false},"excerpt":{"rendered":"","protected":false},"author":1,"featured_media":42878,"comment_status":"open","ping_status":"open","sticky":false,"template":"","format":"standard","meta":{"footnotes":""},"categories":[38],"tags":[],"class_list":["post-42877","post","type-post","status-publish","format-standard","has-post-thumbnail","hentry","category-regional"],"jetpack_featured_media_url":"https:\/\/radiorevelacionfm.cl\/wp-content\/uploads\/2024\/06\/liceo-luisa-rabanal-palma1-1_optimized.jpeg","_links":{"self":[{"href":"https:\/\/radiorevelacionfm.cl\/index.php?rest_route=\/wp\/v2\/posts\/42877","targetHints":{"allow":["GET"]}}],"collection":[{"href":"https:\/\/radiorevelacionfm.cl\/index.php?rest_route=\/wp\/v2\/posts"}],"about":[{"href":"https:\/\/radiorevelacionfm.cl\/index.php?rest_route=\/wp\/v2\/types\/post"}],"author":[{"embeddable":true,"href":"https:\/\/radiorevelacionfm.cl\/index.php?rest_route=\/wp\/v2\/users\/1"}],"replies":[{"embeddable":true,"href":"https:\/\/radiorevelacionfm.cl\/index.php?rest_route=%2Fwp%2Fv2%2Fcomments&post=42877"}],"version-history":[{"count":1,"href":"https:\/\/radiorevelacionfm.cl\/index.php?rest_route=\/wp\/v2\/posts\/42877\/revisions"}],"predecessor-version":[{"id":42879,"href":"https:\/\/radiorevelacionfm.cl\/index.php?rest_route=\/wp\/v2\/posts\/42877\/revisions\/42879"}],"wp:featuredmedia":[{"embeddable":true,"href":"https:\/\/radiorevelacionfm.cl\/index.php?rest_route=\/wp\/v2\/media\/42878"}],"wp:attachment":[{"href":"https:\/\/radiorevelacionfm.cl\/index.php?rest_route=%2Fwp%2Fv2%2Fmedia&parent=42877"}],"wp:term":[{"taxonomy":"category","embeddable":true,"href":"https:\/\/radiorevelacionfm.cl\/index.php?rest_route=%2Fwp%2Fv2%2Fcategories&post=42877"},{"taxonomy":"post_tag","embeddable":true,"href":"https:\/\/radiorevelacionfm.cl\/index.php?rest_route=%2Fwp%2Fv2%2Ftags&post=42877"}],"curies":[{"name":"wp","href":"https:\/\/api.w.org\/{rel}","templated":true}]}}