{"id":42874,"date":"2024-06-04T22:26:24","date_gmt":"2024-06-05T01:26:24","guid":{"rendered":"https:\/\/radiorevelacionfm.cl\/?p=42874"},"modified":"2024-06-04T22:26:24","modified_gmt":"2024-06-05T01:26:24","slug":"nuevo-rebalse-de-aguas-servidas-deja-a-alumnos-de-liceo-de-melinka-sin-clases","status":"publish","type":"post","link":"https:\/\/radiorevelacionfm.cl\/?p=42874","title":{"rendered":"Nuevo rebalse de aguas servidas deja a alumnos de liceo de Melinka sin clases"},"content":{"rendered":"<div class=\"flex_column av_one_full  flex_column_div av-zero-column-padding first  avia-builder-el-0  el_before_av_one_full  avia-builder-el-first  \" style='border-radius:0px; '><div  class='avia-image-container  av-styling-    avia-builder-el-1  avia-builder-el-no-sibling  avia-align-center '  itemprop=\"image\" itemscope=\"itemscope\" itemtype=\"https:\/\/schema.org\/ImageObject\"  ><div class='avia-image-container-inner'><div class='avia-image-overlay-wrap'><img decoding=\"async\" class='wp-image-42875 avia-img-lazy-loading-not-42875 avia_image' src=\"https:\/\/radiorevelacionfm.cl\/wp-content\/uploads\/2024\/06\/Liceo-Melinka-1-1.jpg\" alt='' title='Liceo Melinka (1) (1)' height=\"600\" width=\"1067\"  itemprop=\"thumbnailUrl\" srcset=\"https:\/\/radiorevelacionfm.cl\/wp-content\/uploads\/2024\/06\/Liceo-Melinka-1-1.jpg 1067w, https:\/\/radiorevelacionfm.cl\/wp-content\/uploads\/2024\/06\/Liceo-Melinka-1-1-300x169.jpg 300w, https:\/\/radiorevelacionfm.cl\/wp-content\/uploads\/2024\/06\/Liceo-Melinka-1-1-1030x579.jpg 1030w, https:\/\/radiorevelacionfm.cl\/wp-content\/uploads\/2024\/06\/Liceo-Melinka-1-1-768x432.jpg 768w, https:\/\/radiorevelacionfm.cl\/wp-content\/uploads\/2024\/06\/Liceo-Melinka-1-1-705x396.jpg 705w, https:\/\/radiorevelacionfm.cl\/wp-content\/uploads\/2024\/06\/Liceo-Melinka-1-1-450x253.jpg 450w, https:\/\/radiorevelacionfm.cl\/wp-content\/uploads\/2024\/06\/Liceo-Melinka-1-1-600x337.jpg 600w\" sizes=\"(max-width: 1067px) 100vw, 1067px\" \/><\/div><\/div><\/div><\/div><div class=\"flex_column av_one_full  flex_column_div av-zero-column-padding first  avia-builder-el-2  el_after_av_one_full  el_before_av_one_full  column-top-margin\" style='border-radius:0px; '><section class=\"av_textblock_section \"  itemscope=\"itemscope\" itemtype=\"https:\/\/schema.org\/BlogPosting\" itemprop=\"blogPost\" ><div class='avia_textblock  '   itemprop=\"text\" ><p style=\"text-align: center;\"><span style=\"font-size: 18pt;\"><strong>Nuevo rebalse de aguas servidas deja a alumnos de liceo de Melinka sin clases<\/strong><\/span><\/p>\n<div id=\"gtx-trans\" style=\"position: absolute; left: -50px; top: 4.31534px;\">\n<div class=\"gtx-trans-icon\"><\/div>\n<\/div>\n<\/div><\/section><\/div><div class=\"flex_column av_one_full  flex_column_div av-zero-column-padding first  avia-builder-el-4  el_after_av_one_full  el_before_av_hr  column-top-margin\" style='border-radius:0px; '><section class=\"av_textblock_section \"  itemscope=\"itemscope\" itemtype=\"https:\/\/schema.org\/BlogPosting\" itemprop=\"blogPost\" ><div class='avia_textblock  '   itemprop=\"text\" ><p style=\"text-align: justify;\"><em>Diputada Marcia Raphael, solicit\u00f3 al ministro Cataldo solucionar a la brevedad la emergencia: \u201cEl aislamiento que ellos tienen es significativo y nosotros debemos asegurarles condiciones dignas para poder estudiar\u201d.<\/em><\/p>\n<p style=\"text-align: justify;\">Marcia Raphael apel\u00f3, adem\u00e1s, a la \u201cvoluntad pol\u00edtica\u201d de las autoridades para construir un nuevo Liceo: \u201cEste proyecto ha tenido dos veces dise\u00f1o, se ha perdido el dise\u00f1o porque se han pasado los plazos para poder hacerlo. Creemos que aqu\u00ed tiene que haber una decisi\u00f3n pol\u00edtica para que por fin tengamos un colegio nuevo en Melinka\u201d.<\/p>\n<p style=\"text-align: justify;\">La diputada de Renovaci\u00f3n Nacional por la Regi\u00f3n de Ays\u00e9n, Marcia Raphael, denunci\u00f3 que el liceo de Melinka debi\u00f3 cerrar luego que un nuevo rebalse de aguas servidas se produjera el d\u00eda de ayer, dejando sin clases a cientos de estudiantes de este establecimiento educacional que alberga a alumnos desde pre-kinder a cuarto medio, ubicado en la comuna de Las Guaitecas, una de las m\u00e1s extremas del pa\u00eds.<\/p>\n<p style=\"text-align: justify;\">As\u00ed lo dio a conocer durante esta jornada la parlamentaria quien explic\u00f3 que \u201cayer tuvimos en la Comisi\u00f3n de Zonas Extremas la presencia de algunos dirigentes de Las Guaitecas y uno de los temas que se nos present\u00f3 fue justamente el cierre de la escuela el d\u00eda de ayer, por insalubridad, debido al desbordamiento de las aguas servidas. Esto tambi\u00e9n ocurri\u00f3 el a\u00f1o pasado, el 6 de diciembre, justo un d\u00eda en que est\u00e1bamos los tres parlamentarios de la Regi\u00f3n de Ays\u00e9n en la comuna\u201d, siendo testigos de la grave situaci\u00f3n.<\/p>\n<p style=\"text-align: justify;\">La diputada Raphael explic\u00f3 que \u201cellos (los alumnos) viven en una isla, las Guaitecas, que significa desde Coyhaique 12 horas en barcaza y tiene m\u00e1s cerca a Chait\u00e9n. Pero dentro de la Regi\u00f3n de Ays\u00e9n ellos viven en forma muy aislada y los tiempos de traslado son muy largos y adem\u00e1s la frecuencia de barcazas tambi\u00e9n es corta, son dos veces a la semana. Por lo tanto, el aislamiento que ellos tienen es significativo y a nosotros corresponde darle una eficiencia en los colegios de la educaci\u00f3n y eso tiene que ver solamente con un nuevo edificio para el liceo de Melinka\u201d.<\/p>\n<p style=\"text-align: justify;\">En esa l\u00ednea, la legisladora explic\u00f3 que \u201cla situaci\u00f3n es grave, las aguas servidas se rebalsan en los ba\u00f1os que est\u00e1n al lado de la cocina. Por lo tanto, significa un tremendo problema de salud para los ni\u00f1os y j\u00f3venes que estudian en el liceo, porque el liceo tiene desde pre-kinder a cuarto medio y hoy d\u00eda ocurre exactamente lo mismo, se cierra el colegio. Creemos sin duda que es de una gravedad absoluta tener que cerrar el colegio donde los ni\u00f1os se quedan sin clase, pierden d\u00edas de clase, no sabemos cu\u00e1ndo se va a abrir nuevamente\u201d.<\/p>\n<p style=\"text-align: justify;\">La diputada Raphael coment\u00f3 que le represent\u00f3 personalmente al ministro Nicol\u00e1s Cataldo la situaci\u00f3n. \u201cHicimos un llamado al Ministerio de Educaci\u00f3n para que efectivamente esto se solucione a la brevedad. La \u00fanica forma de solucionar esto, porque las aguas servidas por lo visto pasan por debajo del colegio y adem\u00e1s hay una vertiente que complica esta situaci\u00f3n, es darle celeridad al proyecto de nueva infraestructura del liceo de Melinka\u201d.<\/p>\n<p style=\"text-align: justify;\">\u201cEste proyecto ha tenido dos veces dise\u00f1o, se ha perdido el dise\u00f1o, porque se han pasado los plazos para poder hacerlo. Por lo tanto, creemos que aqu\u00ed tiene que haber una decisi\u00f3n pol\u00edtica para que por fin tengamos un colegio nuevo en Melinka con todas las condiciones de salud y con las condiciones de calidad en la educaci\u00f3n para que los ni\u00f1os puedan estudiar en forma digna\u201d, reclam\u00f3 m\u00e1s tarde.<\/p>\n<p style=\"text-align: justify;\">Finalmente, la parlamentaria insisti\u00f3 en que le solicitar\u00e1n formalmente (al ministro Cataldo) cumplir con los compromisos adquiridos por parte del ministerio. \u201cVamos a hacer mucho m\u00e1s ahora en la Comisi\u00f3n de Educaci\u00f3n para poder oficiar y para poder sacar el compromiso del Ministerio de Educaci\u00f3n, del ministro, que podamos darle una respuesta r\u00e1pida a habitantes que est\u00e1n sumamente aislados. Son de una zona extrema, pero adem\u00e1s aislada\u201d.<\/p>\n<\/div><\/section><\/div><div  style='height:50px' class='hr hr-invisible   avia-builder-el-6  el_after_av_one_full  el_before_av_social_share '><span class='hr-inner ' ><span class='hr-inner-style'><\/span><\/span><\/div><\/p>\n<div  class='av-social-sharing-box  avia-builder-el-7  el_after_av_hr  el_before_av_hr  '><div class='av-share-box'><h5 class='av-share-link-description av-no-toc '>Compartir esta noticia<\/h5><ul class='av-share-box-list noLightbox'><li class='av-share-link av-social-link-facebook' ><a target=\"_blank\" aria-label=\"Compartir en Facebook\" href='https:\/\/www.facebook.com\/sharer.php?u=https:\/\/radiorevelacionfm.cl\/?p=42874&#038;t=Nuevo%20rebalse%20de%20aguas%20servidas%20deja%20a%20alumnos%20de%20liceo%20de%20Melinka%20sin%20clases' aria-hidden='false' data-av_icon='\ue8f3' data-av_iconfont='entypo-fontello' title='' data-avia-related-tooltip='Compartir en Facebook' rel=\"noopener\"><span class='avia_hidden_link_text'>Compartir en Facebook<\/span><\/a><\/li><li class='av-share-link av-social-link-twitter' ><a target=\"_blank\" aria-label=\"Compartir en Twitter\" href='https:\/\/twitter.com\/share?text=Nuevo%20rebalse%20de%20aguas%20servidas%20deja%20a%20alumnos%20de%20liceo%20de%20Melinka%20sin%20clases&#038;url=https:\/\/radiorevelacionfm.cl\/?p=42874' aria-hidden='false' data-av_icon='\ue8f1' data-av_iconfont='entypo-fontello' title='' data-avia-related-tooltip='Compartir en Twitter' rel=\"noopener\"><span class='avia_hidden_link_text'>Compartir en Twitter<\/span><\/a><\/li><li class='av-share-link av-social-link-whatsapp' ><a target=\"_blank\" aria-label=\"Compartir en Whatsapp\" href='https:\/\/api.whatsapp.com\/send?text=https:\/\/radiorevelacionfm.cl\/?p=42874' aria-hidden='false' data-av_icon='\uf232' data-av_iconfont='entypo-fontello' title='' data-avia-related-tooltip='Compartir en Whatsapp' rel=\"noopener\"><span class='avia_hidden_link_text'>Compartir en Whatsapp<\/span><\/a><\/li><li class='av-share-link av-social-link-linkedin' ><a target=\"_blank\" aria-label=\"Compartir en LinkedIn\" href='https:\/\/linkedin.com\/shareArticle?mini=true&#038;title=Nuevo%20rebalse%20de%20aguas%20servidas%20deja%20a%20alumnos%20de%20liceo%20de%20Melinka%20sin%20clases&#038;url=https:\/\/radiorevelacionfm.cl\/?p=42874' aria-hidden='false' data-av_icon='\ue8fc' data-av_iconfont='entypo-fontello' title='' data-avia-related-tooltip='Compartir en LinkedIn' rel=\"noopener\"><span class='avia_hidden_link_text'>Compartir en LinkedIn<\/span><\/a><\/li><li class='av-share-link av-social-link-mail' ><a  aria-label=\"Compartir por correo\" href='mailto:?subject=Nuevo%20rebalse%20de%20aguas%20servidas%20deja%20a%20alumnos%20de%20liceo%20de%20Melinka%20sin%20clases&#038;body=https:\/\/radiorevelacionfm.cl\/?p=42874' aria-hidden='false' data-av_icon='\ue805' data-av_iconfont='entypo-fontello' title='' data-avia-related-tooltip='Compartir por correo'><span class='avia_hidden_link_text'>Compartir por correo<\/span><\/a><\/li><\/ul><\/div><\/div>\n<div  style='height:50px' class='hr hr-invisible   avia-builder-el-8  el_after_av_social_share  el_before_av_comments_list '><span class='hr-inner ' ><span class='hr-inner-style'><\/span><\/span><\/div>\n<div  class='av-buildercomment  av-blog-meta-html-info-disabled av-blog-meta-tag-disabled  '><\/div>\n","protected":false},"excerpt":{"rendered":"","protected":false},"author":1,"featured_media":42875,"comment_status":"open","ping_status":"open","sticky":false,"template":"","format":"standard","meta":{"footnotes":""},"categories":[38],"tags":[],"class_list":["post-42874","post","type-post","status-publish","format-standard","has-post-thumbnail","hentry","category-regional"],"jetpack_featured_media_url":"https:\/\/radiorevelacionfm.cl\/wp-content\/uploads\/2024\/06\/Liceo-Melinka-1-1.jpg","_links":{"self":[{"href":"https:\/\/radiorevelacionfm.cl\/index.php?rest_route=\/wp\/v2\/posts\/42874","targetHints":{"allow":["GET"]}}],"collection":[{"href":"https:\/\/radiorevelacionfm.cl\/index.php?rest_route=\/wp\/v2\/posts"}],"about":[{"href":"https:\/\/radiorevelacionfm.cl\/index.php?rest_route=\/wp\/v2\/types\/post"}],"author":[{"embeddable":true,"href":"https:\/\/radiorevelacionfm.cl\/index.php?rest_route=\/wp\/v2\/users\/1"}],"replies":[{"embeddable":true,"href":"https:\/\/radiorevelacionfm.cl\/index.php?rest_route=%2Fwp%2Fv2%2Fcomments&post=42874"}],"version-history":[{"count":1,"href":"https:\/\/radiorevelacionfm.cl\/index.php?rest_route=\/wp\/v2\/posts\/42874\/revisions"}],"predecessor-version":[{"id":42876,"href":"https:\/\/radiorevelacionfm.cl\/index.php?rest_route=\/wp\/v2\/posts\/42874\/revisions\/42876"}],"wp:featuredmedia":[{"embeddable":true,"href":"https:\/\/radiorevelacionfm.cl\/index.php?rest_route=\/wp\/v2\/media\/42875"}],"wp:attachment":[{"href":"https:\/\/radiorevelacionfm.cl\/index.php?rest_route=%2Fwp%2Fv2%2Fmedia&parent=42874"}],"wp:term":[{"taxonomy":"category","embeddable":true,"href":"https:\/\/radiorevelacionfm.cl\/index.php?rest_route=%2Fwp%2Fv2%2Fcategories&post=42874"},{"taxonomy":"post_tag","embeddable":true,"href":"https:\/\/radiorevelacionfm.cl\/index.php?rest_route=%2Fwp%2Fv2%2Ftags&post=42874"}],"curies":[{"name":"wp","href":"https:\/\/api.w.org\/{rel}","templated":true}]}}