{"id":42871,"date":"2024-06-06T12:53:33","date_gmt":"2024-06-06T15:53:33","guid":{"rendered":"https:\/\/radiorevelacionfm.cl\/?p=42871"},"modified":"2024-06-06T12:53:33","modified_gmt":"2024-06-06T15:53:33","slug":"seremi-isabel-garrido-destaca-anuncio-de-proyecto-de-ley-sobre-convivencia-buen-trato-y-bienestar-educacional","status":"publish","type":"post","link":"https:\/\/radiorevelacionfm.cl\/?p=42871","title":{"rendered":"Seremi Isabel Garrido destaca anuncio de proyecto de ley sobre convivencia, buen trato y bienestar educacional"},"content":{"rendered":"<div class=\"flex_column av_one_full  flex_column_div av-zero-column-padding first  avia-builder-el-0  el_before_av_one_full  avia-builder-el-first  \" style='border-radius:0px; '><div  class='avia-image-container  av-styling-    avia-builder-el-1  avia-builder-el-no-sibling  avia-align-center '  itemprop=\"image\" itemscope=\"itemscope\" itemtype=\"https:\/\/schema.org\/ImageObject\"  ><div class='avia-image-container-inner'><div class='avia-image-overlay-wrap'><img decoding=\"async\" class='wp-image-42872 avia-img-lazy-loading-not-42872 avia_image' src=\"https:\/\/radiorevelacionfm.cl\/wp-content\/uploads\/2024\/06\/Seremi-anuncios-Cuenta-Publica-Presidencial-1-1.jpg\" alt='' title='Seremi anuncios Cuenta P\u00fablica Presidencial (1) (1)' height=\"600\" width=\"800\"  itemprop=\"thumbnailUrl\" srcset=\"https:\/\/radiorevelacionfm.cl\/wp-content\/uploads\/2024\/06\/Seremi-anuncios-Cuenta-Publica-Presidencial-1-1.jpg 800w, https:\/\/radiorevelacionfm.cl\/wp-content\/uploads\/2024\/06\/Seremi-anuncios-Cuenta-Publica-Presidencial-1-1-300x225.jpg 300w, https:\/\/radiorevelacionfm.cl\/wp-content\/uploads\/2024\/06\/Seremi-anuncios-Cuenta-Publica-Presidencial-1-1-768x576.jpg 768w, https:\/\/radiorevelacionfm.cl\/wp-content\/uploads\/2024\/06\/Seremi-anuncios-Cuenta-Publica-Presidencial-1-1-705x529.jpg 705w, https:\/\/radiorevelacionfm.cl\/wp-content\/uploads\/2024\/06\/Seremi-anuncios-Cuenta-Publica-Presidencial-1-1-450x338.jpg 450w, https:\/\/radiorevelacionfm.cl\/wp-content\/uploads\/2024\/06\/Seremi-anuncios-Cuenta-Publica-Presidencial-1-1-600x450.jpg 600w\" sizes=\"(max-width: 800px) 100vw, 800px\" \/><\/div><\/div><\/div><\/div>\n<div class=\"flex_column av_one_full  flex_column_div av-zero-column-padding first  avia-builder-el-2  el_after_av_one_full  el_before_av_one_full  column-top-margin\" style='border-radius:0px; '><section class=\"av_textblock_section \"  itemscope=\"itemscope\" itemtype=\"https:\/\/schema.org\/BlogPosting\" itemprop=\"blogPost\" ><div class='avia_textblock  '   itemprop=\"text\" ><p style=\"text-align: center;\"><strong><span style=\"font-size: 18pt;\">Seremi Isabel Garrido destaca anuncio de proyecto de ley sobre convivencia, buen trato y bienestar educacional<\/span><\/strong><\/p>\n<div id=\"gtx-trans\" style=\"position: absolute; left: -50px; top: 4.31534px;\">\n<div class=\"gtx-trans-icon\"><\/div>\n<\/div>\n<\/div><\/section><\/div><div class=\"flex_column av_one_full  flex_column_div av-zero-column-padding first  avia-builder-el-4  el_after_av_one_full  el_before_av_hr  column-top-margin\" style='border-radius:0px; '><section class=\"av_textblock_section \"  itemscope=\"itemscope\" itemtype=\"https:\/\/schema.org\/BlogPosting\" itemprop=\"blogPost\" ><div class='avia_textblock  '   itemprop=\"text\" ><p class=\"v1MsoNormal\" style=\"text-align: justify;\" align=\"center\"><i>El Mandatario tambi\u00e9n reiter\u00f3 que en septiembre presentar\u00e1 una iniciativa para crear un nuevo sistema de financiamiento para la educaci\u00f3n superior, que reemplace al Cr\u00e9dito con Aval del Estado y al Fondo Solidario, y ratific\u00f3 su compromiso con la reparaci\u00f3n de la \u201cdeuda hist\u00f3rica\u201d de las y los docentes.<\/i><\/p>\n<p class=\"v1MsoNormal\" style=\"text-align: justify;\" align=\"center\">En la rendici\u00f3n de su Cuenta P\u00fablica 2024, el Presidente de la Rep\u00fablica, Gabriel Boric Font, anunci\u00f3 el env\u00edo al Congreso de un proyecto de ley sobre convivencia, buen trato y bienestar en los establecimientos educacionales, que entregar\u00e1 herramientas a las comunidades educativas para contar con ambientes \u00f3ptimos para la ense\u00f1anza.<\/p>\n<p class=\"v1MsoNormal\" style=\"text-align: justify;\">Respecto a este anuncio, la Seremi de Educaci\u00f3n detall\u00f3 que \u201cEste proyecto recoger\u00e1 los contenidos del proyecto de ley \u201cJos\u00e9 Mat\u00edas\u201d y de otras iniciativas relativas a convivencia educativa, no discriminaci\u00f3n, seguridad, protecci\u00f3n de los equipos educativos y prevenci\u00f3n de delitos y consumo de drogas en los espacios educativos. Adicionalmente, se integrar\u00e1n contenidos relevantes para abordar el bienestar de equipos educativos, elaborados a partir de diversas fuentes, entre ellas la experiencia que llev\u00f3 al suicidio de la docente Katherine Yoma y con \u00e9l se abordar\u00e1n de forma sist\u00e9mica acciones orientadas a prevenir hechos de violencia, acoso y discriminaci\u00f3n\u201d.<\/p>\n<p class=\"v1MsoNormal\" style=\"text-align: justify;\">El Presidente Boric tambi\u00e9n ratific\u00f3 que en septiembre presentar\u00e1 un proyecto de ley que crear\u00e1 un nuevo sistema p\u00fablico de financiamiento que reemplazar\u00e1 al Cr\u00e9dito con Aval del Estado y el Fondo Solidario. \u201cCon este proyecto se dar\u00e1 una soluci\u00f3n progresiva y justa, pensada en los deudores, especialmente en quienes han cumplido con sus deberes de pago y quienes no han podido cumplir por no tener ingresos para hacerlo\u201d, explic\u00f3 Isabel Garrido.<\/p>\n<p class=\"v1MsoNormal\" style=\"text-align: justify;\">Esta reforma ser\u00e1 de implementaci\u00f3n gradual, progresiva y autocontenida, y no usar\u00e1 recursos del Pacto Fiscal. \u201cEl CAE ha sido una pol\u00edtica que cumpli\u00f3 un rol en el acceso a la educaci\u00f3n superior en las \u00faltimas d\u00e9cadas, pero que ha presentado graves falencias\u201d, puntualiz\u00f3.<\/p>\n<p class=\"v1MsoNormal\" style=\"text-align: justify;\"><b>Deuda Hist\u00f3rica con profesores<\/b><\/p>\n<p class=\"v1MsoNormal\" style=\"text-align: justify;\">Adem\u00e1s, el Jefe de Estado ratific\u00f3 su compromiso de enviar un proyecto de ley que reparar\u00e1 a las y los profesores afectados por la \u201cdeuda hist\u00f3rica\u201d, cuyo financiamiento ser\u00e1 gradual, tampoco estar\u00e1 sujeto al Pacto Fiscal, y comenzar\u00e1 beneficiando a los mayores de 80 a\u00f1os.<\/p>\n<p class=\"v1MsoNormal\" style=\"text-align: justify;\">Por \u00faltimo, el Presidente Boric anunci\u00f3 que respaldar\u00e1 una moci\u00f3n parlamentaria que promueve la actividad f\u00edsica en los establecimientos durante una hora al d\u00eda dentro de la actual jornada escolar, con el objetivo de \u201creducir el estilo de vida sedentario que incide negativamente en el aumento de poblaci\u00f3n con sobrepeso y obesidad\u201d.<\/p>\n<p class=\"v1MsoNormal\" style=\"text-align: justify;\">La Seremi Isabel Garrido valor\u00f3 la agenda legislativa que mencion\u00f3 el Presidente Boric en su discurso, se\u00f1alando que \u201cel proyecto de Sala Cuna, el de fortalecimiento del Sistema de Educaci\u00f3n P\u00fablica, y el que vamos a ingresar sobre Convivencia y Bienestar de las Comunidades Educativas son temas que engloban parte importante de nuestras preocupaciones y urgencias. Es muy importante tambi\u00e9n el compromiso con el proyecto de ley de financiamiento de la educaci\u00f3n superior y la deuda hist\u00f3rica con el magisterio, dos temas muy sensibles que ser\u00e1n abordadas en este gobierno. Hay plazos establecidos, instancias de trabajo y como Ministerio avanzaremos en ello\u201d.<\/p>\n<p class=\"v1MsoNormal\" style=\"text-align: justify;\"><b>Avances regionales en educaci\u00f3n<\/b><\/p>\n<p class=\"v1MsoNormal\" style=\"text-align: justify;\">En un hecho hist\u00f3rico, con la misi\u00f3n de garantizar y velar por una educaci\u00f3n p\u00fablica de calidad para el desarrollo integral e inclusivo de los ni\u00f1os, ni\u00f1as, j\u00f3venes y adultos, el Ministerio de Educaci\u00f3n concret\u00f3 en enero de este a\u00f1o el traspaso de 66 centros educativos de las diez comunas, al Servicio Local de Educaci\u00f3n P\u00fablica (SLEP).<\/p>\n<p class=\"v1MsoNormal\" style=\"text-align: justify;\">En cifras, el SLEP asumi\u00f3 la administraci\u00f3n de 56 establecimientos escolares, que consideran una matr\u00edcula superior a los 9.600 estudiantes y 10 centros de educaci\u00f3n parvularia, que atienden a m\u00e1s de 600 ni\u00f1as y ni\u00f1os. Adem\u00e1s, se cuentan m\u00e1s de 1.200 docentes, m\u00e1s de 860 asistentes de la educaci\u00f3n y 43 educadores\/as de p\u00e1rvulos.<\/p>\n<p class=\"v1MsoNormal\" style=\"text-align: justify;\">Procurando que los establecimientos se traspasaran en las mejores condiciones, durante 2023 el MINEDUC invirti\u00f3 m\u00e1s de 6.000 millones de pesos en mejoramientos en 22 escuelas de 9 comunas, beneficiando a 4.404 estudiantes. La inversi\u00f3n fue comparativamente alta, considerando que el a\u00f1o 2021 se invirtieron 870 millones de pesos y en 2022 1.357 millones de pesos, en 3 comunas de la regi\u00f3n cada uno de esos a\u00f1os.<\/p>\n<p class=\"v1MsoNormal\" style=\"text-align: justify;\">Por otra parte, en materia de Reactivaci\u00f3n Educativa, la autoridad regional confirm\u00f3 la ampliaci\u00f3n de cobertura de programas sobre convivencia escolar, incluyendo \u201cHabilidades para la Vida\u201d y \u201cA convivir se aprende\u201d, que se desarrollan en conjunto con instituciones de educaci\u00f3n superior. \u201cTenemos trecho por recorrer, pero vamos encaminados hacia la Reactivaci\u00f3n Educativa\u201d. Hemos visto avances significativos en asistencia y aprendizajes. En 2023 la regi\u00f3n redujo en -7,5% la proporci\u00f3n de estudiantes con inasistencia grave, lo que nos ubica entre las regiones con mejoras m\u00e1s significativas en asistencia respecto al a\u00f1o anterior. Asimismo, se observaron mejoras en el SIMCE de II\u00b0 medio de 4 puntos en lenguaje y 8 en matem\u00e1tica\u201d.<\/p>\n<\/div><\/section><\/div><\/p>\n<div  style='height:50px' class='hr hr-invisible   avia-builder-el-6  el_after_av_one_full  el_before_av_social_share '><span class='hr-inner ' ><span class='hr-inner-style'><\/span><\/span><\/div>\n<div  class='av-social-sharing-box  avia-builder-el-7  el_after_av_hr  el_before_av_hr  '><div class='av-share-box'><h5 class='av-share-link-description av-no-toc '>Compartir esta noticia<\/h5><ul class='av-share-box-list noLightbox'><li class='av-share-link av-social-link-facebook' ><a target=\"_blank\" aria-label=\"Compartir en Facebook\" href='https:\/\/www.facebook.com\/sharer.php?u=https:\/\/radiorevelacionfm.cl\/?p=42871&#038;t=Seremi%20Isabel%20Garrido%20destaca%20anuncio%20de%20proyecto%20de%20ley%20sobre%20convivencia%2C%20buen%20trato%20y%20bienestar%20educacional' aria-hidden='false' data-av_icon='\ue8f3' data-av_iconfont='entypo-fontello' title='' data-avia-related-tooltip='Compartir en Facebook' rel=\"noopener\"><span class='avia_hidden_link_text'>Compartir en Facebook<\/span><\/a><\/li><li class='av-share-link av-social-link-twitter' ><a target=\"_blank\" aria-label=\"Compartir en Twitter\" href='https:\/\/twitter.com\/share?text=Seremi%20Isabel%20Garrido%20destaca%20anuncio%20de%20proyecto%20de%20ley%20sobre%20convivencia%2C%20buen%20trato%20y%20bienestar%20educacional&#038;url=https:\/\/radiorevelacionfm.cl\/?p=42871' aria-hidden='false' data-av_icon='\ue8f1' data-av_iconfont='entypo-fontello' title='' data-avia-related-tooltip='Compartir en Twitter' rel=\"noopener\"><span class='avia_hidden_link_text'>Compartir en Twitter<\/span><\/a><\/li><li class='av-share-link av-social-link-whatsapp' ><a target=\"_blank\" aria-label=\"Compartir en Whatsapp\" href='https:\/\/api.whatsapp.com\/send?text=https:\/\/radiorevelacionfm.cl\/?p=42871' aria-hidden='false' data-av_icon='\uf232' data-av_iconfont='entypo-fontello' title='' data-avia-related-tooltip='Compartir en Whatsapp' rel=\"noopener\"><span class='avia_hidden_link_text'>Compartir en Whatsapp<\/span><\/a><\/li><li class='av-share-link av-social-link-linkedin' ><a target=\"_blank\" aria-label=\"Compartir en LinkedIn\" href='https:\/\/linkedin.com\/shareArticle?mini=true&#038;title=Seremi%20Isabel%20Garrido%20destaca%20anuncio%20de%20proyecto%20de%20ley%20sobre%20convivencia%2C%20buen%20trato%20y%20bienestar%20educacional&#038;url=https:\/\/radiorevelacionfm.cl\/?p=42871' aria-hidden='false' data-av_icon='\ue8fc' data-av_iconfont='entypo-fontello' title='' data-avia-related-tooltip='Compartir en LinkedIn' rel=\"noopener\"><span class='avia_hidden_link_text'>Compartir en LinkedIn<\/span><\/a><\/li><li class='av-share-link av-social-link-mail' ><a  aria-label=\"Compartir por correo\" href='mailto:?subject=Seremi%20Isabel%20Garrido%20destaca%20anuncio%20de%20proyecto%20de%20ley%20sobre%20convivencia%2C%20buen%20trato%20y%20bienestar%20educacional&#038;body=https:\/\/radiorevelacionfm.cl\/?p=42871' aria-hidden='false' data-av_icon='\ue805' data-av_iconfont='entypo-fontello' title='' data-avia-related-tooltip='Compartir por correo'><span class='avia_hidden_link_text'>Compartir por correo<\/span><\/a><\/li><\/ul><\/div><\/div>\n<div  style='height:50px' class='hr hr-invisible   avia-builder-el-8  el_after_av_social_share  el_before_av_comments_list '><span class='hr-inner ' ><span class='hr-inner-style'><\/span><\/span><\/div>\n<div  class='av-buildercomment  av-blog-meta-html-info-disabled av-blog-meta-tag-disabled  '><\/div>\n","protected":false},"excerpt":{"rendered":"","protected":false},"author":1,"featured_media":42872,"comment_status":"open","ping_status":"open","sticky":false,"template":"","format":"standard","meta":{"footnotes":""},"categories":[49],"tags":[],"class_list":["post-42871","post","type-post","status-publish","format-standard","has-post-thumbnail","hentry","category-educacion"],"jetpack_featured_media_url":"https:\/\/radiorevelacionfm.cl\/wp-content\/uploads\/2024\/06\/Seremi-anuncios-Cuenta-Publica-Presidencial-1-1.jpg","_links":{"self":[{"href":"https:\/\/radiorevelacionfm.cl\/index.php?rest_route=\/wp\/v2\/posts\/42871","targetHints":{"allow":["GET"]}}],"collection":[{"href":"https:\/\/radiorevelacionfm.cl\/index.php?rest_route=\/wp\/v2\/posts"}],"about":[{"href":"https:\/\/radiorevelacionfm.cl\/index.php?rest_route=\/wp\/v2\/types\/post"}],"author":[{"embeddable":true,"href":"https:\/\/radiorevelacionfm.cl\/index.php?rest_route=\/wp\/v2\/users\/1"}],"replies":[{"embeddable":true,"href":"https:\/\/radiorevelacionfm.cl\/index.php?rest_route=%2Fwp%2Fv2%2Fcomments&post=42871"}],"version-history":[{"count":2,"href":"https:\/\/radiorevelacionfm.cl\/index.php?rest_route=\/wp\/v2\/posts\/42871\/revisions"}],"predecessor-version":[{"id":42923,"href":"https:\/\/radiorevelacionfm.cl\/index.php?rest_route=\/wp\/v2\/posts\/42871\/revisions\/42923"}],"wp:featuredmedia":[{"embeddable":true,"href":"https:\/\/radiorevelacionfm.cl\/index.php?rest_route=\/wp\/v2\/media\/42872"}],"wp:attachment":[{"href":"https:\/\/radiorevelacionfm.cl\/index.php?rest_route=%2Fwp%2Fv2%2Fmedia&parent=42871"}],"wp:term":[{"taxonomy":"category","embeddable":true,"href":"https:\/\/radiorevelacionfm.cl\/index.php?rest_route=%2Fwp%2Fv2%2Fcategories&post=42871"},{"taxonomy":"post_tag","embeddable":true,"href":"https:\/\/radiorevelacionfm.cl\/index.php?rest_route=%2Fwp%2Fv2%2Ftags&post=42871"}],"curies":[{"name":"wp","href":"https:\/\/api.w.org\/{rel}","templated":true}]}}