{"id":4287,"date":"2021-05-19T13:01:05","date_gmt":"2021-05-19T16:01:05","guid":{"rendered":"https:\/\/radiorevelacionfm.cl\/?p=4287"},"modified":"2021-05-19T13:01:05","modified_gmt":"2021-05-19T16:01:05","slug":"prochile-aysen-apoyara-internacionalizacion-de-servicios-educacionales-vinculados-al-sector-turismo","status":"publish","type":"post","link":"https:\/\/radiorevelacionfm.cl\/?p=4287","title":{"rendered":"ProChile Ays\u00e9n apoyar\u00e1 internacionalizaci\u00f3n de servicios educacionales vinculados al sector turismo"},"content":{"rendered":"<div class=\"flex_column av_one_full  flex_column_div av-zero-column-padding first  avia-builder-el-0  el_before_av_one_full  avia-builder-el-first  \" style='border-radius:0px; '><div  class='avia-image-container  av-styling-    avia-builder-el-1  avia-builder-el-no-sibling  avia-align-center '  itemprop=\"image\" itemscope=\"itemscope\" itemtype=\"https:\/\/schema.org\/ImageObject\"  ><div class='avia-image-container-inner'><div class='avia-image-overlay-wrap'><img decoding=\"async\" class='wp-image-0 avia-img-lazy-loading-not-0 avia_image' src=\"https:\/\/radiorevelacionfm.cl\/wp-content\/uploads\/2021\/05\/Mesa-Turismo-Aysen-1-1.jpg\" alt='' title=''   itemprop=\"thumbnailUrl\"  \/><\/div><\/div><\/div><\/div><div class=\"flex_column av_one_full  flex_column_div av-zero-column-padding first  avia-builder-el-2  el_after_av_one_full  el_before_av_one_full  column-top-margin\" style='border-radius:0px; '><section class=\"av_textblock_section \"  itemscope=\"itemscope\" itemtype=\"https:\/\/schema.org\/BlogPosting\" itemprop=\"blogPost\" ><div class='avia_textblock  '   itemprop=\"text\" ><p style=\"text-align: center;\"><span style=\"font-size: 18pt;\"><strong>ProChile Ays\u00e9n apoyar\u00e1 internacionalizaci\u00f3n de servicios educacionales vinculados al sector turismo <\/strong><\/span><\/p>\n<div id=\"gtx-trans\" style=\"position: absolute; left: -50px; top: 4.31534px;\">\n<div class=\"gtx-trans-icon\"><\/div>\n<\/div>\n<\/div><\/section><\/div><div class=\"flex_column av_one_full  flex_column_div av-zero-column-padding first  avia-builder-el-4  el_after_av_one_full  el_before_av_hr  column-top-margin\" style='border-radius:0px; '><section class=\"av_textblock_section \"  itemscope=\"itemscope\" itemtype=\"https:\/\/schema.org\/BlogPosting\" itemprop=\"blogPost\" ><div class='avia_textblock  '   itemprop=\"text\" ><p style=\"text-align: justify;\">En espera de la reapertura de fronteras post-Covid tres instituciones educacionales constituyeron una mesa de trabajo junto a ProChile Ays\u00e9n.<\/p>\n<p style=\"text-align: justify;\">\u201cBuscamos crear un hub de servicios educacionales del sector turismo en Ays\u00e9n, ya que contamos con al menos tres instituciones que tienen carreras y actividades vinculadas al sector. La idea es atraer estudiantes extranjeros que vengan a aprender de turismo y conocer la regi\u00f3n, as\u00ed como promover el intercambio de conocimientos entre estudiantes de la regi\u00f3n y del resto del mundo, lo que genera valor agregado al sector\u201d, indic\u00f3 la directora regional de ProChile en Ays\u00e9n,\u00a0Pamela Flores.<u><\/u><u><\/u><\/p>\n<p style=\"text-align: justify;\">De esta forma se anunci\u00f3 la creaci\u00f3n de una \u201cMesa de Instituciones de Educaci\u00f3n Superior vinculada al sector turismo en la Regi\u00f3n de Ays\u00e9n\u201d, integrada por la Universidad Austral de Chile, INACAP y\u00a0 Nols, Campus Patagonia.<u><\/u><u><\/u><\/p>\n<p style=\"text-align: justify;\">La constituci\u00f3n se realiz\u00f3 a trav\u00e9s de una videoconferencia donde, entre otros,\u00a0particip\u00f3\u00a0la Directora Nacional de ProChile,\u00a0Lorena Sep\u00falveda;\u00a0Chery Hern\u00e1ndez, vicerrectora de INACAP Coyhaique;\u00a0Gloria Pichard, directora (I) Relaciones Internacionales Inacap;\u00a0Paula Herrera, jefa de carrera Administraci\u00f3n en Turismo de Naturaleza de la U. Austral; y\u00a0Ra\u00fal Castro\u00a0de NOLS.<u><\/u><u><\/u><\/p>\n<p style=\"text-align: justify;\">Pamela Flores explic\u00f3 que ProChile pondr\u00e1 a disposici\u00f3n de estas tres instituciones la red de 58 Oficinas Comerciales en 45 pa\u00edses que tiene ProChile, \u201cpara definir acciones concretas en esos mercados, con universidades e instituciones becarias, tanto nacionales como extranjeras y as\u00ed concretar acciones de atracci\u00f3n de estudiantes\u201d.<u><\/u><u><\/u><\/p>\n<p style=\"text-align: justify;\">A\u00f1adi\u00f3 que la meta es para el pr\u00f3ximo a\u00f1o \u201ccuando tengamos las fronteras internacionales abiertas, realizar una\u00a0Semana del Conocimiento, que permita traer a Ays\u00e9n, en forma presencial, a representantes de las universidades extranjeras que se definan y as\u00ed concretar convenios de trabajo entre las instituciones regionales e internacionales\u201d.\u00a0<u><\/u><u><\/u><\/p>\n<p style=\"text-align: justify;\">Chery Hern\u00e1ndez, vicerrectora de INACAP, explic\u00f3 que \u201cqueremos tener la experiencia de estudiantes extranjeros que lleguen a nuestra instituci\u00f3n, tanto en carreras como de educaci\u00f3n continua: diplomados, talleres y cursos. Esto se relaciona con nuestros programas de turismo y gastronom\u00eda\u201d. A\u00f1adi\u00f3 que desde hace a\u00f1os trabajan con NOLS y enfatiz\u00f3 que \u201cqueremos que surjan ideas de como fortalecer el turismo en esta regi\u00f3n\u201d.<u><\/u><u><\/u><\/p>\n<p style=\"text-align: justify;\">Gloria Pichard, directora (I) Relaciones Internacionales Inacap, plante\u00f3 que ya tienen alguna experiencia como parte de la marca sectorial \u201cLearn Chile\u201d de ProChile. Explic\u00f3 que este a\u00f1o han estado trabajando en forma virtual con universidades de M\u00e9xico, pero adem\u00e1s les interesa llegar a otros mercados del Asia Pac\u00edfico, para lo cual esperan que este trabajo con las Oficinas Comerciales de ProChile les permita definir \u201cla oferta m\u00e1s atractiva para los j\u00f3venes extranjeros\u201d.<u><\/u><u><\/u><\/p>\n<p style=\"text-align: justify;\">Paula Herrera, jefa de carrera Administraci\u00f3n en Turismo de Naturaleza de la U. Austral, destac\u00f3 que esta mesa \u201ces una tremenda oportunidad de generar esta alianza. Queremos atraer estudiantes extranjeros. Ya tenemos un programa de intercambio, pero queremos seguir creciendo en este \u00e1mbito y retomar con m\u00e1s fuerza cuando se supere la pandemia\u201d.<u><\/u><u><\/u><\/p>\n<p style=\"text-align: justify;\">Ra\u00fal Castro de NOLS, explic\u00f3 que como instituci\u00f3n internacional sin fines de lucro \u201ctrabajamos principalmente con estudiantes norteamericanos en Ays\u00e9n\u201d. Sin embargo, sus expectativas son recibir estudiantes europeos y asi\u00e1ticos en los pr\u00f3ximos a\u00f1os para lo cual ProChile Ays\u00e9n puede ser un excelente socio estrat\u00e9gico\u201d.\u00a0<u><\/u><u><\/u><\/p>\n<p style=\"text-align: justify;\">A\u00f1adi\u00f3 que la misi\u00f3n de Nols \u00abes ser la fuente educativa l\u00edder en t\u00e9cnicas de vida al aire libre y liderazgo que sirva a la gente y proteja al medio ambiente\u00bb para lo cual tiene programas desde dos semanas hasta un a\u00f1o acad\u00e9mico que se centran en la vida al aire libre en lugares como lo es Ays\u00e9n Patagonia. Trabajan fuertemente en Am\u00e9rica del Norte, especialmente en Estados Unidos, pero les gustar\u00eda colocar sus programas en Europa. Algunos de los cursos que posee son Curso de Educador al Aire Libre y Curso de Maestro no deje Rastro.<\/p>\n<\/div><\/section><\/div><div  style='height:50px' class='hr hr-invisible   avia-builder-el-6  el_after_av_one_full  el_before_av_social_share '><span class='hr-inner ' ><span class='hr-inner-style'><\/span><\/span><\/div><\/p>\n<div  class='av-social-sharing-box  avia-builder-el-7  el_after_av_hr  el_before_av_hr  '><div class='av-share-box'><h5 class='av-share-link-description av-no-toc '>Compartir esta noticia<\/h5><ul class='av-share-box-list noLightbox'><li class='av-share-link av-social-link-facebook' ><a target=\"_blank\" aria-label=\"Compartir en Facebook\" href='https:\/\/www.facebook.com\/sharer.php?u=https:\/\/radiorevelacionfm.cl\/?p=4287&#038;t=ProChile%20Ays%C3%A9n%20apoyar%C3%A1%20internacionalizaci%C3%B3n%20de%20servicios%20educacionales%20vinculados%20al%20sector%20turismo' aria-hidden='false' data-av_icon='\ue8f3' data-av_iconfont='entypo-fontello' title='' data-avia-related-tooltip='Compartir en Facebook' rel=\"noopener\"><span class='avia_hidden_link_text'>Compartir en Facebook<\/span><\/a><\/li><li class='av-share-link av-social-link-twitter' ><a target=\"_blank\" aria-label=\"Compartir en Twitter\" href='https:\/\/twitter.com\/share?text=ProChile%20Ays%C3%A9n%20apoyar%C3%A1%20internacionalizaci%C3%B3n%20de%20servicios%20educacionales%20vinculados%20al%20sector%20turismo&#038;url=https:\/\/radiorevelacionfm.cl\/?p=4287' aria-hidden='false' data-av_icon='\ue8f1' data-av_iconfont='entypo-fontello' title='' data-avia-related-tooltip='Compartir en Twitter' rel=\"noopener\"><span class='avia_hidden_link_text'>Compartir en Twitter<\/span><\/a><\/li><li class='av-share-link av-social-link-whatsapp' ><a target=\"_blank\" aria-label=\"Compartir en Whatsapp\" href='https:\/\/api.whatsapp.com\/send?text=https:\/\/radiorevelacionfm.cl\/?p=4287' aria-hidden='false' data-av_icon='\uf232' data-av_iconfont='entypo-fontello' title='' data-avia-related-tooltip='Compartir en Whatsapp' rel=\"noopener\"><span class='avia_hidden_link_text'>Compartir en Whatsapp<\/span><\/a><\/li><li class='av-share-link av-social-link-linkedin' ><a target=\"_blank\" aria-label=\"Compartir en LinkedIn\" href='https:\/\/linkedin.com\/shareArticle?mini=true&#038;title=ProChile%20Ays%C3%A9n%20apoyar%C3%A1%20internacionalizaci%C3%B3n%20de%20servicios%20educacionales%20vinculados%20al%20sector%20turismo&#038;url=https:\/\/radiorevelacionfm.cl\/?p=4287' aria-hidden='false' data-av_icon='\ue8fc' data-av_iconfont='entypo-fontello' title='' data-avia-related-tooltip='Compartir en LinkedIn' rel=\"noopener\"><span class='avia_hidden_link_text'>Compartir en LinkedIn<\/span><\/a><\/li><li class='av-share-link av-social-link-mail' ><a  aria-label=\"Compartir por correo\" href='mailto:?subject=ProChile%20Ays%C3%A9n%20apoyar%C3%A1%20internacionalizaci%C3%B3n%20de%20servicios%20educacionales%20vinculados%20al%20sector%20turismo&#038;body=https:\/\/radiorevelacionfm.cl\/?p=4287' aria-hidden='false' data-av_icon='\ue805' data-av_iconfont='entypo-fontello' title='' data-avia-related-tooltip='Compartir por correo'><span class='avia_hidden_link_text'>Compartir por correo<\/span><\/a><\/li><\/ul><\/div><\/div>\n<div  style='height:50px' class='hr hr-invisible   avia-builder-el-8  el_after_av_social_share  el_before_av_comments_list '><span class='hr-inner ' ><span class='hr-inner-style'><\/span><\/span><\/div>\n<div  class='av-buildercomment  av-blog-meta-html-info-disabled av-blog-meta-tag-disabled  '><\/div>\n","protected":false},"excerpt":{"rendered":"","protected":false},"author":1,"featured_media":0,"comment_status":"open","ping_status":"open","sticky":false,"template":"","format":"standard","meta":{"footnotes":""},"categories":[54],"tags":[],"class_list":["post-4287","post","type-post","status-publish","format-standard","hentry","category-turismo"],"jetpack_featured_media_url":"","_links":{"self":[{"href":"https:\/\/radiorevelacionfm.cl\/index.php?rest_route=\/wp\/v2\/posts\/4287","targetHints":{"allow":["GET"]}}],"collection":[{"href":"https:\/\/radiorevelacionfm.cl\/index.php?rest_route=\/wp\/v2\/posts"}],"about":[{"href":"https:\/\/radiorevelacionfm.cl\/index.php?rest_route=\/wp\/v2\/types\/post"}],"author":[{"embeddable":true,"href":"https:\/\/radiorevelacionfm.cl\/index.php?rest_route=\/wp\/v2\/users\/1"}],"replies":[{"embeddable":true,"href":"https:\/\/radiorevelacionfm.cl\/index.php?rest_route=%2Fwp%2Fv2%2Fcomments&post=4287"}],"version-history":[{"count":1,"href":"https:\/\/radiorevelacionfm.cl\/index.php?rest_route=\/wp\/v2\/posts\/4287\/revisions"}],"predecessor-version":[{"id":4289,"href":"https:\/\/radiorevelacionfm.cl\/index.php?rest_route=\/wp\/v2\/posts\/4287\/revisions\/4289"}],"wp:attachment":[{"href":"https:\/\/radiorevelacionfm.cl\/index.php?rest_route=%2Fwp%2Fv2%2Fmedia&parent=4287"}],"wp:term":[{"taxonomy":"category","embeddable":true,"href":"https:\/\/radiorevelacionfm.cl\/index.php?rest_route=%2Fwp%2Fv2%2Fcategories&post=4287"},{"taxonomy":"post_tag","embeddable":true,"href":"https:\/\/radiorevelacionfm.cl\/index.php?rest_route=%2Fwp%2Fv2%2Ftags&post=4287"}],"curies":[{"name":"wp","href":"https:\/\/api.w.org\/{rel}","templated":true}]}}