{"id":42868,"date":"2024-06-04T19:19:46","date_gmt":"2024-06-04T22:19:46","guid":{"rendered":"https:\/\/radiorevelacionfm.cl\/?p=42868"},"modified":"2024-06-04T19:19:46","modified_gmt":"2024-06-04T22:19:46","slug":"carabineros-ubico-vehiculo-asociado-a-secuestro-en-coyhaique-y-detuvo-a-conductor","status":"publish","type":"post","link":"https:\/\/radiorevelacionfm.cl\/?p=42868","title":{"rendered":"Carabineros ubic\u00f3 veh\u00edculo asociado a secuestro en Coyhaique y detuvo a conductor"},"content":{"rendered":"<div class=\"flex_column av_one_full  flex_column_div av-zero-column-padding first  avia-builder-el-0  el_before_av_one_full  avia-builder-el-first  \" style='border-radius:0px; '><div  class='avia-image-container  av-styling-    avia-builder-el-1  avia-builder-el-no-sibling  avia-align-center '  itemprop=\"image\" itemscope=\"itemscope\" itemtype=\"https:\/\/schema.org\/ImageObject\"  ><div class='avia-image-container-inner'><div class='avia-image-overlay-wrap'><img decoding=\"async\" class='wp-image-42869 avia-img-lazy-loading-not-42869 avia_image' src=\"https:\/\/radiorevelacionfm.cl\/wp-content\/uploads\/2024\/06\/090a78f9-aa86-4418-ae76-b7c3b1d0ee69-1_optimized.jpg\" alt='' title='090a78f9-aa86-4418-ae76-b7c3b1d0ee69-(1)_optimized' height=\"600\" width=\"800\"  itemprop=\"thumbnailUrl\" srcset=\"https:\/\/radiorevelacionfm.cl\/wp-content\/uploads\/2024\/06\/090a78f9-aa86-4418-ae76-b7c3b1d0ee69-1_optimized.jpg 800w, https:\/\/radiorevelacionfm.cl\/wp-content\/uploads\/2024\/06\/090a78f9-aa86-4418-ae76-b7c3b1d0ee69-1_optimized-300x225.jpg 300w, https:\/\/radiorevelacionfm.cl\/wp-content\/uploads\/2024\/06\/090a78f9-aa86-4418-ae76-b7c3b1d0ee69-1_optimized-768x576.jpg 768w, https:\/\/radiorevelacionfm.cl\/wp-content\/uploads\/2024\/06\/090a78f9-aa86-4418-ae76-b7c3b1d0ee69-1_optimized-705x529.jpg 705w, https:\/\/radiorevelacionfm.cl\/wp-content\/uploads\/2024\/06\/090a78f9-aa86-4418-ae76-b7c3b1d0ee69-1_optimized-450x338.jpg 450w, https:\/\/radiorevelacionfm.cl\/wp-content\/uploads\/2024\/06\/090a78f9-aa86-4418-ae76-b7c3b1d0ee69-1_optimized-600x450.jpg 600w\" sizes=\"(max-width: 800px) 100vw, 800px\" \/><\/div><\/div><\/div><\/div><div class=\"flex_column av_one_full  flex_column_div av-zero-column-padding first  avia-builder-el-2  el_after_av_one_full  el_before_av_one_full  column-top-margin\" style='border-radius:0px; '><section class=\"av_textblock_section \"  itemscope=\"itemscope\" itemtype=\"https:\/\/schema.org\/BlogPosting\" itemprop=\"blogPost\" ><div class='avia_textblock  '   itemprop=\"text\" ><p style=\"text-align: center;\"><span style=\"font-size: 18pt;\"><b><span lang=\"ES-MX\">Carabineros ubic\u00f3 veh\u00edculo asociado a secuestro en Coyhaique y detuvo a conductor<\/span><\/b><\/span><\/p>\n<div id=\"gtx-trans\" style=\"position: absolute; left: -50px; top: 4.31534px;\">\n<div class=\"gtx-trans-icon\"><\/div>\n<\/div>\n<\/div><\/section><\/div><div class=\"flex_column av_one_full  flex_column_div av-zero-column-padding first  avia-builder-el-4  el_after_av_one_full  el_before_av_hr  column-top-margin\" style='border-radius:0px; '><section class=\"av_textblock_section \"  itemscope=\"itemscope\" itemtype=\"https:\/\/schema.org\/BlogPosting\" itemprop=\"blogPost\" ><div class='avia_textblock  '   itemprop=\"text\" ><p class=\"v1MsoNormal\" style=\"text-align: justify;\"><em><span lang=\"ES-MX\">La Instituci\u00f3n en un trabajo desarrollado en coordinaci\u00f3n con la Fiscal\u00eda, conform\u00f3 un equipo multidisciplinario integrado por diversos servicios especializados, efectuando un plan candado y cerrando la ciudad, efectuando patrullajes en puntos estrat\u00e9gicos, lo cual permiti\u00f3 ubicar el veh\u00edculo asociado a este delito, siendo incautado y derivado a peritajes por parte de Labocar, en tanto que el conductor fue m\u00e1s tarde detenido y puesto a disposici\u00f3n de la Fiscal\u00eda por su presunta participaci\u00f3n en este hecho.<\/span><\/em><\/p>\n<p class=\"v1MsoNormal\" style=\"text-align: justify;\"><span lang=\"ES-MX\">Una denuncia oportuna al nivel de emergencias 133 sobre la ocurrencia de un delito de secuestro registrado la tarde del lunes en la ciudad de Coyhaique, motiv\u00f3 un amplio despliegue como parte de una intensa y compleja investigaci\u00f3n por parte de Carabineros de Coyhaique en Coordinaci\u00f3n con la Fiscal\u00eda, siendo conformado un equipo multidisciplinario con la finalidad de esclarecer este delito.<\/span><\/p>\n<p class=\"v1MsoNormal\" style=\"text-align: justify;\"><span lang=\"ES-MX\">Seg\u00fan indic\u00f3 el Comisario de Carabineros de esta ciudad, Mayor Gerardo Gonz\u00e1lez L\u00f3pez, el hecho se registr\u00f3 alrededor de las 16:00 horas en la v\u00eda p\u00fablica en el sector alto de la capital regional, luego que dos sujetos -aparentemente- premunidos de armas de fuego y a rostro semicubierto interceptan e intimidan a la v\u00edctima, la cual instantes m\u00e1s tarde fue subida a un veh\u00edculo y trasladada a un lugar desconocido, situaci\u00f3n que qued\u00f3 registrada por c\u00e1maras de seguridad, cuyas im\u00e1genes se encuentran en poder de la Fiscal\u00eda que dirige investigaci\u00f3n por este hecho.<\/span><\/p>\n<p class=\"v1MsoNormal\" style=\"text-align: justify;\"><span lang=\"ES-MX\">\u00abLlega un tercer sujeto en un veh\u00edculo, r\u00e1pidamente (&#8230;) toman a esta persona por la fuerza y se dan a la fuga en direcci\u00f3n desconocida\u00bb, indic\u00f3 el Mayor Gonz\u00e1lez.<\/span><\/p>\n<p class=\"v1MsoNormal\" style=\"text-align: justify;\"><span lang=\"ES-MX\">\u00abEl secuestro es un delito grave. Este a\u00f1o es el primer delito (de este tipo) que afecta a la regi\u00f3n como tal, y por lo mismo desplegamos todos nuestros medios\u00bb, a\u00f1adi\u00f3.<\/span><\/p>\n<p class=\"v1MsoNormal\" style=\"text-align: justify;\"><b><span lang=\"ES-MX\">Amplio despliegue<\/span><\/b><\/p>\n<p class=\"v1MsoNormal\" style=\"text-align: justify;\"><span lang=\"ES-MX\">Tras lo anterior, el Mayor Gonz\u00e1lez se\u00f1al\u00f3 que Carabineros despleg\u00f3 un equipo multidisciplinario integrado por personal especializado del Laboratorio de Criminal\u00edstica institucional (Labocar), OS-7, el Grupo de Operaciones Policiales Especiales (GOPE), la Secci\u00f3n Investigadora de Accidentes del Tr\u00e1nsito (SIAT), la 1ra Comisar\u00eda, la 5ta Comisar\u00eda de Control del Orden P\u00fablico, entre otros.<\/span><\/p>\n<p class=\"v1MsoNormal\" style=\"text-align: justify;\"><span lang=\"ES-MX\">\u00abNos reunimos y trabajamos toda la noche, hicimos un plan candado y con cerca de 80 carabineros -cerramos la ciudad- en la noche efectuamos patrullajes en puntos estrat\u00e9gicos y recorrimos las calles de nuestra comuna. Eso trajo como resultado que cerca de las 02:00 a 03:00 de esta madrugada logramos detectar transitando al veh\u00edculo (que particip\u00f3 en el delito de secuestro) que estaba siendo buscado, el cual era conducido por una persona chilena mayor de edad\u00bb, detall\u00f3 el Comisario de Carabineros de Coyhaique.<\/span><\/p>\n<p class=\"v1MsoNormal\" style=\"text-align: justify;\"><span lang=\"ES-MX\">Ante esto, el conductor fue trasladado a la Unidad para un control de identidad investigativo, siendo m\u00e1s tarde detenido por su presunta participaci\u00f3n en este hecho, antecedentes que fueron puestos en conocimiento de la Fiscal\u00eda, procedimiento que posteriormente por instrucci\u00f3n del Ministerio P\u00fablico fue derivado a la Polic\u00eda de Investigaciones.<\/span><\/p>\n<p style=\"text-align: justify;\"><span lang=\"ES-MX\">El veh\u00edculo en cuesti\u00f3n fue incautado y trasladado a la Unidad policial, lugar en que Carabineros -a trav\u00e9s de Labocar- se aboc\u00f3 al desarrollo de peritajes orientados a identificar indicios de inter\u00e9s criminal\u00edstico, con la finalidad de ser sometidos a an\u00e1lisis de laboratorio y obtener elementos \u00fatiles para la investigaci\u00f3n que desarrollan equipos especializados para dar con el paradero de la v\u00edctima y lograr la detenci\u00f3n de las otras dos personas asociadas a este delito, cuyos motivos son materia de investigaci\u00f3n.<\/span><\/p>\n<\/div><\/section><\/div><div  style='height:50px' class='hr hr-invisible   avia-builder-el-6  el_after_av_one_full  el_before_av_social_share '><span class='hr-inner ' ><span class='hr-inner-style'><\/span><\/span><\/div><\/p>\n<div  class='av-social-sharing-box  avia-builder-el-7  el_after_av_hr  el_before_av_hr  '><div class='av-share-box'><h5 class='av-share-link-description av-no-toc '>Compartir esta noticia<\/h5><ul class='av-share-box-list noLightbox'><li class='av-share-link av-social-link-facebook' ><a target=\"_blank\" aria-label=\"Compartir en Facebook\" href='https:\/\/www.facebook.com\/sharer.php?u=https:\/\/radiorevelacionfm.cl\/?p=42868&#038;t=Carabineros%20ubic%C3%B3%20veh%C3%ADculo%20asociado%20a%20secuestro%20en%20Coyhaique%20y%20detuvo%20a%20conductor' aria-hidden='false' data-av_icon='\ue8f3' data-av_iconfont='entypo-fontello' title='' data-avia-related-tooltip='Compartir en Facebook' rel=\"noopener\"><span class='avia_hidden_link_text'>Compartir en Facebook<\/span><\/a><\/li><li class='av-share-link av-social-link-twitter' ><a target=\"_blank\" aria-label=\"Compartir en Twitter\" href='https:\/\/twitter.com\/share?text=Carabineros%20ubic%C3%B3%20veh%C3%ADculo%20asociado%20a%20secuestro%20en%20Coyhaique%20y%20detuvo%20a%20conductor&#038;url=https:\/\/radiorevelacionfm.cl\/?p=42868' aria-hidden='false' data-av_icon='\ue8f1' data-av_iconfont='entypo-fontello' title='' data-avia-related-tooltip='Compartir en Twitter' rel=\"noopener\"><span class='avia_hidden_link_text'>Compartir en Twitter<\/span><\/a><\/li><li class='av-share-link av-social-link-whatsapp' ><a target=\"_blank\" aria-label=\"Compartir en Whatsapp\" href='https:\/\/api.whatsapp.com\/send?text=https:\/\/radiorevelacionfm.cl\/?p=42868' aria-hidden='false' data-av_icon='\uf232' data-av_iconfont='entypo-fontello' title='' data-avia-related-tooltip='Compartir en Whatsapp' rel=\"noopener\"><span class='avia_hidden_link_text'>Compartir en Whatsapp<\/span><\/a><\/li><li class='av-share-link av-social-link-linkedin' ><a target=\"_blank\" aria-label=\"Compartir en LinkedIn\" href='https:\/\/linkedin.com\/shareArticle?mini=true&#038;title=Carabineros%20ubic%C3%B3%20veh%C3%ADculo%20asociado%20a%20secuestro%20en%20Coyhaique%20y%20detuvo%20a%20conductor&#038;url=https:\/\/radiorevelacionfm.cl\/?p=42868' aria-hidden='false' data-av_icon='\ue8fc' data-av_iconfont='entypo-fontello' title='' data-avia-related-tooltip='Compartir en LinkedIn' rel=\"noopener\"><span class='avia_hidden_link_text'>Compartir en LinkedIn<\/span><\/a><\/li><li class='av-share-link av-social-link-mail' ><a  aria-label=\"Compartir por correo\" href='mailto:?subject=Carabineros%20ubic%C3%B3%20veh%C3%ADculo%20asociado%20a%20secuestro%20en%20Coyhaique%20y%20detuvo%20a%20conductor&#038;body=https:\/\/radiorevelacionfm.cl\/?p=42868' aria-hidden='false' data-av_icon='\ue805' data-av_iconfont='entypo-fontello' title='' data-avia-related-tooltip='Compartir por correo'><span class='avia_hidden_link_text'>Compartir por correo<\/span><\/a><\/li><\/ul><\/div><\/div>\n<div  style='height:50px' class='hr hr-invisible   avia-builder-el-8  el_after_av_social_share  el_before_av_comments_list '><span class='hr-inner ' ><span class='hr-inner-style'><\/span><\/span><\/div>\n<div  class='av-buildercomment  av-blog-meta-html-info-disabled av-blog-meta-tag-disabled  '><\/div>\n","protected":false},"excerpt":{"rendered":"","protected":false},"author":1,"featured_media":42869,"comment_status":"open","ping_status":"open","sticky":false,"template":"","format":"standard","meta":{"footnotes":""},"categories":[36],"tags":[],"class_list":["post-42868","post","type-post","status-publish","format-standard","has-post-thumbnail","hentry","category-policial"],"jetpack_featured_media_url":"https:\/\/radiorevelacionfm.cl\/wp-content\/uploads\/2024\/06\/090a78f9-aa86-4418-ae76-b7c3b1d0ee69-1_optimized.jpg","_links":{"self":[{"href":"https:\/\/radiorevelacionfm.cl\/index.php?rest_route=\/wp\/v2\/posts\/42868","targetHints":{"allow":["GET"]}}],"collection":[{"href":"https:\/\/radiorevelacionfm.cl\/index.php?rest_route=\/wp\/v2\/posts"}],"about":[{"href":"https:\/\/radiorevelacionfm.cl\/index.php?rest_route=\/wp\/v2\/types\/post"}],"author":[{"embeddable":true,"href":"https:\/\/radiorevelacionfm.cl\/index.php?rest_route=\/wp\/v2\/users\/1"}],"replies":[{"embeddable":true,"href":"https:\/\/radiorevelacionfm.cl\/index.php?rest_route=%2Fwp%2Fv2%2Fcomments&post=42868"}],"version-history":[{"count":1,"href":"https:\/\/radiorevelacionfm.cl\/index.php?rest_route=\/wp\/v2\/posts\/42868\/revisions"}],"predecessor-version":[{"id":42870,"href":"https:\/\/radiorevelacionfm.cl\/index.php?rest_route=\/wp\/v2\/posts\/42868\/revisions\/42870"}],"wp:featuredmedia":[{"embeddable":true,"href":"https:\/\/radiorevelacionfm.cl\/index.php?rest_route=\/wp\/v2\/media\/42869"}],"wp:attachment":[{"href":"https:\/\/radiorevelacionfm.cl\/index.php?rest_route=%2Fwp%2Fv2%2Fmedia&parent=42868"}],"wp:term":[{"taxonomy":"category","embeddable":true,"href":"https:\/\/radiorevelacionfm.cl\/index.php?rest_route=%2Fwp%2Fv2%2Fcategories&post=42868"},{"taxonomy":"post_tag","embeddable":true,"href":"https:\/\/radiorevelacionfm.cl\/index.php?rest_route=%2Fwp%2Fv2%2Ftags&post=42868"}],"curies":[{"name":"wp","href":"https:\/\/api.w.org\/{rel}","templated":true}]}}