{"id":42861,"date":"2024-06-04T17:36:57","date_gmt":"2024-06-04T20:36:57","guid":{"rendered":"https:\/\/radiorevelacionfm.cl\/?p=42861"},"modified":"2024-06-04T17:36:57","modified_gmt":"2024-06-04T20:36:57","slug":"corte-de-coyhaique-ordena-a-municipio-reparar-socavon-y-elaborar-plan-de-reduccion-de-desastres","status":"publish","type":"post","link":"https:\/\/radiorevelacionfm.cl\/?p=42861","title":{"rendered":"Corte de Coyhaique ordena a municipio reparar socav\u00f3n y elaborar plan de reducci\u00f3n de desastres"},"content":{"rendered":"<div class=\"flex_column av_one_full  flex_column_div av-zero-column-padding first  avia-builder-el-0  el_before_av_one_full  avia-builder-el-first  \" style='border-radius:0px; '><div  class='avia-image-container  av-styling-    avia-builder-el-1  avia-builder-el-no-sibling  avia-align-center '  itemprop=\"image\" itemscope=\"itemscope\" itemtype=\"https:\/\/schema.org\/ImageObject\"  ><div class='avia-image-container-inner'><div class='avia-image-overlay-wrap'><img decoding=\"async\" class='wp-image-42862 avia-img-lazy-loading-not-42862 avia_image' src=\"https:\/\/radiorevelacionfm.cl\/wp-content\/uploads\/2024\/06\/Socavon-Coyhaique-P1-1.jpg\" alt='' title='Socavon Coyhaique-P(1) (1)' height=\"600\" width=\"1002\"  itemprop=\"thumbnailUrl\" srcset=\"https:\/\/radiorevelacionfm.cl\/wp-content\/uploads\/2024\/06\/Socavon-Coyhaique-P1-1.jpg 1002w, https:\/\/radiorevelacionfm.cl\/wp-content\/uploads\/2024\/06\/Socavon-Coyhaique-P1-1-300x180.jpg 300w, https:\/\/radiorevelacionfm.cl\/wp-content\/uploads\/2024\/06\/Socavon-Coyhaique-P1-1-768x460.jpg 768w, https:\/\/radiorevelacionfm.cl\/wp-content\/uploads\/2024\/06\/Socavon-Coyhaique-P1-1-705x422.jpg 705w, https:\/\/radiorevelacionfm.cl\/wp-content\/uploads\/2024\/06\/Socavon-Coyhaique-P1-1-450x269.jpg 450w, https:\/\/radiorevelacionfm.cl\/wp-content\/uploads\/2024\/06\/Socavon-Coyhaique-P1-1-600x359.jpg 600w\" sizes=\"(max-width: 1002px) 100vw, 1002px\" \/><\/div><\/div><\/div><\/div><div class=\"flex_column av_one_full  flex_column_div av-zero-column-padding first  avia-builder-el-2  el_after_av_one_full  el_before_av_one_full  column-top-margin\" style='border-radius:0px; '><section class=\"av_textblock_section \"  itemscope=\"itemscope\" itemtype=\"https:\/\/schema.org\/BlogPosting\" itemprop=\"blogPost\" ><div class='avia_textblock  '   itemprop=\"text\" ><p style=\"text-align: center;\"><strong><span style=\"font-size: 18pt;\">Corte de Coyhaique ordena a municipio reparar socav\u00f3n y elaborar plan de reducci\u00f3n de desastres<\/span><\/strong><\/p>\n<div id=\"gtx-trans\" style=\"position: absolute; left: -50px; top: 4.31534px;\">\n<div class=\"gtx-trans-icon\"><\/div>\n<\/div>\n<\/div><\/section><\/div><div class=\"flex_column av_one_full  flex_column_div av-zero-column-padding first  avia-builder-el-4  el_after_av_one_full  el_before_av_hr  column-top-margin\" style='border-radius:0px; '><section class=\"av_textblock_section \"  itemscope=\"itemscope\" itemtype=\"https:\/\/schema.org\/BlogPosting\" itemprop=\"blogPost\" ><div class='avia_textblock  '   itemprop=\"text\" ><p class=\"v1MsoNormal\" style=\"text-align: justify;\">La Corte de Apelaciones de Coyhaique acogi\u00f3 el recurso de protecci\u00f3n deducido por junta de vecinos y le orden\u00f3 a la municipalidad local adoptar las medidas necesarias para mitigar socav\u00f3n, continuar con las labores de limpieza, mantenimiento y conservaci\u00f3n de los colectores de aguas lluvias de la calle Alfonso Serrano, poblaci\u00f3n General Marchant, y generar a la brevedad planes para la reducci\u00f3n del riesgo de desastres y enfrentar emergencias en la comuna, conforme a la ley.<\/p>\n<p class=\"v1MsoNormal\" style=\"text-align: justify;\">En fallo un\u00e1nime (causa rol 38-2024), la Primera Sala del tribunal de alzada \u2013integrada por los ministros Luis Aedo Mora, Pedro Castro Espinoza, Jos\u00e9 Ignacio Mora Trujillo y Natalia Rencoret Oliva\u2013 acogi\u00f3 la acci\u00f3n cautelar presentada por vecinos del sector amagado, ante la omisi\u00f3n parcial o, al menos, arbitraria en la Municipalidad de Coyhaique.<\/p>\n<p class=\"v1MsoNormal\" style=\"text-align: justify;\">\u00ab(&#8230;)\u00a0sobre la base de lo explicitado y del an\u00e1lisis de los elementos de convicci\u00f3n que han nutrido este proceso, esta Corte de Apelaciones ha arribado a la inferencia asociada a que efectivamente existe una situaci\u00f3n de hecho que ha afectado a los vecinos de la Poblaci\u00f3n Marchant, que dice relaci\u00f3n con la aparici\u00f3n de un socav\u00f3n, que data desde el 29 de julio del a\u00f1o 2023, y conjuntamente, se han hecho presentes por parte de los pobladores serias y fundadas dudas respecto del funcionamiento de los colectores de aguas lluvias del sector, las que han ido siendo progresivamente despejadas por las autoridades en las reuniones celebradas con fechas 5 y 6 de agosto del a\u00f1o precedente, por la Direcci\u00f3n de Obras Hidr\u00e1ulicas y el Delegado Presidencial, sin perjuicio de haberse comprometido la Municipalidad de Coyhaique a efectuar la limpieza de fosas s\u00e9pticas, encargar el estudio del terreno y colocar se\u00f1al\u00e9tica respecto del tonelaje permitido en la zona\u00bb, sostiene el fallo.<\/p>\n<p class=\"v1MsoNormal\" style=\"text-align: justify;\">La resoluci\u00f3n agrega que: \u00ab(&#8230;)\u00a0en consecuencia, tanto del texto de las disposiciones legales precedentemente rese\u00f1adas, como del m\u00e9rito de las recomendaciones y conclusiones arribadas por SERNAGEOMIN y por la DOH (Direcci\u00f3n de Obras Hidr\u00e1ulicas), se desprende la existencia de la obligaci\u00f3n de gestionar de la recurrida, Municipalidad de Coyhaique, no solo con su capacidad, sino tambi\u00e9n con la colaboraci\u00f3n de otros \u00f3rganos del Estado, la situaci\u00f3n de emergencia que ha afectado a los vecinos de la Poblaci\u00f3n Marchant desde hace al menos el 29 de julio del a\u00f1o 2023, pues el fen\u00f3meno producido en el terreno y que ha sido denunciado, si bien ha sido parcialmente abordado por las autoridades fruto de los requerimientos planteados en el marco de las reuniones sostenidas con los pobladores afectados, representa un riesgo que es necesario continuar mitigando (&#8230;)\u00bb.<\/p>\n<p class=\"v1MsoNormal\" style=\"text-align: justify;\">\u00a0\u00ab(&#8230;) en consecuencia, lo reflexionado redunda en la consideraci\u00f3n de encontrarnos en presencia de una omisi\u00f3n parcial, al menos arbitraria, por parte de la Municipalidad de Coyhaique, que trae aparejada la afectaci\u00f3n potencial para la integridad f\u00edsica de los recurrentes al nivel de una amenaza de ver conculcada dicha garant\u00eda, por lo que cabe acoger esta acci\u00f3n constitucional del modo como se indicar\u00e1 en lo resolutivo, debiendo ordenar la disposici\u00f3n de todas aquellas providencias necesarias tendientes a restablecer el imperio del derecho y asegurar la debida protecci\u00f3n de los afectados, sin poder extenderse esta magistratura, en todo caso, a aspectos que se visualizan como propios de la ejecuci\u00f3n de pol\u00edticas p\u00fablicas, lo que corresponde a la esfera de potestades de los \u00f3rganos de la Administraci\u00f3n\u00bb, concluye.<\/p>\n<p class=\"v1MsoNormal\" style=\"text-align: justify;\">Por tanto, se resuelve:<\/p>\n<p class=\"v1MsoNormal\" style=\"text-align: justify;\">\u00abI.- Que,\u00a0<b>SE ACOGE<\/b>, la excepci\u00f3n de falta de legitimaci\u00f3n pasiva planteada por la recurrida, Delegaci\u00f3n Presidencial Regional de Ays\u00e9n, por lo que, en consecuencia,\u00a0<b>SE RECHAZA<\/b>, sin costas, el recurso de protecci\u00f3n deducido en lo principal de la presentaci\u00f3n de fecha 20 de marzo de 2024, por do\u00f1a Luz Elena Bastidas Portales, en representaci\u00f3n legal de la organizaci\u00f3n social Junta de Vecinos General Marchant, de la ciudad de Coyhaique, en contra de don Rodrigo Araya Morales, en su calidad de Delegado Presidencial de la Regi\u00f3n de Ays\u00e9n.<\/p>\n<p class=\"v1MsoNormal\" style=\"text-align: justify;\">II.- Que\u00a0<b>SE ACOGE<\/b>, sin costas, el recurso de protecci\u00f3n deducido en lo principal de la presentaci\u00f3n de fecha 20 de marzo de 2024, por Luz Elena Bastidas Portales, en representaci\u00f3n legal de la organizaci\u00f3n social Junta de Vecinos General Marchant, de la ciudad de Coyhaique, en contra de Carlos Gatica Villegas, en su calidad de Alcalde de la Ilustre Municipalidad de Coyhaique, s\u00f3lo en cuanto se ordena a la recurrida efectuar o, en su caso, continuar con las labores de limpieza, mantenimiento y conservaci\u00f3n de los colectores de aguas lluvias ubicados en calle Alfonso Serrano, inst\u00e1ndose a la adopci\u00f3n de toda otra medida que tenga por objeto mitigar los efectos del fen\u00f3meno de socav\u00f3n presente en el lugar y gestionar a la brevedad el riesgo de desastres en el territorio de la comuna, incluida la pronta generaci\u00f3n de un Plan Comunal para la Reducci\u00f3n del Riesgo de Desastres y Plan Comunal de Emergencia, conforme a la ley\u00bb.<\/p>\n<\/div><\/section><\/div><div  style='height:50px' class='hr hr-invisible   avia-builder-el-6  el_after_av_one_full  el_before_av_social_share '><span class='hr-inner ' ><span class='hr-inner-style'><\/span><\/span><\/div><\/p>\n<div  class='av-social-sharing-box  avia-builder-el-7  el_after_av_hr  el_before_av_hr  '><div class='av-share-box'><h5 class='av-share-link-description av-no-toc '>Compartir esta noticia<\/h5><ul class='av-share-box-list noLightbox'><li class='av-share-link av-social-link-facebook' ><a target=\"_blank\" aria-label=\"Compartir en Facebook\" href='https:\/\/www.facebook.com\/sharer.php?u=https:\/\/radiorevelacionfm.cl\/?p=42861&#038;t=Corte%20de%20Coyhaique%20ordena%20a%20municipio%20reparar%20socav%C3%B3n%20y%20elaborar%20plan%20de%20reducci%C3%B3n%20de%20desastres' aria-hidden='false' data-av_icon='\ue8f3' data-av_iconfont='entypo-fontello' title='' data-avia-related-tooltip='Compartir en Facebook' rel=\"noopener\"><span class='avia_hidden_link_text'>Compartir en Facebook<\/span><\/a><\/li><li class='av-share-link av-social-link-twitter' ><a target=\"_blank\" aria-label=\"Compartir en Twitter\" href='https:\/\/twitter.com\/share?text=Corte%20de%20Coyhaique%20ordena%20a%20municipio%20reparar%20socav%C3%B3n%20y%20elaborar%20plan%20de%20reducci%C3%B3n%20de%20desastres&#038;url=https:\/\/radiorevelacionfm.cl\/?p=42861' aria-hidden='false' data-av_icon='\ue8f1' data-av_iconfont='entypo-fontello' title='' data-avia-related-tooltip='Compartir en Twitter' rel=\"noopener\"><span class='avia_hidden_link_text'>Compartir en Twitter<\/span><\/a><\/li><li class='av-share-link av-social-link-whatsapp' ><a target=\"_blank\" aria-label=\"Compartir en Whatsapp\" href='https:\/\/api.whatsapp.com\/send?text=https:\/\/radiorevelacionfm.cl\/?p=42861' aria-hidden='false' data-av_icon='\uf232' data-av_iconfont='entypo-fontello' title='' data-avia-related-tooltip='Compartir en Whatsapp' rel=\"noopener\"><span class='avia_hidden_link_text'>Compartir en Whatsapp<\/span><\/a><\/li><li class='av-share-link av-social-link-linkedin' ><a target=\"_blank\" aria-label=\"Compartir en LinkedIn\" href='https:\/\/linkedin.com\/shareArticle?mini=true&#038;title=Corte%20de%20Coyhaique%20ordena%20a%20municipio%20reparar%20socav%C3%B3n%20y%20elaborar%20plan%20de%20reducci%C3%B3n%20de%20desastres&#038;url=https:\/\/radiorevelacionfm.cl\/?p=42861' aria-hidden='false' data-av_icon='\ue8fc' data-av_iconfont='entypo-fontello' title='' data-avia-related-tooltip='Compartir en LinkedIn' rel=\"noopener\"><span class='avia_hidden_link_text'>Compartir en LinkedIn<\/span><\/a><\/li><li class='av-share-link av-social-link-mail' ><a  aria-label=\"Compartir por correo\" href='mailto:?subject=Corte%20de%20Coyhaique%20ordena%20a%20municipio%20reparar%20socav%C3%B3n%20y%20elaborar%20plan%20de%20reducci%C3%B3n%20de%20desastres&#038;body=https:\/\/radiorevelacionfm.cl\/?p=42861' aria-hidden='false' data-av_icon='\ue805' data-av_iconfont='entypo-fontello' title='' data-avia-related-tooltip='Compartir por correo'><span class='avia_hidden_link_text'>Compartir por correo<\/span><\/a><\/li><\/ul><\/div><\/div>\n<div  style='height:50px' class='hr hr-invisible   avia-builder-el-8  el_after_av_social_share  el_before_av_comments_list '><span class='hr-inner ' ><span class='hr-inner-style'><\/span><\/span><\/div>\n<div  class='av-buildercomment  av-blog-meta-html-info-disabled av-blog-meta-tag-disabled  '><\/div>\n","protected":false},"excerpt":{"rendered":"","protected":false},"author":1,"featured_media":42862,"comment_status":"open","ping_status":"open","sticky":false,"template":"","format":"standard","meta":{"footnotes":""},"categories":[38],"tags":[],"class_list":["post-42861","post","type-post","status-publish","format-standard","has-post-thumbnail","hentry","category-regional"],"jetpack_featured_media_url":"https:\/\/radiorevelacionfm.cl\/wp-content\/uploads\/2024\/06\/Socavon-Coyhaique-P1-1.jpg","_links":{"self":[{"href":"https:\/\/radiorevelacionfm.cl\/index.php?rest_route=\/wp\/v2\/posts\/42861","targetHints":{"allow":["GET"]}}],"collection":[{"href":"https:\/\/radiorevelacionfm.cl\/index.php?rest_route=\/wp\/v2\/posts"}],"about":[{"href":"https:\/\/radiorevelacionfm.cl\/index.php?rest_route=\/wp\/v2\/types\/post"}],"author":[{"embeddable":true,"href":"https:\/\/radiorevelacionfm.cl\/index.php?rest_route=\/wp\/v2\/users\/1"}],"replies":[{"embeddable":true,"href":"https:\/\/radiorevelacionfm.cl\/index.php?rest_route=%2Fwp%2Fv2%2Fcomments&post=42861"}],"version-history":[{"count":1,"href":"https:\/\/radiorevelacionfm.cl\/index.php?rest_route=\/wp\/v2\/posts\/42861\/revisions"}],"predecessor-version":[{"id":42863,"href":"https:\/\/radiorevelacionfm.cl\/index.php?rest_route=\/wp\/v2\/posts\/42861\/revisions\/42863"}],"wp:featuredmedia":[{"embeddable":true,"href":"https:\/\/radiorevelacionfm.cl\/index.php?rest_route=\/wp\/v2\/media\/42862"}],"wp:attachment":[{"href":"https:\/\/radiorevelacionfm.cl\/index.php?rest_route=%2Fwp%2Fv2%2Fmedia&parent=42861"}],"wp:term":[{"taxonomy":"category","embeddable":true,"href":"https:\/\/radiorevelacionfm.cl\/index.php?rest_route=%2Fwp%2Fv2%2Fcategories&post=42861"},{"taxonomy":"post_tag","embeddable":true,"href":"https:\/\/radiorevelacionfm.cl\/index.php?rest_route=%2Fwp%2Fv2%2Ftags&post=42861"}],"curies":[{"name":"wp","href":"https:\/\/api.w.org\/{rel}","templated":true}]}}