{"id":42850,"date":"2024-06-04T16:24:21","date_gmt":"2024-06-04T19:24:21","guid":{"rendered":"https:\/\/radiorevelacionfm.cl\/?p=42850"},"modified":"2024-06-04T16:24:21","modified_gmt":"2024-06-04T19:24:21","slug":"core-aprueba-cofinanciar-programas-del-ministerio-de-agricultura-para-sag-e-indap","status":"publish","type":"post","link":"https:\/\/radiorevelacionfm.cl\/?p=42850","title":{"rendered":"CORE aprueba cofinanciar programas del Ministerio de Agricultura para SAG e INDAP"},"content":{"rendered":"<div class=\"flex_column av_one_full  flex_column_div av-zero-column-padding first  avia-builder-el-0  el_before_av_one_full  avia-builder-el-first  \" style='border-radius:0px; '><div  class='avia-image-container  av-styling-    avia-builder-el-1  avia-builder-el-no-sibling  avia-align-center '  itemprop=\"image\" itemscope=\"itemscope\" itemtype=\"https:\/\/schema.org\/ImageObject\"  ><div class='avia-image-container-inner'><div class='avia-image-overlay-wrap'><img decoding=\"async\" class='wp-image-9604 avia-img-lazy-loading-not-9604 avia_image' src=\"https:\/\/radiorevelacionfm.cl\/wp-content\/uploads\/2021\/10\/vacas-1-1.jpg\" alt='' title='vacas (1) (1)' height=\"600\" width=\"1070\"  itemprop=\"thumbnailUrl\" srcset=\"https:\/\/radiorevelacionfm.cl\/wp-content\/uploads\/2021\/10\/vacas-1-1.jpg 1070w, https:\/\/radiorevelacionfm.cl\/wp-content\/uploads\/2021\/10\/vacas-1-1-300x168.jpg 300w, https:\/\/radiorevelacionfm.cl\/wp-content\/uploads\/2021\/10\/vacas-1-1-1030x578.jpg 1030w, https:\/\/radiorevelacionfm.cl\/wp-content\/uploads\/2021\/10\/vacas-1-1-768x431.jpg 768w, https:\/\/radiorevelacionfm.cl\/wp-content\/uploads\/2021\/10\/vacas-1-1-705x395.jpg 705w, https:\/\/radiorevelacionfm.cl\/wp-content\/uploads\/2021\/10\/vacas-1-1-600x336.jpg 600w\" sizes=\"(max-width: 1070px) 100vw, 1070px\" \/><\/div><\/div><\/div><\/div><div class=\"flex_column av_one_full  flex_column_div av-zero-column-padding first  avia-builder-el-2  el_after_av_one_full  el_before_av_one_full  column-top-margin\" style='border-radius:0px; '><section class=\"av_textblock_section \"  itemscope=\"itemscope\" itemtype=\"https:\/\/schema.org\/BlogPosting\" itemprop=\"blogPost\" ><div class='avia_textblock  '   itemprop=\"text\" ><p style=\"text-align: center;\"><strong><span style=\"font-size: 18pt;\">CORE aprueba cofinanciar programas del Ministerio de Agricultura para SAG e INDAP<\/span><\/strong><\/p>\n<div id=\"gtx-trans\" style=\"position: absolute; left: -50px; top: 4.31534px;\">\n<div class=\"gtx-trans-icon\"><\/div>\n<\/div>\n<\/div><\/section><\/div><\/p>\n<div class=\"flex_column av_one_full  flex_column_div av-zero-column-padding first  avia-builder-el-4  el_after_av_one_full  el_before_av_hr  column-top-margin\" style='border-radius:0px; '><section class=\"av_textblock_section \"  itemscope=\"itemscope\" itemtype=\"https:\/\/schema.org\/BlogPosting\" itemprop=\"blogPost\" ><div class='avia_textblock  '   itemprop=\"text\" ><p style=\"text-align: justify;\">El pleno del Consejo Regional de Ays\u00e9n aprob\u00f3 este viernes 31 de mayo, por mayor\u00eda absoluta, el cofinanciamiento con el Ministerio de Agricultura para desarrollar los programas de transferencia para el mejoramiento sanitario reproductivo bovino en Ays\u00e9n, control integrado de la hidatidosis, y conectividad f\u00edsica para la agricultura familiar campesina, a trav\u00e9s del Servicio Agr\u00edcola Ganadero (SAG) y el Instituto de Desarrollo Agropecuario (INDAP) respectivamente.<\/p>\n<p style=\"text-align: justify;\">La instancia cont\u00f3 con la participaci\u00f3n del seremi de Agricultura, Eugenio Ruiz; el director regional del SAG, Julio Cerda, y su par de INDAP, Yessica Lagos, quienes refirieron a las caracter\u00edsticas y beneficios que generan las iniciativas para la sanidad bovina y la agricultura familiar campesina.<\/p>\n<p style=\"text-align: justify;\">Junto con agradecer la disposici\u00f3n del Gobierno Regional y su consejo, el seremi de Agricultura, Eugenio Ruiz, detall\u00f3 que \u00abesto representa el compromiso y trabajo colaborativo a nivel regional en beneficio de la agricultura en nuestra Patagonia. Adem\u00e1s, nos permitir\u00e1 que 420 personas del mundo campesino puedan acceder al mejoramiento de sus caminos intraprediales, fortalecer el patrimonio ganadero a trav\u00e9s de su control sanitario y mejorar la productividad ganadera de peque\u00f1os y medianos productores de la regi\u00f3n, pues es a ellos a quien les llegar\u00e1 este beneficio en un per\u00edodo de 36 meses\u00bb.<\/p>\n<p style=\"text-align: justify;\">De esta manera, para los dos programas de SAG de acuerdo con el mejoramiento sanitario reproductivo bovino y el control integrado de la hidatidosis ovina, que obtuvieron un financiamiento FNDR de M $789.981 y M $ 911.800, ser\u00e1n un total de 12 mil y 16 mil cabezas para su inspecci\u00f3n, respectivamente. Por otro lado, con el programa de INDAP, que obtuvo el financiamiento FNDR por M $3.904.700, se lograr\u00e1 beneficiar a un total de 420 agricultoras y agricultores que habitan en las 10 comunas de la regi\u00f3n.<\/p>\n<p style=\"text-align: justify;\">Por su parte, la gobernadora regional de Ays\u00e9n, Andrea Mac\u00edas, enfatiz\u00f3 en \u00abagradecer a todos los consejeros y consejeras regionales que votaron de manera un\u00e1nime por apoyar al sector del Agro. En ese sentido, logramos avanzar en la tercera versi\u00f3n del programa de caminos intraprediales, para volver m\u00e1s productivos los campos. Hay una mirada de la administraci\u00f3n del Gobierno Regional, como ejecutivo, de fortalecer al sector (&#8230;) Cuando uno habla de pertinencia, tiene que ver con atender aquellas situaciones que son propias de nuestro territorio, y en ese sentido, el control de la hidatidosis es fundamental\u00bb.<\/p>\n<p style=\"text-align: justify;\">En este sentido, el presidente de la comisi\u00f3n de Fomento Productivo, Omar Mu\u00f1oz, sostuvo que \u00abtenemos muy buenas noticias para los peque\u00f1os productores ganaderos de la regi\u00f3n de Ays\u00e9n, aquellos que son usuarios de INDAP y del SAG, porque hoy aprobamos tres importantes programas de fomento productivo que van en beneficio de peque\u00f1os productores campesinos (&#8230;) Contribuyen no solamente a mejorar el tema sanitario, sino que tambi\u00e9n a mejorar la productividad y la competitividad\u00bb.<\/p>\n<p style=\"text-align: justify;\">Cabe se\u00f1alar que los tres programas del Ministerio de Agricultura, desarrollados a trav\u00e9s de SAG e INDAP, comenzar\u00e1n su ejecuci\u00f3n en el segundo semestre de este a\u00f1o.<\/p>\n<\/div><\/section><\/div>\n<div  style='height:50px' class='hr hr-invisible   avia-builder-el-6  el_after_av_one_full  el_before_av_social_share '><span class='hr-inner ' ><span class='hr-inner-style'><\/span><\/span><\/div>\n<div  class='av-social-sharing-box  avia-builder-el-7  el_after_av_hr  el_before_av_hr  '><div class='av-share-box'><h5 class='av-share-link-description av-no-toc '>Compartir esta noticia<\/h5><ul class='av-share-box-list noLightbox'><li class='av-share-link av-social-link-facebook' ><a target=\"_blank\" aria-label=\"Compartir en Facebook\" href='https:\/\/www.facebook.com\/sharer.php?u=https:\/\/radiorevelacionfm.cl\/?p=42850&#038;t=CORE%20aprueba%20cofinanciar%20programas%20del%20Ministerio%20de%20Agricultura%20para%20SAG%20e%20INDAP' aria-hidden='false' data-av_icon='\ue8f3' data-av_iconfont='entypo-fontello' title='' data-avia-related-tooltip='Compartir en Facebook' rel=\"noopener\"><span class='avia_hidden_link_text'>Compartir en Facebook<\/span><\/a><\/li><li class='av-share-link av-social-link-twitter' ><a target=\"_blank\" aria-label=\"Compartir en Twitter\" href='https:\/\/twitter.com\/share?text=CORE%20aprueba%20cofinanciar%20programas%20del%20Ministerio%20de%20Agricultura%20para%20SAG%20e%20INDAP&#038;url=https:\/\/radiorevelacionfm.cl\/?p=42850' aria-hidden='false' data-av_icon='\ue8f1' data-av_iconfont='entypo-fontello' title='' data-avia-related-tooltip='Compartir en Twitter' rel=\"noopener\"><span class='avia_hidden_link_text'>Compartir en Twitter<\/span><\/a><\/li><li class='av-share-link av-social-link-whatsapp' ><a target=\"_blank\" aria-label=\"Compartir en Whatsapp\" href='https:\/\/api.whatsapp.com\/send?text=https:\/\/radiorevelacionfm.cl\/?p=42850' aria-hidden='false' data-av_icon='\uf232' data-av_iconfont='entypo-fontello' title='' data-avia-related-tooltip='Compartir en Whatsapp' rel=\"noopener\"><span class='avia_hidden_link_text'>Compartir en Whatsapp<\/span><\/a><\/li><li class='av-share-link av-social-link-linkedin' ><a target=\"_blank\" aria-label=\"Compartir en LinkedIn\" href='https:\/\/linkedin.com\/shareArticle?mini=true&#038;title=CORE%20aprueba%20cofinanciar%20programas%20del%20Ministerio%20de%20Agricultura%20para%20SAG%20e%20INDAP&#038;url=https:\/\/radiorevelacionfm.cl\/?p=42850' aria-hidden='false' data-av_icon='\ue8fc' data-av_iconfont='entypo-fontello' title='' data-avia-related-tooltip='Compartir en LinkedIn' rel=\"noopener\"><span class='avia_hidden_link_text'>Compartir en LinkedIn<\/span><\/a><\/li><li class='av-share-link av-social-link-mail' ><a  aria-label=\"Compartir por correo\" href='mailto:?subject=CORE%20aprueba%20cofinanciar%20programas%20del%20Ministerio%20de%20Agricultura%20para%20SAG%20e%20INDAP&#038;body=https:\/\/radiorevelacionfm.cl\/?p=42850' aria-hidden='false' data-av_icon='\ue805' data-av_iconfont='entypo-fontello' title='' data-avia-related-tooltip='Compartir por correo'><span class='avia_hidden_link_text'>Compartir por correo<\/span><\/a><\/li><\/ul><\/div><\/div>\n<div  style='height:50px' class='hr hr-invisible   avia-builder-el-8  el_after_av_social_share  el_before_av_comments_list '><span class='hr-inner ' ><span class='hr-inner-style'><\/span><\/span><\/div>\n<div  class='av-buildercomment  av-blog-meta-html-info-disabled av-blog-meta-tag-disabled  '><\/div>\n","protected":false},"excerpt":{"rendered":"","protected":false},"author":1,"featured_media":9604,"comment_status":"open","ping_status":"open","sticky":false,"template":"","format":"standard","meta":{"footnotes":""},"categories":[58],"tags":[],"class_list":["post-42850","post","type-post","status-publish","format-standard","has-post-thumbnail","hentry","category-agricultura"],"jetpack_featured_media_url":"https:\/\/radiorevelacionfm.cl\/wp-content\/uploads\/2021\/10\/vacas-1-1.jpg","_links":{"self":[{"href":"https:\/\/radiorevelacionfm.cl\/index.php?rest_route=\/wp\/v2\/posts\/42850","targetHints":{"allow":["GET"]}}],"collection":[{"href":"https:\/\/radiorevelacionfm.cl\/index.php?rest_route=\/wp\/v2\/posts"}],"about":[{"href":"https:\/\/radiorevelacionfm.cl\/index.php?rest_route=\/wp\/v2\/types\/post"}],"author":[{"embeddable":true,"href":"https:\/\/radiorevelacionfm.cl\/index.php?rest_route=\/wp\/v2\/users\/1"}],"replies":[{"embeddable":true,"href":"https:\/\/radiorevelacionfm.cl\/index.php?rest_route=%2Fwp%2Fv2%2Fcomments&post=42850"}],"version-history":[{"count":2,"href":"https:\/\/radiorevelacionfm.cl\/index.php?rest_route=\/wp\/v2\/posts\/42850\/revisions"}],"predecessor-version":[{"id":42857,"href":"https:\/\/radiorevelacionfm.cl\/index.php?rest_route=\/wp\/v2\/posts\/42850\/revisions\/42857"}],"wp:featuredmedia":[{"embeddable":true,"href":"https:\/\/radiorevelacionfm.cl\/index.php?rest_route=\/wp\/v2\/media\/9604"}],"wp:attachment":[{"href":"https:\/\/radiorevelacionfm.cl\/index.php?rest_route=%2Fwp%2Fv2%2Fmedia&parent=42850"}],"wp:term":[{"taxonomy":"category","embeddable":true,"href":"https:\/\/radiorevelacionfm.cl\/index.php?rest_route=%2Fwp%2Fv2%2Fcategories&post=42850"},{"taxonomy":"post_tag","embeddable":true,"href":"https:\/\/radiorevelacionfm.cl\/index.php?rest_route=%2Fwp%2Fv2%2Ftags&post=42850"}],"curies":[{"name":"wp","href":"https:\/\/api.w.org\/{rel}","templated":true}]}}