{"id":42844,"date":"2024-06-04T13:42:54","date_gmt":"2024-06-04T16:42:54","guid":{"rendered":"https:\/\/radiorevelacionfm.cl\/?p=42844"},"modified":"2024-06-04T13:42:54","modified_gmt":"2024-06-04T16:42:54","slug":"en-votacion-unanime-aprueban-inversion-para-construir-nuevo-cuartel-de-la-1-compania-de-bomberos-de-coyhaique","status":"publish","type":"post","link":"https:\/\/radiorevelacionfm.cl\/?p=42844","title":{"rendered":"En votaci\u00f3n un\u00e1nime aprueban inversi\u00f3n para construir nuevo cuartel de la 1\u00b0 Compa\u00f1\u00eda de Bomberos de Coyhaique"},"content":{"rendered":"<div class=\"flex_column av_one_full  flex_column_div av-zero-column-padding first  avia-builder-el-0  el_before_av_one_full  avia-builder-el-first  \" style='border-radius:0px; '><div  class='avia-image-container  av-styling-    avia-builder-el-1  avia-builder-el-no-sibling  avia-align-center '  itemprop=\"image\" itemscope=\"itemscope\" itemtype=\"https:\/\/schema.org\/ImageObject\"  ><div class='avia-image-container-inner'><div class='avia-image-overlay-wrap'><img decoding=\"async\" class='wp-image-42845 avia-img-lazy-loading-not-42845 avia_image' src=\"https:\/\/radiorevelacionfm.cl\/wp-content\/uploads\/2024\/06\/Bomberos-Coyhaique1-1-1.jpg\" alt='' title='Bomberos Coyhaique1 (1) (1)' height=\"600\" width=\"1067\"  itemprop=\"thumbnailUrl\" srcset=\"https:\/\/radiorevelacionfm.cl\/wp-content\/uploads\/2024\/06\/Bomberos-Coyhaique1-1-1.jpg 1067w, https:\/\/radiorevelacionfm.cl\/wp-content\/uploads\/2024\/06\/Bomberos-Coyhaique1-1-1-300x169.jpg 300w, https:\/\/radiorevelacionfm.cl\/wp-content\/uploads\/2024\/06\/Bomberos-Coyhaique1-1-1-1030x579.jpg 1030w, https:\/\/radiorevelacionfm.cl\/wp-content\/uploads\/2024\/06\/Bomberos-Coyhaique1-1-1-768x432.jpg 768w, https:\/\/radiorevelacionfm.cl\/wp-content\/uploads\/2024\/06\/Bomberos-Coyhaique1-1-1-705x396.jpg 705w, https:\/\/radiorevelacionfm.cl\/wp-content\/uploads\/2024\/06\/Bomberos-Coyhaique1-1-1-450x253.jpg 450w, https:\/\/radiorevelacionfm.cl\/wp-content\/uploads\/2024\/06\/Bomberos-Coyhaique1-1-1-600x337.jpg 600w\" sizes=\"(max-width: 1067px) 100vw, 1067px\" \/><\/div><\/div><\/div><\/div><div class=\"flex_column av_one_full  flex_column_div av-zero-column-padding first  avia-builder-el-2  el_after_av_one_full  el_before_av_one_full  column-top-margin\" style='border-radius:0px; '><section class=\"av_textblock_section \"  itemscope=\"itemscope\" itemtype=\"https:\/\/schema.org\/BlogPosting\" itemprop=\"blogPost\" ><div class='avia_textblock  '   itemprop=\"text\" ><p style=\"text-align: center;\"><strong><span style=\"font-size: 18pt;\">En votaci\u00f3n un\u00e1nime aprueban inversi\u00f3n para construir nuevo cuartel de la 1\u00b0 Compa\u00f1\u00eda de Bomberos de Coyhaique<\/span><\/strong><\/p>\n<div id=\"gtx-trans\" style=\"position: absolute; left: -50px; top: 4.31534px;\">\n<div class=\"gtx-trans-icon\"><\/div>\n<\/div>\n<\/div><\/section><\/div><div class=\"flex_column av_one_full  flex_column_div av-zero-column-padding first  avia-builder-el-4  el_after_av_one_full  el_before_av_hr  column-top-margin\" style='border-radius:0px; '><section class=\"av_textblock_section \"  itemscope=\"itemscope\" itemtype=\"https:\/\/schema.org\/BlogPosting\" itemprop=\"blogPost\" ><div class='avia_textblock  '   itemprop=\"text\" ><p style=\"text-align: justify;\">El Secretario Regional Ministerial de Obras P\u00fablicas, Patricio Sanhueza Ulloa junto a la Gobernadora Regional Andrea Mac\u00edas Palma y la Directora Regional de Arquitectura del Ministerio de Obras P\u00fablicas Paola Az\u00f3car Betancur, destacaron la votaci\u00f3n un\u00e1nime del Consejo Regional de Ays\u00e9n que \u00a0aprob\u00f3 una inversi\u00f3n de 4 mil millones de pesos para construir el nuevo Cuartel de la 1\u00b0 Compa\u00f1\u00eda de Bomberos de Coyhaique.<\/p>\n<p style=\"text-align: justify;\">El proyecto que fue presentado en el Consejo Regional de Ays\u00e9n por la Direcci\u00f3n Regional de Arquitectura del MOP, actualmente cuenta con recomendaci\u00f3n favorable del Ministerio de Desarrollo Social y Familia y la votaci\u00f3n un\u00e1nime del Consejo Regional de Ays\u00e9n para su construcci\u00f3n. As\u00ed lo refrend\u00f3 el SEREMI del MOP Patricio Sanhueza Ulloa, quien se\u00f1al\u00f3: \u201cAqu\u00ed hemos concurrido como gobierno central. Nuestro Delegado Presidencial Regional Rodrigo Araya Morales nos ha pedido a todos los Servicios coordinaci\u00f3n y celeridad para dar respuesta a esta urgencia que se ha vivido -siempre ha sido importante, siempre ha sido urgente- pero los procesos han sido acelerados debido a los lamentables hechos del reciente siniestro. Estamos satisfechos y muy contentos con este nuevo desaf\u00edo que tiene que realizar la Direcci\u00f3n de Arquitectura que ha tenido un rol protag\u00f3nico en este logro. Ahora, tenemos que firmar Convenio Mandato con el Gobierno Regional para seguir avanzando en esta iniciativa y posteriormente, llamar a licitaci\u00f3n estas obras, as\u00ed que son importantes desaf\u00edos los que vienen\u201d.<\/p>\n<p style=\"text-align: justify;\">El proyecto considera la reposici\u00f3n de la edificaci\u00f3n en el actual terreno, con un nuevo dise\u00f1o que distribuye en tres niveles el programa arquitect\u00f3nico requerido, el que fue definido seg\u00fan el Manual de Construcci\u00f3n de Cuarteles de la Junta Nacional de Bomberos, y considera oficinas, servicios higi\u00e9nicos, bodegas, casilleros, sala de maquinas, sala de uso m\u00faltiple, sala de guardia nocturna, sala de estudio, departamento de cuartelero, sala de instalaciones el\u00e9ctricas y grupo electr\u00f3geno, entre otros. Adem\u00e1s, de un programa anexo que contiene el casino (comedor p\u00fablico), cocina, servicios higi\u00e9nicos y bodegas. La superficie total a construir es de 896,9 m2, su materialidad esta dise\u00f1ada en hormig\u00f3n armado y acero, y una vez adjudicado el contrato la empresa constructora tendr\u00e1 un plazo de ejecuci\u00f3n de las obras de 540 d\u00edas.<\/p>\n<p style=\"text-align: justify;\">Este importante logro fue destacado por la Gobernadora Regional Andrea Mac\u00edas Palma, quien indic\u00f3: \u201cUna iniciativa\u00a0 muy esperada durante muchos a\u00f1os, una iniciativa que ha sido arduo trabajo de distintas Instituciones. Destacar la colaboraci\u00f3n del Ministerio de Obras P\u00fablicas como Unidad T\u00e9cnica a trav\u00e9s de la Direcci\u00f3n de Arquitectura, el trabajo permanente de Bomberos y Bomberas de la regi\u00f3n de Ays\u00e9n, quienes han sabido llevar adelante esta iniciativa de manera muy responsable, y por sobre todo ante los tristes hechos sucedidos para nosotros era una prioridad poder avanzar de una manera m\u00e1s r\u00e1pida. Quiero reconocer que se lograron destrabar algunos temas que imped\u00edan la obtenci\u00f3n del RS, y hoy d\u00eda estamos muy contentos tras esta aprobaci\u00f3n un\u00e1nime por parte del Consejo Regional de Ays\u00e9n. Esto fue propuesto por el ejecutivo tal como lo compromet\u00ed el a\u00f1o 2021 en la misma 1\u00b0 Compa\u00f1\u00eda de Bomberos en donde dijimos vamos a avanzar con este proyecto y durante esta administraci\u00f3n este proyecto va a ver la luz. As\u00ed que cumpliendo con la palabra empe\u00f1ada, agradecer la votaci\u00f3n del Consejo Regional, pero por sobre todo feliz y orgullosa de que en la regi\u00f3n de Ays\u00e9n estemos mejorando las condiciones de seguridad y de habitabilidad, porque esto es parte de un Plan mucho m\u00e1s integral. Todos sabemos que estamos adportas de comenzar a recibir el material mayor que ha adquirido el Gobierno Regional para sus Bomberos y Bomberas, ya recibimos el material menor, y vamos tambi\u00e9n a seguir trabajando, porque el desaf\u00edo es si tenemos m\u00e1s equipo y equipamiento tambi\u00e9n eso nos desaf\u00eda a tener m\u00e1s y mejor infraestructura, as\u00ed que nuestro compromiso irrestricto con aquellos que nos cuidan y nos salvan vidas y bienes\u201d.<\/p>\n<p style=\"text-align: justify;\">Para Jorge Vidal Pacheco, Superintendente del Cuerpo de Bomberos estas obras son trascendentales. \u201cPara nosotros que hoy en d\u00eda el Gobierno Regional nos haya aprobado esta inversi\u00f3n es un logro muy grande. Llevamos a\u00f1os trabajando junto con Arquitectura, as\u00ed que de todo lo malo que nos ha pasado, yo creo que esto es una de las buenas noticias que hemos tenido, as\u00ed que este logro va para nuestro segundo Comandante que en paz descanse que tambi\u00e9n era primerino. Estamos muy contentos y esperamos que sigamos siendo apoyados por todos los Consejeros y por nuestra Gobernadora tambi\u00e9n, darle las gracias. Estamos muy contentos, la felicidad en su m\u00e1xima expresi\u00f3n, as\u00ed que muchas gracias a los Consejeros y a nuestra Gobernadora\u201d.<\/p>\n<p style=\"text-align: justify;\">En tanto, la Directora Regional de Arquitectura del MOP, Paola Az\u00f3car Betancur se\u00f1al\u00f3 estar satisfechos con este proceso. \u201cCulminamos una de las etapas importantes, que es tener el financiamiento para la etapa de ejecuci\u00f3n de este proyecto. Es un proyecto que se elabor\u00f3 en una Consultor\u00eda el a\u00f1o 2022 y hoy d\u00eda damos continuidad a una inversi\u00f3n p\u00fablica que es relevante para nuestra comuna y que viene a hermosear parte del sector centro de Coyhaique. La Primera Compa\u00f1\u00eda del Cuerpo de Bomberos de Coyhaique funciona en la calle General Parra y las nuevas obras se van a instalar en el mismo lugar. Este dise\u00f1o tambi\u00e9n contiene enfoque de g\u00e9nero por lo tanto, el gobierno a trav\u00e9s de nuestro Ministerio ha impulsado que estos dise\u00f1os se trabajen de esta forma, de manera participativa, con la inclusi\u00f3n de sus usuarios finales que es la 1\u00b0 Compa\u00f1\u00eda de Bomberos, as\u00ed que tambi\u00e9n felicitarlos a ellos por el trabajo que han realizado mancomunadamente con nosotros, lo que nos tiene muy contentos. Estas obras tienen como fin entregarles mayor confort a los voluntarios y las voluntarias de Bomberos, con recintos de calidad y con eficiencia energ\u00e9tica, Agradecer al Gobierno Regional de Ays\u00e9n y su Consejo quienes posibilitan que estas iniciativas se lleven a cabo con mayor celeridad\u201d.<\/p>\n<\/div><\/section><\/div><div  style='height:50px' class='hr hr-invisible   avia-builder-el-6  el_after_av_one_full  el_before_av_social_share '><span class='hr-inner ' ><span class='hr-inner-style'><\/span><\/span><\/div><\/p>\n<div  class='av-social-sharing-box  avia-builder-el-7  el_after_av_hr  el_before_av_hr  '><div class='av-share-box'><h5 class='av-share-link-description av-no-toc '>Compartir esta noticia<\/h5><ul class='av-share-box-list noLightbox'><li class='av-share-link av-social-link-facebook' ><a target=\"_blank\" aria-label=\"Compartir en Facebook\" href='https:\/\/www.facebook.com\/sharer.php?u=https:\/\/radiorevelacionfm.cl\/?p=42844&#038;t=En%20votaci%C3%B3n%20un%C3%A1nime%20aprueban%20inversi%C3%B3n%20para%20construir%20nuevo%20cuartel%20de%20la%201%C2%B0%20Compa%C3%B1%C3%ADa%20de%20Bomberos%20de%20Coyhaique' aria-hidden='false' data-av_icon='\ue8f3' data-av_iconfont='entypo-fontello' title='' data-avia-related-tooltip='Compartir en Facebook' rel=\"noopener\"><span class='avia_hidden_link_text'>Compartir en Facebook<\/span><\/a><\/li><li class='av-share-link av-social-link-twitter' ><a target=\"_blank\" aria-label=\"Compartir en Twitter\" href='https:\/\/twitter.com\/share?text=En%20votaci%C3%B3n%20un%C3%A1nime%20aprueban%20inversi%C3%B3n%20para%20construir%20nuevo%20cuartel%20de%20la%201%C2%B0%20Compa%C3%B1%C3%ADa%20de%20Bomberos%20de%20Coyhaique&#038;url=https:\/\/radiorevelacionfm.cl\/?p=42844' aria-hidden='false' data-av_icon='\ue8f1' data-av_iconfont='entypo-fontello' title='' data-avia-related-tooltip='Compartir en Twitter' rel=\"noopener\"><span class='avia_hidden_link_text'>Compartir en Twitter<\/span><\/a><\/li><li class='av-share-link av-social-link-whatsapp' ><a target=\"_blank\" aria-label=\"Compartir en Whatsapp\" href='https:\/\/api.whatsapp.com\/send?text=https:\/\/radiorevelacionfm.cl\/?p=42844' aria-hidden='false' data-av_icon='\uf232' data-av_iconfont='entypo-fontello' title='' data-avia-related-tooltip='Compartir en Whatsapp' rel=\"noopener\"><span class='avia_hidden_link_text'>Compartir en Whatsapp<\/span><\/a><\/li><li class='av-share-link av-social-link-linkedin' ><a target=\"_blank\" aria-label=\"Compartir en LinkedIn\" href='https:\/\/linkedin.com\/shareArticle?mini=true&#038;title=En%20votaci%C3%B3n%20un%C3%A1nime%20aprueban%20inversi%C3%B3n%20para%20construir%20nuevo%20cuartel%20de%20la%201%C2%B0%20Compa%C3%B1%C3%ADa%20de%20Bomberos%20de%20Coyhaique&#038;url=https:\/\/radiorevelacionfm.cl\/?p=42844' aria-hidden='false' data-av_icon='\ue8fc' data-av_iconfont='entypo-fontello' title='' data-avia-related-tooltip='Compartir en LinkedIn' rel=\"noopener\"><span class='avia_hidden_link_text'>Compartir en LinkedIn<\/span><\/a><\/li><li class='av-share-link av-social-link-mail' ><a  aria-label=\"Compartir por correo\" href='mailto:?subject=En%20votaci%C3%B3n%20un%C3%A1nime%20aprueban%20inversi%C3%B3n%20para%20construir%20nuevo%20cuartel%20de%20la%201%C2%B0%20Compa%C3%B1%C3%ADa%20de%20Bomberos%20de%20Coyhaique&#038;body=https:\/\/radiorevelacionfm.cl\/?p=42844' aria-hidden='false' data-av_icon='\ue805' data-av_iconfont='entypo-fontello' title='' data-avia-related-tooltip='Compartir por correo'><span class='avia_hidden_link_text'>Compartir por correo<\/span><\/a><\/li><\/ul><\/div><\/div>\n<div  style='height:50px' class='hr hr-invisible   avia-builder-el-8  el_after_av_social_share  el_before_av_comments_list '><span class='hr-inner ' ><span class='hr-inner-style'><\/span><\/span><\/div>\n<div  class='av-buildercomment  av-blog-meta-html-info-disabled av-blog-meta-tag-disabled  '><\/div>\n","protected":false},"excerpt":{"rendered":"","protected":false},"author":1,"featured_media":42845,"comment_status":"open","ping_status":"open","sticky":false,"template":"","format":"standard","meta":{"footnotes":""},"categories":[38],"tags":[],"class_list":["post-42844","post","type-post","status-publish","format-standard","has-post-thumbnail","hentry","category-regional"],"jetpack_featured_media_url":"https:\/\/radiorevelacionfm.cl\/wp-content\/uploads\/2024\/06\/Bomberos-Coyhaique1-1-1.jpg","_links":{"self":[{"href":"https:\/\/radiorevelacionfm.cl\/index.php?rest_route=\/wp\/v2\/posts\/42844","targetHints":{"allow":["GET"]}}],"collection":[{"href":"https:\/\/radiorevelacionfm.cl\/index.php?rest_route=\/wp\/v2\/posts"}],"about":[{"href":"https:\/\/radiorevelacionfm.cl\/index.php?rest_route=\/wp\/v2\/types\/post"}],"author":[{"embeddable":true,"href":"https:\/\/radiorevelacionfm.cl\/index.php?rest_route=\/wp\/v2\/users\/1"}],"replies":[{"embeddable":true,"href":"https:\/\/radiorevelacionfm.cl\/index.php?rest_route=%2Fwp%2Fv2%2Fcomments&post=42844"}],"version-history":[{"count":1,"href":"https:\/\/radiorevelacionfm.cl\/index.php?rest_route=\/wp\/v2\/posts\/42844\/revisions"}],"predecessor-version":[{"id":42846,"href":"https:\/\/radiorevelacionfm.cl\/index.php?rest_route=\/wp\/v2\/posts\/42844\/revisions\/42846"}],"wp:featuredmedia":[{"embeddable":true,"href":"https:\/\/radiorevelacionfm.cl\/index.php?rest_route=\/wp\/v2\/media\/42845"}],"wp:attachment":[{"href":"https:\/\/radiorevelacionfm.cl\/index.php?rest_route=%2Fwp%2Fv2%2Fmedia&parent=42844"}],"wp:term":[{"taxonomy":"category","embeddable":true,"href":"https:\/\/radiorevelacionfm.cl\/index.php?rest_route=%2Fwp%2Fv2%2Fcategories&post=42844"},{"taxonomy":"post_tag","embeddable":true,"href":"https:\/\/radiorevelacionfm.cl\/index.php?rest_route=%2Fwp%2Fv2%2Ftags&post=42844"}],"curies":[{"name":"wp","href":"https:\/\/api.w.org\/{rel}","templated":true}]}}