{"id":42841,"date":"2024-06-04T11:36:54","date_gmt":"2024-06-04T14:36:54","guid":{"rendered":"https:\/\/radiorevelacionfm.cl\/?p=42841"},"modified":"2024-06-04T11:36:54","modified_gmt":"2024-06-04T14:36:54","slug":"trece-organizaciones-comunitarias-de-rio-ibanez-se-adjudican-proyectos-a-traves-del-fondo-8-fndr","status":"publish","type":"post","link":"https:\/\/radiorevelacionfm.cl\/?p=42841","title":{"rendered":"Trece organizaciones comunitarias de R\u00edo Ib\u00e1\u00f1ez se adjudican proyectos a trav\u00e9s del fondo 8% FNDR"},"content":{"rendered":"<div class=\"flex_column av_one_full  flex_column_div av-zero-column-padding first  avia-builder-el-0  el_before_av_one_full  avia-builder-el-first  \" style='border-radius:0px; '><div  class='avia-image-container  av-styling-    avia-builder-el-1  avia-builder-el-no-sibling  avia-align-center '  itemprop=\"image\" itemscope=\"itemscope\" itemtype=\"https:\/\/schema.org\/ImageObject\"  ><div class='avia-image-container-inner'><div class='avia-image-overlay-wrap'><img decoding=\"async\" class='wp-image-42842 avia-img-lazy-loading-not-42842 avia_image' src=\"https:\/\/radiorevelacionfm.cl\/wp-content\/uploads\/2024\/06\/organizacionesadultosmayores-1_optimized-1.jpg\" alt='' title='organizacionesadultosmayores-(1)_optimized (1)' height=\"600\" width=\"900\"  itemprop=\"thumbnailUrl\" srcset=\"https:\/\/radiorevelacionfm.cl\/wp-content\/uploads\/2024\/06\/organizacionesadultosmayores-1_optimized-1.jpg 900w, https:\/\/radiorevelacionfm.cl\/wp-content\/uploads\/2024\/06\/organizacionesadultosmayores-1_optimized-1-300x200.jpg 300w, https:\/\/radiorevelacionfm.cl\/wp-content\/uploads\/2024\/06\/organizacionesadultosmayores-1_optimized-1-768x512.jpg 768w, https:\/\/radiorevelacionfm.cl\/wp-content\/uploads\/2024\/06\/organizacionesadultosmayores-1_optimized-1-705x470.jpg 705w, https:\/\/radiorevelacionfm.cl\/wp-content\/uploads\/2024\/06\/organizacionesadultosmayores-1_optimized-1-450x300.jpg 450w, https:\/\/radiorevelacionfm.cl\/wp-content\/uploads\/2024\/06\/organizacionesadultosmayores-1_optimized-1-600x400.jpg 600w\" sizes=\"(max-width: 900px) 100vw, 900px\" \/><\/div><\/div><\/div><\/div><div class=\"flex_column av_one_full  flex_column_div av-zero-column-padding first  avia-builder-el-2  el_after_av_one_full  el_before_av_one_full  column-top-margin\" style='border-radius:0px; '><section class=\"av_textblock_section \"  itemscope=\"itemscope\" itemtype=\"https:\/\/schema.org\/BlogPosting\" itemprop=\"blogPost\" ><div class='avia_textblock  '   itemprop=\"text\" ><p style=\"text-align: center;\"><strong><span style=\"font-size: 18pt;\">Trece organizaciones comunitarias de R\u00edo Ib\u00e1\u00f1ez se adjudican proyectos a trav\u00e9s del fondo 8% FNDR<\/span><\/strong><\/p>\n<div id=\"gtx-trans\" style=\"position: absolute; left: -50px; top: 4.31534px;\">\n<div class=\"gtx-trans-icon\"><\/div>\n<\/div>\n<\/div><\/section><\/div><div class=\"flex_column av_one_full  flex_column_div av-zero-column-padding first  avia-builder-el-4  el_after_av_one_full  el_before_av_hr  column-top-margin\" style='border-radius:0px; '><section class=\"av_textblock_section \"  itemscope=\"itemscope\" itemtype=\"https:\/\/schema.org\/BlogPosting\" itemprop=\"blogPost\" ><div class='avia_textblock  '   itemprop=\"text\" ><p style=\"text-align: justify;\">Gracias al respaldo brindado por la I. Municipalidad de R\u00edo Ib\u00e1\u00f1ez, a trav\u00e9s de sus oficinas de Deportes, Fomento Productivo y Turismo, y Adulto Mayor y Personas con Discapacidad, 13 organizaciones comunitarias han obtenido recursos para desarrollar sus proyectos mediante el 8% del Fondo Nacional del Desarrollo Regional (FNDR). En total, se destinar\u00e1n m\u00e1s de 125 millones de pesos para llevar a cabo los distintos programas en la comuna.<\/p>\n<p style=\"text-align: justify;\">Durante el proceso completo, estas entidades sociales recibieron constante acompa\u00f1amiento por parte de funcionarios municipales, quienes les asistieron en el cumplimiento de una serie de requisitos, que van desde la formulaci\u00f3n de la iniciativa y la inscripci\u00f3n en formularios, hasta la presentaci\u00f3n de distintos documentos legales solicitados.<\/p>\n<p style=\"text-align: justify;\">\u201cMuy contento porque nuestras organizaciones fueron favorecidas con estos fondos del 8% del Gobierno Regional, lo que se transforma en la llegada de recursos para ejecutar diversas iniciativas en las cinco localidades de la comuna. Tambi\u00e9n, relevar el gran trabajo de nuestros equipos municipales, que han apoyado y acompa\u00f1ado para que esto se pueda concretar\u201d, se\u00f1al\u00f3 el Alcalde de la I. Municipalidad de R\u00edo Ib\u00e1\u00f1ez, Juan Saldivia Cea.<\/p>\n<p style=\"text-align: justify;\">Uberlinda Figueroa Quilodr\u00e1n, presidenta de la JJVV N\u00b02 de Levic\u00e1n, destac\u00f3 la importancia de recibir apoyo en estas instancias: \u201cEs muy valioso lo hecho por el municipio, porque nos permiten presentar el proyecto y despu\u00e9s rendirlo. Esto nos ayuda bastante a cubrir ciertos \u00edtems que una organizaci\u00f3n no est\u00e1 en condiciones de financiar. Y esto resulta beneficioso para la comunidad porque hay personas que vienen a vender sus productos\u201d, coment\u00f3 sobre la aprobaci\u00f3n de fondos para el Encuentro Gastron\u00f3mico con Productos Locales de Pen\u00ednsula Levic\u00e1n.<\/p>\n<p style=\"text-align: justify;\">Nubia Mu\u00f1oz Telles, presidenta del Club de Adultos Mayores La Amistad de Bah\u00eda Murta, expres\u00f3 su gratitud ante el positivo resultado: \u201cSomos muchos adultos mayores que necesitamos atenci\u00f3n de kinesi\u00f3logos. Estamos muy agradecidos por la ayuda prestada desde el municipio. Gracias a las muchachas que nos postularon y hoy hemos sido seleccionadas\u201d, refiri\u00e9ndose a la adjudicaci\u00f3n de recursos para el proyecto Atenci\u00f3n Kinesiol\u00f3gica a Domicilio para personas mayores de dicho pueblo.<\/p>\n<p style=\"text-align: justify;\">Adem\u00e1s, la I. Municipalidad de R\u00edo Ib\u00e1\u00f1ez, a trav\u00e9s de las mencionadas oficinas, logr\u00f3 obtener financiamiento para ejecutar tres proyectos propios, beneficiando a vecinos y vecinas de la comuna en \u00e1mbitos sociales, de salud, deportivos y de capacitaci\u00f3n para emprendedores.<\/p>\n<\/div><\/section><\/div><div  style='height:50px' class='hr hr-invisible   avia-builder-el-6  el_after_av_one_full  el_before_av_social_share '><span class='hr-inner ' ><span class='hr-inner-style'><\/span><\/span><\/div><\/p>\n<div  class='av-social-sharing-box  avia-builder-el-7  el_after_av_hr  el_before_av_hr  '><div class='av-share-box'><h5 class='av-share-link-description av-no-toc '>Compartir esta noticia<\/h5><ul class='av-share-box-list noLightbox'><li class='av-share-link av-social-link-facebook' ><a target=\"_blank\" aria-label=\"Compartir en Facebook\" href='https:\/\/www.facebook.com\/sharer.php?u=https:\/\/radiorevelacionfm.cl\/?p=42841&#038;t=Trece%20organizaciones%20comunitarias%20de%20R%C3%ADo%20Ib%C3%A1%C3%B1ez%20se%20adjudican%20proyectos%20a%20trav%C3%A9s%20del%20fondo%208%25%20FNDR' aria-hidden='false' data-av_icon='\ue8f3' data-av_iconfont='entypo-fontello' title='' data-avia-related-tooltip='Compartir en Facebook' rel=\"noopener\"><span class='avia_hidden_link_text'>Compartir en Facebook<\/span><\/a><\/li><li class='av-share-link av-social-link-twitter' ><a target=\"_blank\" aria-label=\"Compartir en Twitter\" href='https:\/\/twitter.com\/share?text=Trece%20organizaciones%20comunitarias%20de%20R%C3%ADo%20Ib%C3%A1%C3%B1ez%20se%20adjudican%20proyectos%20a%20trav%C3%A9s%20del%20fondo%208%25%20FNDR&#038;url=https:\/\/radiorevelacionfm.cl\/?p=42841' aria-hidden='false' data-av_icon='\ue8f1' data-av_iconfont='entypo-fontello' title='' data-avia-related-tooltip='Compartir en Twitter' rel=\"noopener\"><span class='avia_hidden_link_text'>Compartir en Twitter<\/span><\/a><\/li><li class='av-share-link av-social-link-whatsapp' ><a target=\"_blank\" aria-label=\"Compartir en Whatsapp\" href='https:\/\/api.whatsapp.com\/send?text=https:\/\/radiorevelacionfm.cl\/?p=42841' aria-hidden='false' data-av_icon='\uf232' data-av_iconfont='entypo-fontello' title='' data-avia-related-tooltip='Compartir en Whatsapp' rel=\"noopener\"><span class='avia_hidden_link_text'>Compartir en Whatsapp<\/span><\/a><\/li><li class='av-share-link av-social-link-linkedin' ><a target=\"_blank\" aria-label=\"Compartir en LinkedIn\" href='https:\/\/linkedin.com\/shareArticle?mini=true&#038;title=Trece%20organizaciones%20comunitarias%20de%20R%C3%ADo%20Ib%C3%A1%C3%B1ez%20se%20adjudican%20proyectos%20a%20trav%C3%A9s%20del%20fondo%208%25%20FNDR&#038;url=https:\/\/radiorevelacionfm.cl\/?p=42841' aria-hidden='false' data-av_icon='\ue8fc' data-av_iconfont='entypo-fontello' title='' data-avia-related-tooltip='Compartir en LinkedIn' rel=\"noopener\"><span class='avia_hidden_link_text'>Compartir en LinkedIn<\/span><\/a><\/li><li class='av-share-link av-social-link-mail' ><a  aria-label=\"Compartir por correo\" href='mailto:?subject=Trece%20organizaciones%20comunitarias%20de%20R%C3%ADo%20Ib%C3%A1%C3%B1ez%20se%20adjudican%20proyectos%20a%20trav%C3%A9s%20del%20fondo%208%25%20FNDR&#038;body=https:\/\/radiorevelacionfm.cl\/?p=42841' aria-hidden='false' data-av_icon='\ue805' data-av_iconfont='entypo-fontello' title='' data-avia-related-tooltip='Compartir por correo'><span class='avia_hidden_link_text'>Compartir por correo<\/span><\/a><\/li><\/ul><\/div><\/div>\n<div  style='height:50px' class='hr hr-invisible   avia-builder-el-8  el_after_av_social_share  el_before_av_comments_list '><span class='hr-inner ' ><span class='hr-inner-style'><\/span><\/span><\/div>\n<div  class='av-buildercomment  av-blog-meta-html-info-disabled av-blog-meta-tag-disabled  '><\/div>\n","protected":false},"excerpt":{"rendered":"","protected":false},"author":1,"featured_media":42842,"comment_status":"open","ping_status":"open","sticky":false,"template":"","format":"standard","meta":{"footnotes":""},"categories":[38],"tags":[],"class_list":["post-42841","post","type-post","status-publish","format-standard","has-post-thumbnail","hentry","category-regional"],"jetpack_featured_media_url":"https:\/\/radiorevelacionfm.cl\/wp-content\/uploads\/2024\/06\/organizacionesadultosmayores-1_optimized-1.jpg","_links":{"self":[{"href":"https:\/\/radiorevelacionfm.cl\/index.php?rest_route=\/wp\/v2\/posts\/42841","targetHints":{"allow":["GET"]}}],"collection":[{"href":"https:\/\/radiorevelacionfm.cl\/index.php?rest_route=\/wp\/v2\/posts"}],"about":[{"href":"https:\/\/radiorevelacionfm.cl\/index.php?rest_route=\/wp\/v2\/types\/post"}],"author":[{"embeddable":true,"href":"https:\/\/radiorevelacionfm.cl\/index.php?rest_route=\/wp\/v2\/users\/1"}],"replies":[{"embeddable":true,"href":"https:\/\/radiorevelacionfm.cl\/index.php?rest_route=%2Fwp%2Fv2%2Fcomments&post=42841"}],"version-history":[{"count":1,"href":"https:\/\/radiorevelacionfm.cl\/index.php?rest_route=\/wp\/v2\/posts\/42841\/revisions"}],"predecessor-version":[{"id":42843,"href":"https:\/\/radiorevelacionfm.cl\/index.php?rest_route=\/wp\/v2\/posts\/42841\/revisions\/42843"}],"wp:featuredmedia":[{"embeddable":true,"href":"https:\/\/radiorevelacionfm.cl\/index.php?rest_route=\/wp\/v2\/media\/42842"}],"wp:attachment":[{"href":"https:\/\/radiorevelacionfm.cl\/index.php?rest_route=%2Fwp%2Fv2%2Fmedia&parent=42841"}],"wp:term":[{"taxonomy":"category","embeddable":true,"href":"https:\/\/radiorevelacionfm.cl\/index.php?rest_route=%2Fwp%2Fv2%2Fcategories&post=42841"},{"taxonomy":"post_tag","embeddable":true,"href":"https:\/\/radiorevelacionfm.cl\/index.php?rest_route=%2Fwp%2Fv2%2Ftags&post=42841"}],"curies":[{"name":"wp","href":"https:\/\/api.w.org\/{rel}","templated":true}]}}