{"id":4284,"date":"2021-05-19T11:52:22","date_gmt":"2021-05-19T14:52:22","guid":{"rendered":"https:\/\/radiorevelacionfm.cl\/?p=4284"},"modified":"2021-05-19T11:52:22","modified_gmt":"2021-05-19T14:52:22","slug":"flabio-reyes-el-concejal-electo-en-lago-verde-que-apuesta-por-la-conectividad","status":"publish","type":"post","link":"https:\/\/radiorevelacionfm.cl\/?p=4284","title":{"rendered":"Flabio Reyes el Concejal electo en Lago Verde que apuesta por la conectividad"},"content":{"rendered":"<div class=\"flex_column av_one_full  flex_column_div av-zero-column-padding first  avia-builder-el-0  el_before_av_one_full  avia-builder-el-first  \" style='border-radius:0px; '><div  class='avia-image-container  av-styling-    avia-builder-el-1  avia-builder-el-no-sibling  avia-align-center '  itemprop=\"image\" itemscope=\"itemscope\" itemtype=\"https:\/\/schema.org\/ImageObject\"  ><div class='avia-image-container-inner'><div class='avia-image-overlay-wrap'><img decoding=\"async\" class='wp-image-4285 avia-img-lazy-loading-not-4285 avia_image' src=\"https:\/\/radiorevelacionfm.cl\/wp-content\/uploads\/2021\/05\/FLABIO-REYES1-1.jpeg\" alt='' title='FLABIO REYES1 (1)' height=\"600\" width=\"800\"  itemprop=\"thumbnailUrl\" srcset=\"https:\/\/radiorevelacionfm.cl\/wp-content\/uploads\/2021\/05\/FLABIO-REYES1-1.jpeg 800w, https:\/\/radiorevelacionfm.cl\/wp-content\/uploads\/2021\/05\/FLABIO-REYES1-1-300x225.jpeg 300w, https:\/\/radiorevelacionfm.cl\/wp-content\/uploads\/2021\/05\/FLABIO-REYES1-1-768x576.jpeg 768w, https:\/\/radiorevelacionfm.cl\/wp-content\/uploads\/2021\/05\/FLABIO-REYES1-1-705x529.jpeg 705w, https:\/\/radiorevelacionfm.cl\/wp-content\/uploads\/2021\/05\/FLABIO-REYES1-1-600x450.jpeg 600w\" sizes=\"(max-width: 800px) 100vw, 800px\" \/><\/div><\/div><\/div><\/div><div class=\"flex_column av_one_full  flex_column_div av-zero-column-padding first  avia-builder-el-2  el_after_av_one_full  el_before_av_one_full  column-top-margin\" style='border-radius:0px; '><section class=\"av_textblock_section \"  itemscope=\"itemscope\" itemtype=\"https:\/\/schema.org\/BlogPosting\" itemprop=\"blogPost\" ><div class='avia_textblock  '   itemprop=\"text\" ><p style=\"text-align: center;\"><strong><span style=\"font-size: 18pt;\">Flabio Reyes el Concejal electo en Lago Verde que apuesta por la conectividad<\/span><\/strong><\/p>\n<div id=\"gtx-trans\" style=\"position: absolute; left: -50px; top: 4.31534px;\">\n<div class=\"gtx-trans-icon\"><\/div>\n<\/div>\n<\/div><\/section><\/div><div class=\"flex_column av_one_full  flex_column_div av-zero-column-padding first  avia-builder-el-4  el_after_av_one_full  el_before_av_hr  column-top-margin\" style='border-radius:0px; '><section class=\"av_textblock_section \"  itemscope=\"itemscope\" itemtype=\"https:\/\/schema.org\/BlogPosting\" itemprop=\"blogPost\" ><div class='avia_textblock  '   itemprop=\"text\" ><p style=\"text-align: justify;\">Pedro Flabio Reyes Vega, de 57 a\u00f1os, naci\u00f3 en Villa La Tapera, estuvo fuera de la comuna y hace algunos a\u00f1os regres\u00f3 a trabajar junto al Alcalde Nelson Opazo, a quien apoy\u00f3 y bajo una campa\u00f1a directa con la gente de campo y la comunidad logr\u00f3 un cupo en el Concejo Municipal de Lago Verde.<\/p>\n<p style=\"text-align: justify;\">\u201cEnfrento este desaf\u00edo con mucha humildad, si bien yo nac\u00ed en Tapera, sin embargo estuve mucho tiempo fuera y a pesar de eso la gente me dio la oportunidad de poder trabajar en esta comuna, apoyar los proyecto en medio de un programa de trabajo de 2021 al 2024, realizado por el Alcalde electo Nelson Opazo L\u00f3pez\u201d.<\/p>\n<p style=\"text-align: justify;\">Flabio Reyes, cree firmemente que uno de los principales ejes de la gesti\u00f3n de la autoridad comunal y que \u00e9l apoyar\u00e1 es la conectividad.<\/p>\n<p style=\"text-align: justify;\">\u201cLa idea es apoyar y tirar para arriba todos esos programas, proyectos que fueron naciendo de la misma opini\u00f3n y la comunicaci\u00f3n diaria con la gente. Adem\u00e1s de otras iniciativas que ven\u00edan siendo requeridas hace muchos a\u00f1os, como el camino Tapera \u2013 Lago Verde, como tambi\u00e9n, Lago Verde \u2013 Palena, infraestructura p\u00fablica que debe realizarse. Entonces, todo eso entusiasma poder lograr y sacar a flote en este periodo\u201d.<\/p>\n<p style=\"text-align: justify;\">El Concejal electo por la comuna de Lago Verde, agradeci\u00f3 el respaldo ciudadano y enfatiz\u00f3 que su compromiso esta en apoyar todas las iniciativas que vaya en bien de la ciudadan\u00eda y el crecimiento integral de la comuna, tal como lo ha establecido el Alcalde Nelson Opazo.<\/p>\n<\/div><\/section><\/div><div  style='height:50px' class='hr hr-invisible   avia-builder-el-6  el_after_av_one_full  el_before_av_social_share '><span class='hr-inner ' ><span class='hr-inner-style'><\/span><\/span><\/div><\/p>\n<div  class='av-social-sharing-box  avia-builder-el-7  el_after_av_hr  el_before_av_hr  '><div class='av-share-box'><h5 class='av-share-link-description av-no-toc '>Compartir esta noticia<\/h5><ul class='av-share-box-list noLightbox'><li class='av-share-link av-social-link-facebook' ><a target=\"_blank\" aria-label=\"Compartir en Facebook\" href='https:\/\/www.facebook.com\/sharer.php?u=https:\/\/radiorevelacionfm.cl\/?p=4284&#038;t=Flabio%20Reyes%20el%20Concejal%20electo%20en%20Lago%20Verde%20que%20apuesta%20por%20la%20conectividad' aria-hidden='false' data-av_icon='\ue8f3' data-av_iconfont='entypo-fontello' title='' data-avia-related-tooltip='Compartir en Facebook' rel=\"noopener\"><span class='avia_hidden_link_text'>Compartir en Facebook<\/span><\/a><\/li><li class='av-share-link av-social-link-twitter' ><a target=\"_blank\" aria-label=\"Compartir en Twitter\" href='https:\/\/twitter.com\/share?text=Flabio%20Reyes%20el%20Concejal%20electo%20en%20Lago%20Verde%20que%20apuesta%20por%20la%20conectividad&#038;url=https:\/\/radiorevelacionfm.cl\/?p=4284' aria-hidden='false' data-av_icon='\ue8f1' data-av_iconfont='entypo-fontello' title='' data-avia-related-tooltip='Compartir en Twitter' rel=\"noopener\"><span class='avia_hidden_link_text'>Compartir en Twitter<\/span><\/a><\/li><li class='av-share-link av-social-link-whatsapp' ><a target=\"_blank\" aria-label=\"Compartir en Whatsapp\" href='https:\/\/api.whatsapp.com\/send?text=https:\/\/radiorevelacionfm.cl\/?p=4284' aria-hidden='false' data-av_icon='\uf232' data-av_iconfont='entypo-fontello' title='' data-avia-related-tooltip='Compartir en Whatsapp' rel=\"noopener\"><span class='avia_hidden_link_text'>Compartir en Whatsapp<\/span><\/a><\/li><li class='av-share-link av-social-link-linkedin' ><a target=\"_blank\" aria-label=\"Compartir en LinkedIn\" href='https:\/\/linkedin.com\/shareArticle?mini=true&#038;title=Flabio%20Reyes%20el%20Concejal%20electo%20en%20Lago%20Verde%20que%20apuesta%20por%20la%20conectividad&#038;url=https:\/\/radiorevelacionfm.cl\/?p=4284' aria-hidden='false' data-av_icon='\ue8fc' data-av_iconfont='entypo-fontello' title='' data-avia-related-tooltip='Compartir en LinkedIn' rel=\"noopener\"><span class='avia_hidden_link_text'>Compartir en LinkedIn<\/span><\/a><\/li><li class='av-share-link av-social-link-mail' ><a  aria-label=\"Compartir por correo\" href='mailto:?subject=Flabio%20Reyes%20el%20Concejal%20electo%20en%20Lago%20Verde%20que%20apuesta%20por%20la%20conectividad&#038;body=https:\/\/radiorevelacionfm.cl\/?p=4284' aria-hidden='false' data-av_icon='\ue805' data-av_iconfont='entypo-fontello' title='' data-avia-related-tooltip='Compartir por correo'><span class='avia_hidden_link_text'>Compartir por correo<\/span><\/a><\/li><\/ul><\/div><\/div>\n<div  style='height:50px' class='hr hr-invisible   avia-builder-el-8  el_after_av_social_share  el_before_av_comments_list '><span class='hr-inner ' ><span class='hr-inner-style'><\/span><\/span><\/div>\n<div  class='av-buildercomment  av-blog-meta-html-info-disabled av-blog-meta-tag-disabled  '><\/div>\n","protected":false},"excerpt":{"rendered":"","protected":false},"author":1,"featured_media":4285,"comment_status":"open","ping_status":"open","sticky":false,"template":"","format":"standard","meta":{"footnotes":""},"categories":[35],"tags":[],"class_list":["post-4284","post","type-post","status-publish","format-standard","has-post-thumbnail","hentry","category-politica"],"jetpack_featured_media_url":"https:\/\/radiorevelacionfm.cl\/wp-content\/uploads\/2021\/05\/FLABIO-REYES1-1.jpeg","_links":{"self":[{"href":"https:\/\/radiorevelacionfm.cl\/index.php?rest_route=\/wp\/v2\/posts\/4284","targetHints":{"allow":["GET"]}}],"collection":[{"href":"https:\/\/radiorevelacionfm.cl\/index.php?rest_route=\/wp\/v2\/posts"}],"about":[{"href":"https:\/\/radiorevelacionfm.cl\/index.php?rest_route=\/wp\/v2\/types\/post"}],"author":[{"embeddable":true,"href":"https:\/\/radiorevelacionfm.cl\/index.php?rest_route=\/wp\/v2\/users\/1"}],"replies":[{"embeddable":true,"href":"https:\/\/radiorevelacionfm.cl\/index.php?rest_route=%2Fwp%2Fv2%2Fcomments&post=4284"}],"version-history":[{"count":1,"href":"https:\/\/radiorevelacionfm.cl\/index.php?rest_route=\/wp\/v2\/posts\/4284\/revisions"}],"predecessor-version":[{"id":4286,"href":"https:\/\/radiorevelacionfm.cl\/index.php?rest_route=\/wp\/v2\/posts\/4284\/revisions\/4286"}],"wp:featuredmedia":[{"embeddable":true,"href":"https:\/\/radiorevelacionfm.cl\/index.php?rest_route=\/wp\/v2\/media\/4285"}],"wp:attachment":[{"href":"https:\/\/radiorevelacionfm.cl\/index.php?rest_route=%2Fwp%2Fv2%2Fmedia&parent=4284"}],"wp:term":[{"taxonomy":"category","embeddable":true,"href":"https:\/\/radiorevelacionfm.cl\/index.php?rest_route=%2Fwp%2Fv2%2Fcategories&post=4284"},{"taxonomy":"post_tag","embeddable":true,"href":"https:\/\/radiorevelacionfm.cl\/index.php?rest_route=%2Fwp%2Fv2%2Ftags&post=4284"}],"curies":[{"name":"wp","href":"https:\/\/api.w.org\/{rel}","templated":true}]}}