{"id":42832,"date":"2024-06-03T22:00:10","date_gmt":"2024-06-04T01:00:10","guid":{"rendered":"https:\/\/radiorevelacionfm.cl\/?p=42832"},"modified":"2024-06-03T22:00:10","modified_gmt":"2024-06-04T01:00:10","slug":"en-coyhaique-decomisan-cocaina-ketamina-y-marihuana-imputados-quedaron-en-prision-preventiva","status":"publish","type":"post","link":"https:\/\/radiorevelacionfm.cl\/?p=42832","title":{"rendered":"En Coyhaique decomisan coca\u00edna, ketamina y marihuana, imputados quedaron en prisi\u00f3n preventiva"},"content":{"rendered":"<div class=\"flex_column av_one_full  flex_column_div av-zero-column-padding first  avia-builder-el-0  el_before_av_one_full  avia-builder-el-first  \" style='border-radius:0px; '><div  class='avia-image-container  av-styling-    avia-builder-el-1  avia-builder-el-no-sibling  avia-align-center '  itemprop=\"image\" itemscope=\"itemscope\" itemtype=\"https:\/\/schema.org\/ImageObject\"  ><div class='avia-image-container-inner'><div class='avia-image-overlay-wrap'><img decoding=\"async\" class='wp-image-42833 avia-img-lazy-loading-not-42833 avia_image' src=\"https:\/\/radiorevelacionfm.cl\/wp-content\/uploads\/2024\/06\/decomiso2_optimized.jpg\" alt='' title='decomiso2_optimized' height=\"667\" width=\"1000\"  itemprop=\"thumbnailUrl\" srcset=\"https:\/\/radiorevelacionfm.cl\/wp-content\/uploads\/2024\/06\/decomiso2_optimized.jpg 1000w, https:\/\/radiorevelacionfm.cl\/wp-content\/uploads\/2024\/06\/decomiso2_optimized-300x200.jpg 300w, https:\/\/radiorevelacionfm.cl\/wp-content\/uploads\/2024\/06\/decomiso2_optimized-768x512.jpg 768w, https:\/\/radiorevelacionfm.cl\/wp-content\/uploads\/2024\/06\/decomiso2_optimized-705x470.jpg 705w, https:\/\/radiorevelacionfm.cl\/wp-content\/uploads\/2024\/06\/decomiso2_optimized-450x300.jpg 450w, https:\/\/radiorevelacionfm.cl\/wp-content\/uploads\/2024\/06\/decomiso2_optimized-600x400.jpg 600w\" sizes=\"(max-width: 1000px) 100vw, 1000px\" \/><\/div><\/div><\/div><\/div><div class=\"flex_column av_one_full  flex_column_div av-zero-column-padding first  avia-builder-el-2  el_after_av_one_full  el_before_av_one_full  column-top-margin\" style='border-radius:0px; '><section class=\"av_textblock_section \"  itemscope=\"itemscope\" itemtype=\"https:\/\/schema.org\/BlogPosting\" itemprop=\"blogPost\" ><div class='avia_textblock  '   itemprop=\"text\" ><p style=\"text-align: center;\"><strong><span style=\"font-size: 18pt;\">En Coyhaique decomisan coca\u00edna, ketamina y marihuana, imputados quedaron en prisi\u00f3n preventiva<\/span><\/strong><\/p>\n<div id=\"gtx-trans\" style=\"position: absolute; left: -50px; top: 4.31534px;\">\n<div class=\"gtx-trans-icon\"><\/div>\n<\/div>\n<\/div><\/section><\/div><div class=\"flex_column av_one_full  flex_column_div av-zero-column-padding first  avia-builder-el-4  el_after_av_one_full  el_before_av_hr  column-top-margin\" style='border-radius:0px; '><section class=\"av_textblock_section \"  itemscope=\"itemscope\" itemtype=\"https:\/\/schema.org\/BlogPosting\" itemprop=\"blogPost\" ><div class='avia_textblock  '   itemprop=\"text\" ><p style=\"font-weight: 400; text-align: justify;\">Dos imputados fueron puestos en prisi\u00f3n preventiva.<\/p>\n<p style=\"font-weight: 400; text-align: justify;\">Un nuevo golpe al crimen organizado dio el trabajo mancomunado entre Carabineros de la Primera Comisar\u00eda, OS-7 y la Fiscal\u00eda, al lograr la detenci\u00f3n de dos imputados por el delito de tr\u00e1fico de drogas, quienes fueron formalizados hoy ante el Juzgado de Garant\u00eda por el fiscal Jaime Rojas y puestos en prisi\u00f3n preventiva, a solicitud del Ministerio P\u00fablico. El valor en el mercado informal de la droga incautada supera los 26 millones de pesos.<\/p>\n<p style=\"font-weight: 400; text-align: justify;\">En este procedimiento conjunto de la Fiscal\u00eda y Carabineros, se decomis\u00f3 un kilo 447 gramos de marihuana, 156 gramos de clorhidrato de coca\u00edna; 39 gramos de ketamina y 79 gramos de marihuana en vaporizadores, las cuales ser\u00edan comercializados entre consumidores de la capital regional, investigaci\u00f3n que es coordinada por la Unidad de Drogas de la Fiscal\u00eda Regional.<\/p>\n<p style=\"font-weight: 400; text-align: justify;\">El Fiscal Regional subrogante, Jos\u00e9 Moris, explic\u00f3 que Carabineros \u201cen sus constantes patrullajes y fiscalizaci\u00f3n vehiculares, sorprende a estos dos sujetos que se encuentran en posesi\u00f3n de elementos que son inherentes al tr\u00e1fico de drogas. En este sentido, la pesa que fue vista por el personal policial y al mismo tiempo la droga que se portaba en el veh\u00edculo\u201d.<\/p>\n<p style=\"font-weight: 400; text-align: justify;\">El fiscal Moris a\u00f1adi\u00f3 que la Fiscal\u00eda dispuso \u201cla concurrencia del OS 7 para la realizaci\u00f3n de las diligencias pertinentes y al mismo tiempo, que se realizaran las labores para allanar los domicilios\u201d.<\/p>\n<p style=\"font-weight: 400; text-align: justify;\">El persecutor penal agreg\u00f3 que \u201cproducto de esta multiplicidad de drogas, adem\u00e1s del dinero incautado y de los elementos que son propios del tr\u00e1fico como las pesas, los imputados pasaron a control de detenci\u00f3n el d\u00eda de hoy, fueron formalizados por tr\u00e1fico de drogas y ambos quedaron en prisi\u00f3n preventiva\u201d. El plazo para el t\u00e9rmino de la investigaci\u00f3n es de 80 d\u00edas.<\/p>\n<p style=\"font-weight: 400; text-align: justify;\">CARABINEROS<\/p>\n<p style=\"font-weight: 400; text-align: justify;\">Por su parte el comisario de la Primera Comisar\u00eda, mayor Gerardo Gonz\u00e1lez, coment\u00f3 que, al descender del veh\u00edculo, uno de los dos imputados \u201cse desprende o se le cae un objeto que era una de estas pesas o grameras que son habitualmente utilizadas para pesar la droga. Ante esta situaci\u00f3n, sumado a que hab\u00eda un fuerte olor a marihuana que sal\u00eda de este veh\u00edculo, se procede a efectuar un control de identidad\u201d.<\/p>\n<p style=\"font-weight: 400; text-align: justify;\">El oficial de Carabineros a\u00f1adi\u00f3 que \u201centonces se revisa la vestimenta de estas personas como asimismo el veh\u00edculo, pudiendo encontrar droga de diferentes denominaciones\u201d.<\/p>\n<p style=\"font-weight: 400; text-align: justify;\">En tanto Camila Covarrubias, coordinadora regional de Seguridad P\u00fablica, explic\u00f3 que \u201clo que vemos hoy d\u00eda es justamente parte del trabajo que despliega Carabineros de manera preventiva y siempre muy atentos a poder detectar a tiempo personas que pueda estar incumpliendo con la ley, en espec\u00edfico con la Ley de Drogas\u201d.<\/p>\n<p style=\"font-weight: 400; text-align: justify;\">La profesional agreg\u00f3 que \u201cdentro del Plan Regional de Seguridad P\u00fablica, se han priorizados los simples delitos y cr\u00edmenes asociados a la Ley de Drogas y que tienen que ver justamente con esto, con que los polic\u00edas puedan ampliar su capacidad de patrullajes preventivos, en espec\u00edfico con OS 7, focalizando su trabajo\u201d.<\/p>\n<p style=\"font-weight: 400; text-align: justify;\">Desde el mes de enero al 26 de mayo del presente a\u00f1o, Carabineros hab\u00eda detenido en la Regi\u00f3n de Ays\u00e9n a 1.931 personas por diversos delitos, de los cuales 89 han sido por infracci\u00f3n a la ley de drogas, de estos, un 24% registra detenciones previas por parte de la polic\u00eda uniformada. Asimismo, en este periodo, Carabineros hab\u00eda decomisado 2,6 kilos de drogas en la regi\u00f3n, a lo que se suma el actual decomiso.<\/p>\n<\/div><\/section><\/div><div  style='height:50px' class='hr hr-invisible   avia-builder-el-6  el_after_av_one_full  el_before_av_social_share '><span class='hr-inner ' ><span class='hr-inner-style'><\/span><\/span><\/div><\/p>\n<div  class='av-social-sharing-box  avia-builder-el-7  el_after_av_hr  el_before_av_hr  '><div class='av-share-box'><h5 class='av-share-link-description av-no-toc '>Compartir esta noticia<\/h5><ul class='av-share-box-list noLightbox'><li class='av-share-link av-social-link-facebook' ><a target=\"_blank\" aria-label=\"Compartir en Facebook\" href='https:\/\/www.facebook.com\/sharer.php?u=https:\/\/radiorevelacionfm.cl\/?p=42832&#038;t=En%20Coyhaique%20decomisan%20coca%C3%ADna%2C%20ketamina%20y%20marihuana%2C%20imputados%20quedaron%20en%20prisi%C3%B3n%20preventiva' aria-hidden='false' data-av_icon='\ue8f3' data-av_iconfont='entypo-fontello' title='' data-avia-related-tooltip='Compartir en Facebook' rel=\"noopener\"><span class='avia_hidden_link_text'>Compartir en Facebook<\/span><\/a><\/li><li class='av-share-link av-social-link-twitter' ><a target=\"_blank\" aria-label=\"Compartir en Twitter\" href='https:\/\/twitter.com\/share?text=En%20Coyhaique%20decomisan%20coca%C3%ADna%2C%20ketamina%20y%20marihuana%2C%20imputados%20quedaron%20en%20prisi%C3%B3n%20preventiva&#038;url=https:\/\/radiorevelacionfm.cl\/?p=42832' aria-hidden='false' data-av_icon='\ue8f1' data-av_iconfont='entypo-fontello' title='' data-avia-related-tooltip='Compartir en Twitter' rel=\"noopener\"><span class='avia_hidden_link_text'>Compartir en Twitter<\/span><\/a><\/li><li class='av-share-link av-social-link-whatsapp' ><a target=\"_blank\" aria-label=\"Compartir en Whatsapp\" href='https:\/\/api.whatsapp.com\/send?text=https:\/\/radiorevelacionfm.cl\/?p=42832' aria-hidden='false' data-av_icon='\uf232' data-av_iconfont='entypo-fontello' title='' data-avia-related-tooltip='Compartir en Whatsapp' rel=\"noopener\"><span class='avia_hidden_link_text'>Compartir en Whatsapp<\/span><\/a><\/li><li class='av-share-link av-social-link-linkedin' ><a target=\"_blank\" aria-label=\"Compartir en LinkedIn\" href='https:\/\/linkedin.com\/shareArticle?mini=true&#038;title=En%20Coyhaique%20decomisan%20coca%C3%ADna%2C%20ketamina%20y%20marihuana%2C%20imputados%20quedaron%20en%20prisi%C3%B3n%20preventiva&#038;url=https:\/\/radiorevelacionfm.cl\/?p=42832' aria-hidden='false' data-av_icon='\ue8fc' data-av_iconfont='entypo-fontello' title='' data-avia-related-tooltip='Compartir en LinkedIn' rel=\"noopener\"><span class='avia_hidden_link_text'>Compartir en LinkedIn<\/span><\/a><\/li><li class='av-share-link av-social-link-mail' ><a  aria-label=\"Compartir por correo\" href='mailto:?subject=En%20Coyhaique%20decomisan%20coca%C3%ADna%2C%20ketamina%20y%20marihuana%2C%20imputados%20quedaron%20en%20prisi%C3%B3n%20preventiva&#038;body=https:\/\/radiorevelacionfm.cl\/?p=42832' aria-hidden='false' data-av_icon='\ue805' data-av_iconfont='entypo-fontello' title='' data-avia-related-tooltip='Compartir por correo'><span class='avia_hidden_link_text'>Compartir por correo<\/span><\/a><\/li><\/ul><\/div><\/div>\n<div  style='height:50px' class='hr hr-invisible   avia-builder-el-8  el_after_av_social_share  el_before_av_comments_list '><span class='hr-inner ' ><span class='hr-inner-style'><\/span><\/span><\/div>\n<div  class='av-buildercomment  av-blog-meta-html-info-disabled av-blog-meta-tag-disabled  '><\/div>\n","protected":false},"excerpt":{"rendered":"","protected":false},"author":1,"featured_media":42833,"comment_status":"open","ping_status":"open","sticky":false,"template":"","format":"standard","meta":{"footnotes":""},"categories":[36],"tags":[],"class_list":["post-42832","post","type-post","status-publish","format-standard","has-post-thumbnail","hentry","category-policial"],"jetpack_featured_media_url":"https:\/\/radiorevelacionfm.cl\/wp-content\/uploads\/2024\/06\/decomiso2_optimized.jpg","_links":{"self":[{"href":"https:\/\/radiorevelacionfm.cl\/index.php?rest_route=\/wp\/v2\/posts\/42832","targetHints":{"allow":["GET"]}}],"collection":[{"href":"https:\/\/radiorevelacionfm.cl\/index.php?rest_route=\/wp\/v2\/posts"}],"about":[{"href":"https:\/\/radiorevelacionfm.cl\/index.php?rest_route=\/wp\/v2\/types\/post"}],"author":[{"embeddable":true,"href":"https:\/\/radiorevelacionfm.cl\/index.php?rest_route=\/wp\/v2\/users\/1"}],"replies":[{"embeddable":true,"href":"https:\/\/radiorevelacionfm.cl\/index.php?rest_route=%2Fwp%2Fv2%2Fcomments&post=42832"}],"version-history":[{"count":1,"href":"https:\/\/radiorevelacionfm.cl\/index.php?rest_route=\/wp\/v2\/posts\/42832\/revisions"}],"predecessor-version":[{"id":42834,"href":"https:\/\/radiorevelacionfm.cl\/index.php?rest_route=\/wp\/v2\/posts\/42832\/revisions\/42834"}],"wp:featuredmedia":[{"embeddable":true,"href":"https:\/\/radiorevelacionfm.cl\/index.php?rest_route=\/wp\/v2\/media\/42833"}],"wp:attachment":[{"href":"https:\/\/radiorevelacionfm.cl\/index.php?rest_route=%2Fwp%2Fv2%2Fmedia&parent=42832"}],"wp:term":[{"taxonomy":"category","embeddable":true,"href":"https:\/\/radiorevelacionfm.cl\/index.php?rest_route=%2Fwp%2Fv2%2Fcategories&post=42832"},{"taxonomy":"post_tag","embeddable":true,"href":"https:\/\/radiorevelacionfm.cl\/index.php?rest_route=%2Fwp%2Fv2%2Ftags&post=42832"}],"curies":[{"name":"wp","href":"https:\/\/api.w.org\/{rel}","templated":true}]}}