{"id":42829,"date":"2024-06-03T23:01:11","date_gmt":"2024-06-04T02:01:11","guid":{"rendered":"https:\/\/radiorevelacionfm.cl\/?p=42829"},"modified":"2024-06-03T23:01:11","modified_gmt":"2024-06-04T02:01:11","slug":"operativo-conjunto-permite-el-decomiso-de-2-kilos-de-cocaina-que-seria-comercializada-en-la-region-de-aysen","status":"publish","type":"post","link":"https:\/\/radiorevelacionfm.cl\/?p=42829","title":{"rendered":"Operativo conjunto permite el decomiso de 2 kilos de coca\u00edna que ser\u00eda comercializada en la regi\u00f3n de Ays\u00e9n"},"content":{"rendered":"<div class=\"flex_column av_one_full  flex_column_div av-zero-column-padding first  avia-builder-el-0  el_before_av_one_full  avia-builder-el-first  \" style='border-radius:0px; '><div  class='avia-image-container  av-styling-    avia-builder-el-1  avia-builder-el-no-sibling  avia-align-center '  itemprop=\"image\" itemscope=\"itemscope\" itemtype=\"https:\/\/schema.org\/ImageObject\"  ><div class='avia-image-container-inner'><div class='avia-image-overlay-wrap'><img decoding=\"async\" class='wp-image-42830 avia-img-lazy-loading-not-42830 avia_image' src=\"https:\/\/radiorevelacionfm.cl\/wp-content\/uploads\/2024\/06\/20240603_090729-1-1-1.jpg\" alt='' title='20240603_090729 (1) (1) (1)' height=\"600\" width=\"1033\"  itemprop=\"thumbnailUrl\" srcset=\"https:\/\/radiorevelacionfm.cl\/wp-content\/uploads\/2024\/06\/20240603_090729-1-1-1.jpg 1033w, https:\/\/radiorevelacionfm.cl\/wp-content\/uploads\/2024\/06\/20240603_090729-1-1-1-300x174.jpg 300w, https:\/\/radiorevelacionfm.cl\/wp-content\/uploads\/2024\/06\/20240603_090729-1-1-1-1030x598.jpg 1030w, https:\/\/radiorevelacionfm.cl\/wp-content\/uploads\/2024\/06\/20240603_090729-1-1-1-768x446.jpg 768w, https:\/\/radiorevelacionfm.cl\/wp-content\/uploads\/2024\/06\/20240603_090729-1-1-1-705x409.jpg 705w, https:\/\/radiorevelacionfm.cl\/wp-content\/uploads\/2024\/06\/20240603_090729-1-1-1-450x261.jpg 450w, https:\/\/radiorevelacionfm.cl\/wp-content\/uploads\/2024\/06\/20240603_090729-1-1-1-600x348.jpg 600w\" sizes=\"(max-width: 1033px) 100vw, 1033px\" \/><\/div><\/div><\/div><\/div><div class=\"flex_column av_one_full  flex_column_div av-zero-column-padding first  avia-builder-el-2  el_after_av_one_full  el_before_av_one_full  column-top-margin\" style='border-radius:0px; '><section class=\"av_textblock_section \"  itemscope=\"itemscope\" itemtype=\"https:\/\/schema.org\/BlogPosting\" itemprop=\"blogPost\" ><div class='avia_textblock  '   itemprop=\"text\" ><p style=\"text-align: center;\"><strong><span style=\"font-size: 18pt;\">Operativo conjunto permite el decomiso de 2 kilos de coca\u00edna que ser\u00eda comercializada en la regi\u00f3n de Ays\u00e9n<\/span><\/strong><\/p>\n<div id=\"gtx-trans\" style=\"position: absolute; left: -50px; top: 4.31534px;\">\n<div class=\"gtx-trans-icon\"><\/div>\n<\/div>\n<\/div><\/section><\/div><div class=\"flex_column av_one_full  flex_column_div av-zero-column-padding first  avia-builder-el-4  el_after_av_one_full  el_before_av_hr  column-top-margin\" style='border-radius:0px; '><section class=\"av_textblock_section \"  itemscope=\"itemscope\" itemtype=\"https:\/\/schema.org\/BlogPosting\" itemprop=\"blogPost\" ><div class='avia_textblock  '   itemprop=\"text\" ><p class=\"v1MsoNormal\" style=\"text-align: justify;\"><i>Uno de los detenidos es extranjero y permanec\u00eda de manera irregular en el pa\u00eds. Fue detenido en Coyhaique y puesto en prisi\u00f3n preventiva.<\/i><\/p>\n<p class=\"v1MsoNormal\" style=\"text-align: justify;\">Como parte de un operativo conjunto entre Aduanas, Armada, PDI y la Unidad de Drogas del Ministerio P\u00fablico en el puerto de Ra\u00fal Mar\u00edn Balmaceda, se logr\u00f3 el decomiso de 2 kilos 99 gramos de clorhidrato de coca\u00edna que eran trasladados v\u00eda mar\u00edtima hasta Coyhaique y que posteriormente iban a ser comercializados entre adictos de la regi\u00f3n.<\/p>\n<p class=\"v1MsoNormal\" style=\"text-align: justify;\">Tras la detenci\u00f3n de un primer imputado de nacionalidad chilena el jueves 30 de mayo en Ra\u00fal Mar\u00edn Balmaceda y luego de la captura, al d\u00eda siguiente en Coyhaique, de un segundo sujeto -de nacionalidad extranjera y con permanencia ilegal en el pa\u00eds- quien era el receptor de la droga, fueron formalizados hoy ambos detenidos ante el Juzgado de Garant\u00eda de Cisnes.<\/p>\n<p class=\"v1MsoNormal\" style=\"text-align: justify;\">En la audiencia, el fiscal subrogante Jos\u00e9 Luis Palominos, solicit\u00f3 la prisi\u00f3n preventiva de ambos, sin embargo, el tribunal accedi\u00f3 a dicha medida cautelar solo para el imputado extranjero. Respecto del segundo, se defini\u00f3 la medida cautelar de arresto domiciliario total mientras se desarrolla la investigaci\u00f3n cuyo plazo fue fijado en 60 d\u00edas. La investigaci\u00f3n del caso es coordinada por la fiscal Mar\u00eda In\u00e9s N\u00fa\u00f1ez.<\/p>\n<p class=\"v1MsoNormal\" style=\"text-align: justify;\">TRABAJO CONJUNTO<\/p>\n<p class=\"v1MsoNormal\" style=\"text-align: justify;\">En una conferencia de prensa efectuada hoy, distintas autoridades de las entidades p\u00fablicas que participaron de este decomiso, explicaron detalles del trabajo realizado.<\/p>\n<p class=\"v1MsoNormal\" style=\"text-align: justify;\">El Fiscal Regional subrogante, Jos\u00e9 Moris, explic\u00f3 que \u201cel trabajo en conjunto con Aduanas, con la Armada, a trav\u00e9s de su Polic\u00eda Mar\u00edtima, con la Brigada Antinarc\u00f3ticos y la Fiscal\u00eda, ha permitido nuevamente el hallazgo de droga, en este caso en una barcaza de recorrido en el puerto de Ra\u00fal Mar\u00edn Balmaceda y posteriormente, gracias a las t\u00e9cnicas investigativas, encontrar y detener al receptor de la droga que se encontraba en Coyhaique\u201d.<\/p>\n<p class=\"v1MsoNormal\" style=\"text-align: justify;\">El Fiscal del Ministerio P\u00fablico a\u00f1adi\u00f3 que \u201cgracias a ello, hoy est\u00e1n siendo formalizados en el Juzgado de Garant\u00eda de Puerto Cisnes, donde la Fiscal\u00eda imputar\u00e1 cargos por tr\u00e1fico de drogas y se solicitar\u00e1 prisi\u00f3n preventiva\u201d.<\/p>\n<p class=\"v1MsoNormal\" style=\"text-align: justify;\">Por su parte el Subprefecto Jorge Collao, jefe de la Brigada Antinarc\u00f3ticos y Contra el Crimen Organizado Coyhaique, explic\u00f3 que \u201cse trata de un trabajo en conjunto con las distintas instituciones como Aduana, Armada y el Ministerio P\u00fablico, donde en una barcaza que ven\u00eda de Quell\u00f3n, se logra detectar -a trav\u00e9s de nuestros canes- a una persona que ven\u00eda con poco m\u00e1s de dos kilos de clorhidrato de coca\u00edna y posteriormente, la detenci\u00f3n de esta persona.<\/p>\n<p class=\"v1MsoNormal\" style=\"text-align: justify;\">Luego de esto, a\u00f1adi\u00f3 el oficial, \u201ca trav\u00e9s de las coordinaciones con el Ministerio P\u00fablico y las diferentes t\u00e9cnicas investigativas de la ley 20.000, logramos la detenci\u00f3n del receptor. Estas sustancias corresponden a un poco m\u00e1s de 8.000 dosis avaluadas aproximadamente en 40 millones\u201d.<\/p>\n<p class=\"v1MsoNormal\" style=\"text-align: justify;\">FONDEO<\/p>\n<p class=\"v1MsoNormal\" style=\"text-align: justify;\">En tanto Isaac Tudela, administrador del Servicio Nacional de Aduanas en Puerto Ays\u00e9n, dijo que \u201cen este caso espec\u00edfico, se hace un trabajo habitual que es analizar los manifiestos de carga y de pasajero de las distintas naves que salen del norte. En este caso de Quell\u00f3n y que tengan recalada en Melinka, Puerto Chacabuco, Puerto Cisnes. Esta llam\u00f3 la atenci\u00f3n de la Unidad de An\u00e1lisis de Riesgo y por lo tanto se levant\u00f3 una alerta y se solicit\u00f3 una revista de fondeo\u201d.<\/p>\n<p class=\"v1MsoNormal\" style=\"text-align: justify;\">Isaac Tudela agreg\u00f3 que se coordin\u00f3, en este caso con la Armada de Chile a trav\u00e9s de la Polic\u00eda Mar\u00edtima y tambi\u00e9n con la Polic\u00eda de Investigaciones y Ministerio P\u00fablico, \u201cdado que, en esa revista de fondeo, el can detector de drogas que tiene la Polic\u00eda de Investigaciones, marc\u00f3 a esta persona\u201d.<\/p>\n<p class=\"v1MsoNormal\" style=\"text-align: justify;\">Finalmente, el Capit\u00e1n de Puerto de Chacabuco, capit\u00e1n de corbeta litoral, Sim\u00f3n Stuven, destac\u00f3 el \u201cel trabajo mancomunado, permanente, cohesionado, que est\u00e1n llevando a cabo las organizaciones en el \u00e1mbito mar\u00edtimo, terrestre y a\u00e9reo, particularmente en el mar, para poder detener los il\u00edcitos que se est\u00e1n cometiendo. Tal como lo dijo el fiscal, la v\u00eda mar\u00edtima es una de las v\u00edas principales de ingreso a trav\u00e9s de la barcaza conexi\u00f3n\u201d.<\/p>\n<p class=\"v1MsoNormal\" style=\"text-align: justify;\">El capit\u00e1n Stuven recalc\u00f3 que \u201cpor eso estamos trabajando en forma coordinada, con los medios humanos, materiales, incluso gu\u00edas caninos de las instituciones, para poder detectar y sacar de circulaci\u00f3n la droga y a los delincuentes\u201d.<\/p>\n<\/div><\/section><\/div><div  style='height:50px' class='hr hr-invisible   avia-builder-el-6  el_after_av_one_full  el_before_av_social_share '><span class='hr-inner ' ><span class='hr-inner-style'><\/span><\/span><\/div><\/p>\n<div  class='av-social-sharing-box  avia-builder-el-7  el_after_av_hr  el_before_av_hr  '><div class='av-share-box'><h5 class='av-share-link-description av-no-toc '>Compartir esta noticia<\/h5><ul class='av-share-box-list noLightbox'><li class='av-share-link av-social-link-facebook' ><a target=\"_blank\" aria-label=\"Compartir en Facebook\" href='https:\/\/www.facebook.com\/sharer.php?u=https:\/\/radiorevelacionfm.cl\/?p=42829&#038;t=Operativo%20conjunto%20permite%20el%20decomiso%20de%202%20kilos%20de%20coca%C3%ADna%20que%20ser%C3%ADa%20comercializada%20en%20la%20regi%C3%B3n%20de%20Ays%C3%A9n' aria-hidden='false' data-av_icon='\ue8f3' data-av_iconfont='entypo-fontello' title='' data-avia-related-tooltip='Compartir en Facebook' rel=\"noopener\"><span class='avia_hidden_link_text'>Compartir en Facebook<\/span><\/a><\/li><li class='av-share-link av-social-link-twitter' ><a target=\"_blank\" aria-label=\"Compartir en Twitter\" href='https:\/\/twitter.com\/share?text=Operativo%20conjunto%20permite%20el%20decomiso%20de%202%20kilos%20de%20coca%C3%ADna%20que%20ser%C3%ADa%20comercializada%20en%20la%20regi%C3%B3n%20de%20Ays%C3%A9n&#038;url=https:\/\/radiorevelacionfm.cl\/?p=42829' aria-hidden='false' data-av_icon='\ue8f1' data-av_iconfont='entypo-fontello' title='' data-avia-related-tooltip='Compartir en Twitter' rel=\"noopener\"><span class='avia_hidden_link_text'>Compartir en Twitter<\/span><\/a><\/li><li class='av-share-link av-social-link-whatsapp' ><a target=\"_blank\" aria-label=\"Compartir en Whatsapp\" href='https:\/\/api.whatsapp.com\/send?text=https:\/\/radiorevelacionfm.cl\/?p=42829' aria-hidden='false' data-av_icon='\uf232' data-av_iconfont='entypo-fontello' title='' data-avia-related-tooltip='Compartir en Whatsapp' rel=\"noopener\"><span class='avia_hidden_link_text'>Compartir en Whatsapp<\/span><\/a><\/li><li class='av-share-link av-social-link-linkedin' ><a target=\"_blank\" aria-label=\"Compartir en LinkedIn\" href='https:\/\/linkedin.com\/shareArticle?mini=true&#038;title=Operativo%20conjunto%20permite%20el%20decomiso%20de%202%20kilos%20de%20coca%C3%ADna%20que%20ser%C3%ADa%20comercializada%20en%20la%20regi%C3%B3n%20de%20Ays%C3%A9n&#038;url=https:\/\/radiorevelacionfm.cl\/?p=42829' aria-hidden='false' data-av_icon='\ue8fc' data-av_iconfont='entypo-fontello' title='' data-avia-related-tooltip='Compartir en LinkedIn' rel=\"noopener\"><span class='avia_hidden_link_text'>Compartir en LinkedIn<\/span><\/a><\/li><li class='av-share-link av-social-link-mail' ><a  aria-label=\"Compartir por correo\" href='mailto:?subject=Operativo%20conjunto%20permite%20el%20decomiso%20de%202%20kilos%20de%20coca%C3%ADna%20que%20ser%C3%ADa%20comercializada%20en%20la%20regi%C3%B3n%20de%20Ays%C3%A9n&#038;body=https:\/\/radiorevelacionfm.cl\/?p=42829' aria-hidden='false' data-av_icon='\ue805' data-av_iconfont='entypo-fontello' title='' data-avia-related-tooltip='Compartir por correo'><span class='avia_hidden_link_text'>Compartir por correo<\/span><\/a><\/li><\/ul><\/div><\/div>\n<div  style='height:50px' class='hr hr-invisible   avia-builder-el-8  el_after_av_social_share  el_before_av_comments_list '><span class='hr-inner ' ><span class='hr-inner-style'><\/span><\/span><\/div>\n<div  class='av-buildercomment  av-blog-meta-html-info-disabled av-blog-meta-tag-disabled  '><\/div>\n","protected":false},"excerpt":{"rendered":"","protected":false},"author":1,"featured_media":42830,"comment_status":"open","ping_status":"open","sticky":false,"template":"","format":"standard","meta":{"footnotes":""},"categories":[55],"tags":[],"class_list":["post-42829","post","type-post","status-publish","format-standard","has-post-thumbnail","hentry","category-justicia"],"jetpack_featured_media_url":"https:\/\/radiorevelacionfm.cl\/wp-content\/uploads\/2024\/06\/20240603_090729-1-1-1.jpg","_links":{"self":[{"href":"https:\/\/radiorevelacionfm.cl\/index.php?rest_route=\/wp\/v2\/posts\/42829","targetHints":{"allow":["GET"]}}],"collection":[{"href":"https:\/\/radiorevelacionfm.cl\/index.php?rest_route=\/wp\/v2\/posts"}],"about":[{"href":"https:\/\/radiorevelacionfm.cl\/index.php?rest_route=\/wp\/v2\/types\/post"}],"author":[{"embeddable":true,"href":"https:\/\/radiorevelacionfm.cl\/index.php?rest_route=\/wp\/v2\/users\/1"}],"replies":[{"embeddable":true,"href":"https:\/\/radiorevelacionfm.cl\/index.php?rest_route=%2Fwp%2Fv2%2Fcomments&post=42829"}],"version-history":[{"count":1,"href":"https:\/\/radiorevelacionfm.cl\/index.php?rest_route=\/wp\/v2\/posts\/42829\/revisions"}],"predecessor-version":[{"id":42831,"href":"https:\/\/radiorevelacionfm.cl\/index.php?rest_route=\/wp\/v2\/posts\/42829\/revisions\/42831"}],"wp:featuredmedia":[{"embeddable":true,"href":"https:\/\/radiorevelacionfm.cl\/index.php?rest_route=\/wp\/v2\/media\/42830"}],"wp:attachment":[{"href":"https:\/\/radiorevelacionfm.cl\/index.php?rest_route=%2Fwp%2Fv2%2Fmedia&parent=42829"}],"wp:term":[{"taxonomy":"category","embeddable":true,"href":"https:\/\/radiorevelacionfm.cl\/index.php?rest_route=%2Fwp%2Fv2%2Fcategories&post=42829"},{"taxonomy":"post_tag","embeddable":true,"href":"https:\/\/radiorevelacionfm.cl\/index.php?rest_route=%2Fwp%2Fv2%2Ftags&post=42829"}],"curies":[{"name":"wp","href":"https:\/\/api.w.org\/{rel}","templated":true}]}}