{"id":42826,"date":"2024-06-05T11:12:54","date_gmt":"2024-06-05T14:12:54","guid":{"rendered":"https:\/\/radiorevelacionfm.cl\/?p=42826"},"modified":"2024-06-05T11:12:54","modified_gmt":"2024-06-05T14:12:54","slug":"inician-diplomado-en-transversalizacion-de-la-perspectiva-de-genero-en-la-gestion-municipal-en-la-region-de-aysen","status":"publish","type":"post","link":"https:\/\/radiorevelacionfm.cl\/?p=42826","title":{"rendered":"Inician diplomado en Transversalizaci\u00f3n de la Perspectiva de G\u00e9nero en la Gesti\u00f3n Municipal en la Regi\u00f3n de Ays\u00e9n"},"content":{"rendered":"<div class=\"flex_column av_one_full  flex_column_div av-zero-column-padding first  avia-builder-el-0  el_before_av_one_full  avia-builder-el-first  \" style='border-radius:0px; '><div  class='avia-image-container  av-styling-    avia-builder-el-1  avia-builder-el-no-sibling  avia-align-center '  itemprop=\"image\" itemscope=\"itemscope\" itemtype=\"https:\/\/schema.org\/ImageObject\"  ><div class='avia-image-container-inner'><div class='avia-image-overlay-wrap'><img decoding=\"async\" class='wp-image-42827 avia-img-lazy-loading-not-42827 avia_image' src=\"https:\/\/radiorevelacionfm.cl\/wp-content\/uploads\/2024\/06\/DSC05550-1-1.jpg\" alt='' title='DSC05550 (1) (1)' height=\"600\" width=\"900\"  itemprop=\"thumbnailUrl\" srcset=\"https:\/\/radiorevelacionfm.cl\/wp-content\/uploads\/2024\/06\/DSC05550-1-1.jpg 900w, https:\/\/radiorevelacionfm.cl\/wp-content\/uploads\/2024\/06\/DSC05550-1-1-300x200.jpg 300w, https:\/\/radiorevelacionfm.cl\/wp-content\/uploads\/2024\/06\/DSC05550-1-1-768x512.jpg 768w, https:\/\/radiorevelacionfm.cl\/wp-content\/uploads\/2024\/06\/DSC05550-1-1-705x470.jpg 705w, https:\/\/radiorevelacionfm.cl\/wp-content\/uploads\/2024\/06\/DSC05550-1-1-450x300.jpg 450w, https:\/\/radiorevelacionfm.cl\/wp-content\/uploads\/2024\/06\/DSC05550-1-1-600x400.jpg 600w\" sizes=\"(max-width: 900px) 100vw, 900px\" \/><\/div><\/div><\/div><\/div><div class=\"flex_column av_one_full  flex_column_div av-zero-column-padding first  avia-builder-el-2  el_after_av_one_full  el_before_av_one_full  column-top-margin\" style='border-radius:0px; '><section class=\"av_textblock_section \"  itemscope=\"itemscope\" itemtype=\"https:\/\/schema.org\/BlogPosting\" itemprop=\"blogPost\" ><div class='avia_textblock  '   itemprop=\"text\" ><p style=\"text-align: center;\"><span style=\"font-size: 18pt;\"><strong>Inician diplomado en <em>Transversalizaci\u00f3n de la Perspectiva de G\u00e9nero en la Gesti\u00f3n Municipal<\/em> en la Regi\u00f3n de Ays\u00e9n<\/strong><\/span><\/p>\n<div id=\"gtx-trans\" style=\"position: absolute; left: -50px; top: 4.31534px;\">\n<div class=\"gtx-trans-icon\"><\/div>\n<\/div>\n<\/div><\/section><\/div><div class=\"flex_column av_one_full  flex_column_div av-zero-column-padding first  avia-builder-el-4  el_after_av_one_full  el_before_av_hr  column-top-margin\" style='border-radius:0px; '><section class=\"av_textblock_section \"  itemscope=\"itemscope\" itemtype=\"https:\/\/schema.org\/BlogPosting\" itemprop=\"blogPost\" ><div class='avia_textblock  '   itemprop=\"text\" ><p style=\"text-align: justify;\">El d\u00eda 7 de mayo se dio inicio al diplomado en \u201c<em>Transversalizaci\u00f3n de la Perspectiva de G\u00e9nero en la Gesti\u00f3n Municipal\u201d, <\/em>un ambicioso y necesario proyecto educativo en la Regi\u00f3n de Ays\u00e9n, que comenz\u00f3 a impartir la Universidad de Ays\u00e9n, en estrecha colaboraci\u00f3n con el Gobierno Regional de Ays\u00e9n y su Consejo, financiado por el Fondo para la Competitividad Regional FIC, el que est\u00e1 dise\u00f1ado para fortalecer las capacidades de los funcionarios municipales y p\u00fablicos, impulsando una gesti\u00f3n de iniciativas p\u00fablicas m\u00e1s equitativas e inclusivas.<\/p>\n<p style=\"text-align: justify;\">El objetivo principal del diplomado es proporcionar a los funcionarios municipales y p\u00fablicos de la regi\u00f3n de Ays\u00e9n las herramientas y conocimientos necesarios para integrar de manera efectiva la perspectiva de g\u00e9nero en sus labores diarias. Con un \u00e9nfasis especial en la violencia de g\u00e9nero, el programa busca sensibilizar y capacitar a los participantes sobre la importancia de considerar la igualdad de g\u00e9nero en la planificaci\u00f3n y ejecuci\u00f3n de pol\u00edticas p\u00fablicas.<\/p>\n<p style=\"text-align: justify;\">El diplomado se desarrollar\u00e1 en modalidad <em>b-learning<\/em> desde mayo hasta noviembre de 2024. Esta modalidad combina la flexibilidad del aprendizaje en l\u00ednea con la interacci\u00f3n y pr\u00e1ctica de dos talleres presenciales.<\/p>\n<p style=\"text-align: justify;\">Los talleres se llevar\u00e1n a cabo en las localidades de Cisnes, Cochrane y Coyhaique, facilitando as\u00ed el acceso a los funcionarios de diversas zonas de la regi\u00f3n. El equipo del proyecto se desplazar\u00e1 hasta estas localidades para impartir las jornadas presenciales, garantizando una formaci\u00f3n completa y accesible.<\/p>\n<p style=\"text-align: justify;\">Durante los meses de duraci\u00f3n del diplomado, los participantes abordar\u00e1n una serie de m\u00f3dulos dise\u00f1ados para proporcionar una comprensi\u00f3n integral de la perspectiva de g\u00e9nero en la gesti\u00f3n p\u00fablica. Los m\u00f3dulos incluyen:<\/p>\n<ul style=\"text-align: justify;\">\n<li>G\u00e9nero y Desarrollo: Explora c\u00f3mo las consideraciones de g\u00e9nero influyen en el desarrollo econ\u00f3mico y social.<\/li>\n<li>Violencia de G\u00e9nero: Proporciona un marco para entender y abordar la violencia de g\u00e9nero en la comunidad.<\/li>\n<li>Transversalizaci\u00f3n de la Perspectiva de G\u00e9nero: Ense\u00f1a c\u00f3mo integrar la perspectiva de g\u00e9nero en todas las etapas de la gesti\u00f3n municipal.<\/li>\n<li>Buenas Pr\u00e1cticas Laborales: Ofrece estrategias para promover la igualdad de g\u00e9nero en el lugar de trabajo.<\/li>\n<li>Trabajo en Red: Destaca la importancia de la colaboraci\u00f3n interinstitucional para abordar problemas de g\u00e9nero.<\/li>\n<li>Innovaci\u00f3n Territorial: Presenta enfoques innovadores para aplicar la perspectiva de g\u00e9nero en el desarrollo territorial.<\/li>\n<\/ul>\n<p style=\"text-align: justify;\">Este diplomado no solo busca mejorar la capacidad t\u00e9cnica de los funcionarios municipales y p\u00fablicos, sino tambi\u00e9n fomentar una cultura organizacional que valore y promueva la igualdad de g\u00e9nero. Se espera que los conocimientos y habilidades adquiridos durante el programa se traduzcan en pol\u00edticas y pr\u00e1cticas municipales m\u00e1s inclusivas, beneficiando a toda la comunidad de la regi\u00f3n de Ays\u00e9n.<\/p>\n<p style=\"text-align: justify;\">La iniciativa representa un paso crucial hacia una gesti\u00f3n municipal m\u00e1s equitativa y sensible, reforzando el compromiso de la regi\u00f3n de Ays\u00e9n con la igualdad y la justicia social.<\/p>\n<\/div><\/section><\/div><div  style='height:50px' class='hr hr-invisible   avia-builder-el-6  el_after_av_one_full  el_before_av_social_share '><span class='hr-inner ' ><span class='hr-inner-style'><\/span><\/span><\/div><\/p>\n<div  class='av-social-sharing-box  avia-builder-el-7  el_after_av_hr  el_before_av_hr  '><div class='av-share-box'><h5 class='av-share-link-description av-no-toc '>Compartir esta noticia<\/h5><ul class='av-share-box-list noLightbox'><li class='av-share-link av-social-link-facebook' ><a target=\"_blank\" aria-label=\"Compartir en Facebook\" href='https:\/\/www.facebook.com\/sharer.php?u=https:\/\/radiorevelacionfm.cl\/?p=42826&#038;t=Inician%20diplomado%20en%20Transversalizaci%C3%B3n%20de%20la%20Perspectiva%20de%20G%C3%A9nero%20en%20la%20Gesti%C3%B3n%20Municipal%20en%20la%20Regi%C3%B3n%20de%20Ays%C3%A9n' aria-hidden='false' data-av_icon='\ue8f3' data-av_iconfont='entypo-fontello' title='' data-avia-related-tooltip='Compartir en Facebook' rel=\"noopener\"><span class='avia_hidden_link_text'>Compartir en Facebook<\/span><\/a><\/li><li class='av-share-link av-social-link-twitter' ><a target=\"_blank\" aria-label=\"Compartir en Twitter\" href='https:\/\/twitter.com\/share?text=Inician%20diplomado%20en%20Transversalizaci%C3%B3n%20de%20la%20Perspectiva%20de%20G%C3%A9nero%20en%20la%20Gesti%C3%B3n%20Municipal%20en%20la%20Regi%C3%B3n%20de%20Ays%C3%A9n&#038;url=https:\/\/radiorevelacionfm.cl\/?p=42826' aria-hidden='false' data-av_icon='\ue8f1' data-av_iconfont='entypo-fontello' title='' data-avia-related-tooltip='Compartir en Twitter' rel=\"noopener\"><span class='avia_hidden_link_text'>Compartir en Twitter<\/span><\/a><\/li><li class='av-share-link av-social-link-whatsapp' ><a target=\"_blank\" aria-label=\"Compartir en Whatsapp\" href='https:\/\/api.whatsapp.com\/send?text=https:\/\/radiorevelacionfm.cl\/?p=42826' aria-hidden='false' data-av_icon='\uf232' data-av_iconfont='entypo-fontello' title='' data-avia-related-tooltip='Compartir en Whatsapp' rel=\"noopener\"><span class='avia_hidden_link_text'>Compartir en Whatsapp<\/span><\/a><\/li><li class='av-share-link av-social-link-linkedin' ><a target=\"_blank\" aria-label=\"Compartir en LinkedIn\" href='https:\/\/linkedin.com\/shareArticle?mini=true&#038;title=Inician%20diplomado%20en%20Transversalizaci%C3%B3n%20de%20la%20Perspectiva%20de%20G%C3%A9nero%20en%20la%20Gesti%C3%B3n%20Municipal%20en%20la%20Regi%C3%B3n%20de%20Ays%C3%A9n&#038;url=https:\/\/radiorevelacionfm.cl\/?p=42826' aria-hidden='false' data-av_icon='\ue8fc' data-av_iconfont='entypo-fontello' title='' data-avia-related-tooltip='Compartir en LinkedIn' rel=\"noopener\"><span class='avia_hidden_link_text'>Compartir en LinkedIn<\/span><\/a><\/li><li class='av-share-link av-social-link-mail' ><a  aria-label=\"Compartir por correo\" href='mailto:?subject=Inician%20diplomado%20en%20Transversalizaci%C3%B3n%20de%20la%20Perspectiva%20de%20G%C3%A9nero%20en%20la%20Gesti%C3%B3n%20Municipal%20en%20la%20Regi%C3%B3n%20de%20Ays%C3%A9n&#038;body=https:\/\/radiorevelacionfm.cl\/?p=42826' aria-hidden='false' data-av_icon='\ue805' data-av_iconfont='entypo-fontello' title='' data-avia-related-tooltip='Compartir por correo'><span class='avia_hidden_link_text'>Compartir por correo<\/span><\/a><\/li><\/ul><\/div><\/div>\n<div  style='height:50px' class='hr hr-invisible   avia-builder-el-8  el_after_av_social_share  el_before_av_comments_list '><span class='hr-inner ' ><span class='hr-inner-style'><\/span><\/span><\/div>\n<div  class='av-buildercomment  av-blog-meta-html-info-disabled av-blog-meta-tag-disabled  '><\/div>\n","protected":false},"excerpt":{"rendered":"","protected":false},"author":1,"featured_media":42827,"comment_status":"open","ping_status":"open","sticky":false,"template":"","format":"standard","meta":{"footnotes":""},"categories":[49],"tags":[],"class_list":["post-42826","post","type-post","status-publish","format-standard","has-post-thumbnail","hentry","category-educacion"],"jetpack_featured_media_url":"https:\/\/radiorevelacionfm.cl\/wp-content\/uploads\/2024\/06\/DSC05550-1-1.jpg","_links":{"self":[{"href":"https:\/\/radiorevelacionfm.cl\/index.php?rest_route=\/wp\/v2\/posts\/42826","targetHints":{"allow":["GET"]}}],"collection":[{"href":"https:\/\/radiorevelacionfm.cl\/index.php?rest_route=\/wp\/v2\/posts"}],"about":[{"href":"https:\/\/radiorevelacionfm.cl\/index.php?rest_route=\/wp\/v2\/types\/post"}],"author":[{"embeddable":true,"href":"https:\/\/radiorevelacionfm.cl\/index.php?rest_route=\/wp\/v2\/users\/1"}],"replies":[{"embeddable":true,"href":"https:\/\/radiorevelacionfm.cl\/index.php?rest_route=%2Fwp%2Fv2%2Fcomments&post=42826"}],"version-history":[{"count":1,"href":"https:\/\/radiorevelacionfm.cl\/index.php?rest_route=\/wp\/v2\/posts\/42826\/revisions"}],"predecessor-version":[{"id":42828,"href":"https:\/\/radiorevelacionfm.cl\/index.php?rest_route=\/wp\/v2\/posts\/42826\/revisions\/42828"}],"wp:featuredmedia":[{"embeddable":true,"href":"https:\/\/radiorevelacionfm.cl\/index.php?rest_route=\/wp\/v2\/media\/42827"}],"wp:attachment":[{"href":"https:\/\/radiorevelacionfm.cl\/index.php?rest_route=%2Fwp%2Fv2%2Fmedia&parent=42826"}],"wp:term":[{"taxonomy":"category","embeddable":true,"href":"https:\/\/radiorevelacionfm.cl\/index.php?rest_route=%2Fwp%2Fv2%2Fcategories&post=42826"},{"taxonomy":"post_tag","embeddable":true,"href":"https:\/\/radiorevelacionfm.cl\/index.php?rest_route=%2Fwp%2Fv2%2Ftags&post=42826"}],"curies":[{"name":"wp","href":"https:\/\/api.w.org\/{rel}","templated":true}]}}