{"id":42823,"date":"2024-06-04T13:29:26","date_gmt":"2024-06-04T16:29:26","guid":{"rendered":"https:\/\/radiorevelacionfm.cl\/?p=42823"},"modified":"2024-06-04T13:29:26","modified_gmt":"2024-06-04T16:29:26","slug":"sernameg-lanza-programa-de-prevencion-en-coyhaique-y-refuerza-su-oferta-para-abordar-las-violencias-de-genero","status":"publish","type":"post","link":"https:\/\/radiorevelacionfm.cl\/?p=42823","title":{"rendered":"SernamEG lanza Programa de Prevenci\u00f3n en Coyhaique y refuerza su oferta para abordar las violencias de g\u00e9nero"},"content":{"rendered":"<div class=\"flex_column av_one_full  flex_column_div av-zero-column-padding first  avia-builder-el-0  el_before_av_one_full  avia-builder-el-first  \" style='border-radius:0px; '><div  class='avia-image-container  av-styling-    avia-builder-el-1  avia-builder-el-no-sibling  avia-align-center '  itemprop=\"image\" itemscope=\"itemscope\" itemtype=\"https:\/\/schema.org\/ImageObject\"  ><div class='avia-image-container-inner'><div class='avia-image-overlay-wrap'><img decoding=\"async\" class='wp-image-42824 avia-img-lazy-loading-not-42824 avia_image' src=\"https:\/\/radiorevelacionfm.cl\/wp-content\/uploads\/2024\/06\/prevencion-1-1_optimized.jpeg\" alt='' title='prevenci\u00f3n-1-(1)_optimized' height=\"600\" width=\"800\"  itemprop=\"thumbnailUrl\" srcset=\"https:\/\/radiorevelacionfm.cl\/wp-content\/uploads\/2024\/06\/prevencion-1-1_optimized.jpeg 800w, https:\/\/radiorevelacionfm.cl\/wp-content\/uploads\/2024\/06\/prevencion-1-1_optimized-300x225.jpeg 300w, https:\/\/radiorevelacionfm.cl\/wp-content\/uploads\/2024\/06\/prevencion-1-1_optimized-768x576.jpeg 768w, https:\/\/radiorevelacionfm.cl\/wp-content\/uploads\/2024\/06\/prevencion-1-1_optimized-705x529.jpeg 705w, https:\/\/radiorevelacionfm.cl\/wp-content\/uploads\/2024\/06\/prevencion-1-1_optimized-450x338.jpeg 450w, https:\/\/radiorevelacionfm.cl\/wp-content\/uploads\/2024\/06\/prevencion-1-1_optimized-600x450.jpeg 600w\" sizes=\"(max-width: 800px) 100vw, 800px\" \/><\/div><\/div><\/div><\/div><div class=\"flex_column av_one_full  flex_column_div av-zero-column-padding first  avia-builder-el-2  el_after_av_one_full  el_before_av_one_full  column-top-margin\" style='border-radius:0px; '><section class=\"av_textblock_section \"  itemscope=\"itemscope\" itemtype=\"https:\/\/schema.org\/BlogPosting\" itemprop=\"blogPost\" ><div class='avia_textblock  '   itemprop=\"text\" ><p style=\"text-align: center;\"><strong><span style=\"font-size: 18pt;\">SernamEG lanza Programa de Prevenci\u00f3n en Coyhaique y refuerza su oferta para abordar las violencias de g\u00e9nero<\/span><\/strong><\/p>\n<div id=\"gtx-trans\" style=\"position: absolute; left: -50px; top: 4.31534px;\">\n<div class=\"gtx-trans-icon\"><\/div>\n<\/div>\n<\/div><\/section><\/div><div class=\"flex_column av_one_full  flex_column_div av-zero-column-padding first  avia-builder-el-4  el_after_av_one_full  el_before_av_hr  column-top-margin\" style='border-radius:0px; '><section class=\"av_textblock_section \"  itemscope=\"itemscope\" itemtype=\"https:\/\/schema.org\/BlogPosting\" itemprop=\"blogPost\" ><div class='avia_textblock  '   itemprop=\"text\" ><p dir=\"ltr\" style=\"text-align: justify;\">El Servicio Nacional de la Mujer y la Equidad de G\u00e9nero (SernamEG) de la Regi\u00f3n de Ays\u00e9n, junto a la Ilustre Municipalidad de Coyhaique, dieron el vamos al Programa de Prevenci\u00f3n de las Violencias de G\u00e9nero en la comuna, que este a\u00f1o responde a un modelo de intervenci\u00f3n enfocado principalmente en el trabajo con las organizaciones sociales y educativas, adem\u00e1s del hecho de que se considera en el dise\u00f1o actual a las diversidades sexo-gen\u00e9ricas.<\/p>\n<p dir=\"ltr\" style=\"text-align: justify;\">\u00abAhora el tema de la violencia lo estamos abordando como una problem\u00e1tica que compete a la sociedad en su totalidad y, por lo tanto, ac\u00e1 toda la poblaci\u00f3n tiene un rol activo en materias de violencia, para hacer las denuncias correspondientes, para generar temas de prevenci\u00f3n con las vecinas y vecinos. La idea es poder trabajar directamente con las organizaciones de la sociedad civil en el territorio\u00bb, explic\u00f3 la Directora Regional de SernamEG, Patricia Baeza Cabezas.<\/p>\n<p dir=\"ltr\" style=\"text-align: justify;\">Este programa busca prevenir tempranamente la discriminaci\u00f3n y violencia de g\u00e9nero en los distintos contextos y realidades de la comuna, a trav\u00e9s de procesos sociales y acciones que permitan promover las relaciones igualitarias y respetuosas entre personas. Esto se hace a\u00fan m\u00e1s relevante hoy, sobre todo en lo que respecta a violencia contra la mujer, con las cifras de violencia intrafamiliar en la regi\u00f3n al alza, y particularmente en Coyhaique, donde este a\u00f1o ya han ocurrido tres femicidios frustrados.<\/p>\n<p dir=\"ltr\" style=\"text-align: justify;\">\u00abQueremos ratificar el compromiso de la Municipalidad de Coyhaique y del alcalde, Carlos Gatica Villegas, con la prevenci\u00f3n de las violencias de g\u00e9nero (&#8230;) este programa hoy se abre y nos permite llegar a un segmento de la sociedad que no est\u00e1bamos llegando, que tiene que ver con las organizaciones comunitarias y civiles\u00bb, sostuvo la administradora municipal Gabriela Retamal.<\/p>\n<p dir=\"ltr\" style=\"text-align: justify;\">El lanzamiento de este programa en Coyhaique se da casi en paralelo con la Cuenta P\u00fablica de SernamEG a nivel nacional, donde la Directora del servicio, Priscila Carrasco Pizarro, dio un discurso enfatizando en el redise\u00f1o program\u00e1tico del \u00e1rea de Violencias de G\u00e9nero y la ampliaci\u00f3n de los conceptos de prevenci\u00f3n, atenci\u00f3n y reparaci\u00f3n, para contar con m\u00e1s herramientas y nuevas intervenciones, trabajando por primera vez de la mano de las organizaciones.<\/p>\n<p dir=\"ltr\" style=\"text-align: justify;\">\u00abEs un cambio de paradigma centrado en la calidad de las atenciones y en la adaptaci\u00f3n a escenarios diversos, que nos permitan llegar a tiempo a m\u00e1s mujeres y de mejor forma\u00bb, afirm\u00f3 la Directora Nacional, precisando que \u00abprevenir la violencia es una responsabilidad compartida que involucra a todas las instituciones y a la comunidad. Al ser un problema de seguridad p\u00fablica, es prioritario abordarlo desde esta perspectiva\u00bb.<\/p>\n<\/div><\/section><\/div><div  style='height:50px' class='hr hr-invisible   avia-builder-el-6  el_after_av_one_full  el_before_av_social_share '><span class='hr-inner ' ><span class='hr-inner-style'><\/span><\/span><\/div><\/p>\n<div  class='av-social-sharing-box  avia-builder-el-7  el_after_av_hr  el_before_av_hr  '><div class='av-share-box'><h5 class='av-share-link-description av-no-toc '>Compartir esta noticia<\/h5><ul class='av-share-box-list noLightbox'><li class='av-share-link av-social-link-facebook' ><a target=\"_blank\" aria-label=\"Compartir en Facebook\" href='https:\/\/www.facebook.com\/sharer.php?u=https:\/\/radiorevelacionfm.cl\/?p=42823&#038;t=SernamEG%20lanza%20Programa%20de%20Prevenci%C3%B3n%20en%20Coyhaique%20y%20refuerza%20su%20oferta%20para%20abordar%20las%20violencias%20de%20g%C3%A9nero' aria-hidden='false' data-av_icon='\ue8f3' data-av_iconfont='entypo-fontello' title='' data-avia-related-tooltip='Compartir en Facebook' rel=\"noopener\"><span class='avia_hidden_link_text'>Compartir en Facebook<\/span><\/a><\/li><li class='av-share-link av-social-link-twitter' ><a target=\"_blank\" aria-label=\"Compartir en Twitter\" href='https:\/\/twitter.com\/share?text=SernamEG%20lanza%20Programa%20de%20Prevenci%C3%B3n%20en%20Coyhaique%20y%20refuerza%20su%20oferta%20para%20abordar%20las%20violencias%20de%20g%C3%A9nero&#038;url=https:\/\/radiorevelacionfm.cl\/?p=42823' aria-hidden='false' data-av_icon='\ue8f1' data-av_iconfont='entypo-fontello' title='' data-avia-related-tooltip='Compartir en Twitter' rel=\"noopener\"><span class='avia_hidden_link_text'>Compartir en Twitter<\/span><\/a><\/li><li class='av-share-link av-social-link-whatsapp' ><a target=\"_blank\" aria-label=\"Compartir en Whatsapp\" href='https:\/\/api.whatsapp.com\/send?text=https:\/\/radiorevelacionfm.cl\/?p=42823' aria-hidden='false' data-av_icon='\uf232' data-av_iconfont='entypo-fontello' title='' data-avia-related-tooltip='Compartir en Whatsapp' rel=\"noopener\"><span class='avia_hidden_link_text'>Compartir en Whatsapp<\/span><\/a><\/li><li class='av-share-link av-social-link-linkedin' ><a target=\"_blank\" aria-label=\"Compartir en LinkedIn\" href='https:\/\/linkedin.com\/shareArticle?mini=true&#038;title=SernamEG%20lanza%20Programa%20de%20Prevenci%C3%B3n%20en%20Coyhaique%20y%20refuerza%20su%20oferta%20para%20abordar%20las%20violencias%20de%20g%C3%A9nero&#038;url=https:\/\/radiorevelacionfm.cl\/?p=42823' aria-hidden='false' data-av_icon='\ue8fc' data-av_iconfont='entypo-fontello' title='' data-avia-related-tooltip='Compartir en LinkedIn' rel=\"noopener\"><span class='avia_hidden_link_text'>Compartir en LinkedIn<\/span><\/a><\/li><li class='av-share-link av-social-link-mail' ><a  aria-label=\"Compartir por correo\" href='mailto:?subject=SernamEG%20lanza%20Programa%20de%20Prevenci%C3%B3n%20en%20Coyhaique%20y%20refuerza%20su%20oferta%20para%20abordar%20las%20violencias%20de%20g%C3%A9nero&#038;body=https:\/\/radiorevelacionfm.cl\/?p=42823' aria-hidden='false' data-av_icon='\ue805' data-av_iconfont='entypo-fontello' title='' data-avia-related-tooltip='Compartir por correo'><span class='avia_hidden_link_text'>Compartir por correo<\/span><\/a><\/li><\/ul><\/div><\/div>\n<div  style='height:50px' class='hr hr-invisible   avia-builder-el-8  el_after_av_social_share  el_before_av_comments_list '><span class='hr-inner ' ><span class='hr-inner-style'><\/span><\/span><\/div>\n<div  class='av-buildercomment  av-blog-meta-html-info-disabled av-blog-meta-tag-disabled  '><\/div>\n","protected":false},"excerpt":{"rendered":"","protected":false},"author":1,"featured_media":42824,"comment_status":"open","ping_status":"open","sticky":false,"template":"","format":"standard","meta":{"footnotes":""},"categories":[38],"tags":[],"class_list":["post-42823","post","type-post","status-publish","format-standard","has-post-thumbnail","hentry","category-regional"],"jetpack_featured_media_url":"https:\/\/radiorevelacionfm.cl\/wp-content\/uploads\/2024\/06\/prevencion-1-1_optimized.jpeg","_links":{"self":[{"href":"https:\/\/radiorevelacionfm.cl\/index.php?rest_route=\/wp\/v2\/posts\/42823","targetHints":{"allow":["GET"]}}],"collection":[{"href":"https:\/\/radiorevelacionfm.cl\/index.php?rest_route=\/wp\/v2\/posts"}],"about":[{"href":"https:\/\/radiorevelacionfm.cl\/index.php?rest_route=\/wp\/v2\/types\/post"}],"author":[{"embeddable":true,"href":"https:\/\/radiorevelacionfm.cl\/index.php?rest_route=\/wp\/v2\/users\/1"}],"replies":[{"embeddable":true,"href":"https:\/\/radiorevelacionfm.cl\/index.php?rest_route=%2Fwp%2Fv2%2Fcomments&post=42823"}],"version-history":[{"count":1,"href":"https:\/\/radiorevelacionfm.cl\/index.php?rest_route=\/wp\/v2\/posts\/42823\/revisions"}],"predecessor-version":[{"id":42825,"href":"https:\/\/radiorevelacionfm.cl\/index.php?rest_route=\/wp\/v2\/posts\/42823\/revisions\/42825"}],"wp:featuredmedia":[{"embeddable":true,"href":"https:\/\/radiorevelacionfm.cl\/index.php?rest_route=\/wp\/v2\/media\/42824"}],"wp:attachment":[{"href":"https:\/\/radiorevelacionfm.cl\/index.php?rest_route=%2Fwp%2Fv2%2Fmedia&parent=42823"}],"wp:term":[{"taxonomy":"category","embeddable":true,"href":"https:\/\/radiorevelacionfm.cl\/index.php?rest_route=%2Fwp%2Fv2%2Fcategories&post=42823"},{"taxonomy":"post_tag","embeddable":true,"href":"https:\/\/radiorevelacionfm.cl\/index.php?rest_route=%2Fwp%2Fv2%2Ftags&post=42823"}],"curies":[{"name":"wp","href":"https:\/\/api.w.org\/{rel}","templated":true}]}}