{"id":42820,"date":"2024-06-03T19:35:40","date_gmt":"2024-06-03T22:35:40","guid":{"rendered":"https:\/\/radiorevelacionfm.cl\/?p=42820"},"modified":"2024-06-03T19:35:40","modified_gmt":"2024-06-03T22:35:40","slug":"golpe-al-narcotrafico-en-aysen-detienen-a-dos-sujetos-con-cocaina-avaluada-en-mas-de-40-millones-de-pesos","status":"publish","type":"post","link":"https:\/\/radiorevelacionfm.cl\/?p=42820","title":{"rendered":"Golpe al narcotr\u00e1fico en Ays\u00e9n: Detienen a dos sujetos con coca\u00edna avaluada en m\u00e1s de 40 millones de pesos"},"content":{"rendered":"<div class=\"flex_column av_one_full  flex_column_div av-zero-column-padding first  avia-builder-el-0  el_before_av_one_full  avia-builder-el-first  \" style='border-radius:0px; '><div  class='avia-image-container  av-styling-    avia-builder-el-1  avia-builder-el-no-sibling  avia-align-center '  itemprop=\"image\" itemscope=\"itemscope\" itemtype=\"https:\/\/schema.org\/ImageObject\"  ><div class='avia-image-container-inner'><div class='avia-image-overlay-wrap'><img decoding=\"async\" class='wp-image-42821 avia-img-lazy-loading-not-42821 avia_image' src=\"https:\/\/radiorevelacionfm.cl\/wp-content\/uploads\/2024\/06\/20240603_090801-1-1.jpg\" alt='' title='20240603_090801 (1) (1)' height=\"600\" width=\"800\"  itemprop=\"thumbnailUrl\" srcset=\"https:\/\/radiorevelacionfm.cl\/wp-content\/uploads\/2024\/06\/20240603_090801-1-1.jpg 800w, https:\/\/radiorevelacionfm.cl\/wp-content\/uploads\/2024\/06\/20240603_090801-1-1-300x225.jpg 300w, https:\/\/radiorevelacionfm.cl\/wp-content\/uploads\/2024\/06\/20240603_090801-1-1-768x576.jpg 768w, https:\/\/radiorevelacionfm.cl\/wp-content\/uploads\/2024\/06\/20240603_090801-1-1-705x529.jpg 705w, https:\/\/radiorevelacionfm.cl\/wp-content\/uploads\/2024\/06\/20240603_090801-1-1-450x338.jpg 450w, https:\/\/radiorevelacionfm.cl\/wp-content\/uploads\/2024\/06\/20240603_090801-1-1-600x450.jpg 600w\" sizes=\"(max-width: 800px) 100vw, 800px\" \/><\/div><\/div><\/div><\/div><div class=\"flex_column av_one_full  flex_column_div av-zero-column-padding first  avia-builder-el-2  el_after_av_one_full  el_before_av_one_full  column-top-margin\" style='border-radius:0px; '><section class=\"av_textblock_section \"  itemscope=\"itemscope\" itemtype=\"https:\/\/schema.org\/BlogPosting\" itemprop=\"blogPost\" ><div class='avia_textblock  '   itemprop=\"text\" ><p style=\"text-align: center;\"><strong><span style=\"font-size: 18pt;\">Golpe al narcotr\u00e1fico en Ays\u00e9n: Detienen a dos sujetos con coca\u00edna avaluada en m\u00e1s de 40 millones de pesos<\/span><\/strong><\/p>\n<div id=\"gtx-trans\" style=\"position: absolute; left: -50px; top: 4.31534px;\">\n<div class=\"gtx-trans-icon\"><\/div>\n<\/div>\n<\/div><\/section><\/div><div class=\"flex_column av_one_full  flex_column_div av-zero-column-padding first  avia-builder-el-4  el_after_av_one_full  el_before_av_hr  column-top-margin\" style='border-radius:0px; '><section class=\"av_textblock_section \"  itemscope=\"itemscope\" itemtype=\"https:\/\/schema.org\/BlogPosting\" itemprop=\"blogPost\" ><div class='avia_textblock  '   itemprop=\"text\" ><p style=\"text-align: justify;\">Gracias a un trabajo coordinado entre la PDI, la Armada de Chile, Aduanas y el Ministerio P\u00fablico, se logr\u00f3 la detenci\u00f3n de dos sujetos implicados por el delito de Tr\u00e1fico de Drogas en la regi\u00f3n de Ays\u00e9n. El prefecto Jorge Collao, jefe de la Brigada Antinarc\u00f3ticos y Contra el Crimen Organizado (BRIANCO) Coyhaique, inform\u00f3 que la detenci\u00f3n se produjo luego del hallazgo de m\u00e1s de dos kilos de Clorhidrato de Coca\u00edna que ingresaban a la regi\u00f3n mediante una barcaza en el puerto Ra\u00fal Mar\u00edn Balmaceda. \u201cA trav\u00e9s de un trabajo en conjunto que se hizo con Aduanas y la Armada de Chile, tambi\u00e9n con el Ministerio P\u00fablico, se logr\u00f3 detener a un sujeto, inicialmente en puerto de Ra\u00fal Mar\u00edn Balmaceda, que transportaba cerca de 8.000 dosis de Clorhidrato de Coca\u00edna. Una vez con estos antecedentes, esta incautaci\u00f3n y la detenci\u00f3n de esta persona, se hicieron las coordinaciones con el Ministerio P\u00fablico y se utilizaron diversas t\u00e9cnicas amparada en la Ley 20.000, donde se logr\u00f3 detener finalmente al receptor de esta droga que corresponde a un ciudadano de nacionalidad colombiana\u201d. El subprefecto agreg\u00f3 que el avalu\u00f3 de lo incautado supera los 40 millones de pesos.<\/p>\n<p style=\"text-align: justify;\">La PDI, en lo que va del a\u00f1o ha logrado la incautaci\u00f3n de m\u00e1s de 14 kg de las distintas drogas, destacando la Cannabis y el Clorhidrato de Coca\u00edna.<\/p>\n<p style=\"text-align: justify;\">El detenido en el puerto fue interceptado con la droga, mientras que el destinatario, un ciudadano colombiano que se encuentra irregular en Chile, fue arrestado en Coyhaique. Ambos fueron presentados en el Juzgado de Puerto Cisnes para el control de detenci\u00f3n. \u201cEstamos a la espera del resultado de la audiencia. Pero lo cierto est\u00e1 en que sin duda un hallazgo de estas caracter\u00edsticas de m\u00e1s de dos kilos de clorhidrato de coca\u00edna que ven\u00edan ingresando a la regi\u00f3n es un golpe al narcotr\u00e1fico y sumado a la serie de incautaciones que se han producido dentro del a\u00f1o por parte de la Brigada Antinarc\u00f3ticos, dan cuenta de un trabajo relevante realizado por parte de las instituciones dedicadas al control de los ingresos de la regi\u00f3n en conjunto con la Fiscal\u00eda\u201d, coment\u00f3 el fiscal regional (s) Jos\u00e9 Moris.<\/p>\n<p style=\"text-align: justify;\">La operaci\u00f3n se bas\u00f3 en informaci\u00f3n obtenida por Aduanas, que realiza un an\u00e1lisis de riesgo de las naves que arriban a los puertos. Esta informaci\u00f3n fue compartida con la Polic\u00eda Mar\u00edtima y la PDI, quienes, con el apoyo de un can detector de drogas, lograron realizar el hallazgo. \u201cAduanas tiene como funci\u00f3n y como misi\u00f3n, fiscalizar todos los ingresos de mercanc\u00edas y salidas de mercanc\u00edas de las zonas de los puertos y espec\u00edficamente de las zonas primarias. Y en ese contexto es que se logr\u00f3 este hallazgo. Esto es un an\u00e1lisis, insisto, que hace la Unidad de An\u00e1lisis de Riesgo de nuestra Aduana y se relev\u00f3 y se coordin\u00f3 porque as\u00ed estamos trabajando, coordinados con las polic\u00edas, tanto con la Polic\u00eda Mar\u00edtima, con Carabineros y tambi\u00e9n con la Polic\u00eda de Investigaciones\u201d, expres\u00f3 el administrador de\u00a0Aduana\u00a0de Puerto\u00a0Ays\u00e9n, Isaac\u00a0Tudela.<\/p>\n<p style=\"text-align: justify;\">Desde la Armada de Chile destacaron el trabajo coordinado entre instituciones y expresaron que las constantes fiscalizaciones realizadas a las embarcaciones est\u00e1n dando buenos resultados. \u201cEsta barcaza sali\u00f3 desde el puerto de Quell\u00f3n, fue detectada en Ra\u00fal Mar\u00edn Balmaceda y continu\u00f3 su viaje hasta Puerto Chacabuco, donde la labor investigativa dio frutos en la ciudad de Coyhaique. Destacar el trabajo coordinado, conjunto y permanente de las instituciones para poder seguir trabajando, Para poder en el fondo prevenir detectar estos flagelos a la ley\u201d, puntualiz\u00f3 el capit\u00e1n de Puerto Chacabuco, capit\u00e1n de corbeta Sim\u00f3n Stuven.<\/p>\n<\/div><\/section><\/div><div  style='height:50px' class='hr hr-invisible   avia-builder-el-6  el_after_av_one_full  el_before_av_social_share '><span class='hr-inner ' ><span class='hr-inner-style'><\/span><\/span><\/div><\/p>\n<div  class='av-social-sharing-box  avia-builder-el-7  el_after_av_hr  el_before_av_hr  '><div class='av-share-box'><h5 class='av-share-link-description av-no-toc '>Compartir esta noticia<\/h5><ul class='av-share-box-list noLightbox'><li class='av-share-link av-social-link-facebook' ><a target=\"_blank\" aria-label=\"Compartir en Facebook\" href='https:\/\/www.facebook.com\/sharer.php?u=https:\/\/radiorevelacionfm.cl\/?p=42820&#038;t=Golpe%20al%20narcotr%C3%A1fico%20en%20Ays%C3%A9n%3A%20Detienen%20a%20dos%20sujetos%20con%20coca%C3%ADna%20avaluada%20en%20m%C3%A1s%20de%2040%20millones%20de%20pesos' aria-hidden='false' data-av_icon='\ue8f3' data-av_iconfont='entypo-fontello' title='' data-avia-related-tooltip='Compartir en Facebook' rel=\"noopener\"><span class='avia_hidden_link_text'>Compartir en Facebook<\/span><\/a><\/li><li class='av-share-link av-social-link-twitter' ><a target=\"_blank\" aria-label=\"Compartir en Twitter\" href='https:\/\/twitter.com\/share?text=Golpe%20al%20narcotr%C3%A1fico%20en%20Ays%C3%A9n%3A%20Detienen%20a%20dos%20sujetos%20con%20coca%C3%ADna%20avaluada%20en%20m%C3%A1s%20de%2040%20millones%20de%20pesos&#038;url=https:\/\/radiorevelacionfm.cl\/?p=42820' aria-hidden='false' data-av_icon='\ue8f1' data-av_iconfont='entypo-fontello' title='' data-avia-related-tooltip='Compartir en Twitter' rel=\"noopener\"><span class='avia_hidden_link_text'>Compartir en Twitter<\/span><\/a><\/li><li class='av-share-link av-social-link-whatsapp' ><a target=\"_blank\" aria-label=\"Compartir en Whatsapp\" href='https:\/\/api.whatsapp.com\/send?text=https:\/\/radiorevelacionfm.cl\/?p=42820' aria-hidden='false' data-av_icon='\uf232' data-av_iconfont='entypo-fontello' title='' data-avia-related-tooltip='Compartir en Whatsapp' rel=\"noopener\"><span class='avia_hidden_link_text'>Compartir en Whatsapp<\/span><\/a><\/li><li class='av-share-link av-social-link-linkedin' ><a target=\"_blank\" aria-label=\"Compartir en LinkedIn\" href='https:\/\/linkedin.com\/shareArticle?mini=true&#038;title=Golpe%20al%20narcotr%C3%A1fico%20en%20Ays%C3%A9n%3A%20Detienen%20a%20dos%20sujetos%20con%20coca%C3%ADna%20avaluada%20en%20m%C3%A1s%20de%2040%20millones%20de%20pesos&#038;url=https:\/\/radiorevelacionfm.cl\/?p=42820' aria-hidden='false' data-av_icon='\ue8fc' data-av_iconfont='entypo-fontello' title='' data-avia-related-tooltip='Compartir en LinkedIn' rel=\"noopener\"><span class='avia_hidden_link_text'>Compartir en LinkedIn<\/span><\/a><\/li><li class='av-share-link av-social-link-mail' ><a  aria-label=\"Compartir por correo\" href='mailto:?subject=Golpe%20al%20narcotr%C3%A1fico%20en%20Ays%C3%A9n%3A%20Detienen%20a%20dos%20sujetos%20con%20coca%C3%ADna%20avaluada%20en%20m%C3%A1s%20de%2040%20millones%20de%20pesos&#038;body=https:\/\/radiorevelacionfm.cl\/?p=42820' aria-hidden='false' data-av_icon='\ue805' data-av_iconfont='entypo-fontello' title='' data-avia-related-tooltip='Compartir por correo'><span class='avia_hidden_link_text'>Compartir por correo<\/span><\/a><\/li><\/ul><\/div><\/div>\n<div  style='height:50px' class='hr hr-invisible   avia-builder-el-8  el_after_av_social_share  el_before_av_comments_list '><span class='hr-inner ' ><span class='hr-inner-style'><\/span><\/span><\/div>\n<div  class='av-buildercomment  av-blog-meta-html-info-disabled av-blog-meta-tag-disabled  '><\/div>\n","protected":false},"excerpt":{"rendered":"","protected":false},"author":1,"featured_media":42821,"comment_status":"open","ping_status":"open","sticky":false,"template":"","format":"standard","meta":{"footnotes":""},"categories":[36],"tags":[],"class_list":["post-42820","post","type-post","status-publish","format-standard","has-post-thumbnail","hentry","category-policial"],"jetpack_featured_media_url":"https:\/\/radiorevelacionfm.cl\/wp-content\/uploads\/2024\/06\/20240603_090801-1-1.jpg","_links":{"self":[{"href":"https:\/\/radiorevelacionfm.cl\/index.php?rest_route=\/wp\/v2\/posts\/42820","targetHints":{"allow":["GET"]}}],"collection":[{"href":"https:\/\/radiorevelacionfm.cl\/index.php?rest_route=\/wp\/v2\/posts"}],"about":[{"href":"https:\/\/radiorevelacionfm.cl\/index.php?rest_route=\/wp\/v2\/types\/post"}],"author":[{"embeddable":true,"href":"https:\/\/radiorevelacionfm.cl\/index.php?rest_route=\/wp\/v2\/users\/1"}],"replies":[{"embeddable":true,"href":"https:\/\/radiorevelacionfm.cl\/index.php?rest_route=%2Fwp%2Fv2%2Fcomments&post=42820"}],"version-history":[{"count":1,"href":"https:\/\/radiorevelacionfm.cl\/index.php?rest_route=\/wp\/v2\/posts\/42820\/revisions"}],"predecessor-version":[{"id":42822,"href":"https:\/\/radiorevelacionfm.cl\/index.php?rest_route=\/wp\/v2\/posts\/42820\/revisions\/42822"}],"wp:featuredmedia":[{"embeddable":true,"href":"https:\/\/radiorevelacionfm.cl\/index.php?rest_route=\/wp\/v2\/media\/42821"}],"wp:attachment":[{"href":"https:\/\/radiorevelacionfm.cl\/index.php?rest_route=%2Fwp%2Fv2%2Fmedia&parent=42820"}],"wp:term":[{"taxonomy":"category","embeddable":true,"href":"https:\/\/radiorevelacionfm.cl\/index.php?rest_route=%2Fwp%2Fv2%2Fcategories&post=42820"},{"taxonomy":"post_tag","embeddable":true,"href":"https:\/\/radiorevelacionfm.cl\/index.php?rest_route=%2Fwp%2Fv2%2Ftags&post=42820"}],"curies":[{"name":"wp","href":"https:\/\/api.w.org\/{rel}","templated":true}]}}