{"id":4281,"date":"2021-05-19T11:04:12","date_gmt":"2021-05-19T14:04:12","guid":{"rendered":"https:\/\/radiorevelacionfm.cl\/?p=4281"},"modified":"2021-05-19T11:04:12","modified_gmt":"2021-05-19T14:04:12","slug":"ximena-ordenes-yo-vi-la-intervencion-en-sector-donde-se-construye-central-los-maquis","status":"publish","type":"post","link":"https:\/\/radiorevelacionfm.cl\/?p=4281","title":{"rendered":"Ximena \u00d3rdenes: \u00abYo vi la intervenci\u00f3n\u00bb en sector donde se construye central Los Maquis"},"content":{"rendered":"<div class=\"flex_column av_one_full  flex_column_div av-zero-column-padding first  avia-builder-el-0  el_before_av_one_full  avia-builder-el-first  \" style='border-radius:0px; '><div  class='avia-image-container  av-styling-    avia-builder-el-1  avia-builder-el-no-sibling  avia-align-center '  itemprop=\"image\" itemscope=\"itemscope\" itemtype=\"https:\/\/schema.org\/ImageObject\"  ><div class='avia-image-container-inner'><div class='avia-image-overlay-wrap'><img decoding=\"async\" class='wp-image-0 avia-img-lazy-loading-not-0 avia_image' src=\"https:\/\/radiorevelacionfm.cl\/wp-content\/uploads\/2021\/05\/Sesion-Baja-1-1.jpg\" alt='' title=''   itemprop=\"thumbnailUrl\"  \/><\/div><\/div><\/div><\/div><div class=\"flex_column av_one_full  flex_column_div av-zero-column-padding first  avia-builder-el-2  el_after_av_one_full  el_before_av_one_full  column-top-margin\" style='border-radius:0px; '><section class=\"av_textblock_section \"  itemscope=\"itemscope\" itemtype=\"https:\/\/schema.org\/BlogPosting\" itemprop=\"blogPost\" ><div class='avia_textblock  '   itemprop=\"text\" ><p style=\"text-align: center;\"><span style=\"font-size: 18pt;\"><strong><span lang=\"ES\">Ximena \u00d3rdenes: \u00abYo vi la intervenci\u00f3n\u00bb en sector donde se construye central Los Maquis<\/span><\/strong><\/span><\/p>\n<div id=\"gtx-trans\" style=\"position: absolute; left: -50px; top: 4.31534px;\">\n<div class=\"gtx-trans-icon\"><\/div>\n<\/div>\n<\/div><\/section><\/div><div class=\"flex_column av_one_full  flex_column_div av-zero-column-padding first  avia-builder-el-4  el_after_av_one_full  el_before_av_hr  column-top-margin\" style='border-radius:0px; '><section class=\"av_textblock_section \"  itemscope=\"itemscope\" itemtype=\"https:\/\/schema.org\/BlogPosting\" itemprop=\"blogPost\" ><div class='avia_textblock  '   itemprop=\"text\" ><p class=\"v1gmail-MsoListParagraph\" style=\"text-align: justify;\"><span lang=\"ES\">Legisladora presidi\u00f3 este lunes sesi\u00f3n donde se contrastaron las versiones de la empresa, organismos p\u00fablicos y representantes de vecinos y vecinas que han presentado acciones administrativas y legales exigiendo evaluaci\u00f3n de impacto ambiental y participaci\u00f3n ciudadana.<\/span><\/p>\n<p class=\"v1MsoNormal\" style=\"text-align: justify;\"><span lang=\"ES\">Con la frase \u00abyo cuando estuve vi la cascada, vi los pozones y vi la intervenci\u00f3n\u00bb la\u00a0presidenta de la Comisi\u00f3n de Medio Ambiente del Senado, Ximena \u00d3rdenes, replic\u00f3 al\u00a0gerente de Edelays\u00e9n, Marcelo Bobadilla,\u00a0sus afirmaciones de que todas las cr\u00edticas a la construcci\u00f3n del proyecto Los Maquis est\u00e1n basadas en versiones tergiversadas de la realidad.<\/span><\/p>\n<p class=\"v1MsoNormal\" style=\"text-align: justify;\"><span lang=\"ES\">La legisladora preside dicha instancia, integrada adem\u00e1s por los senadores Isabel Allende (PS), Jos\u00e9 Durana (UDI), Alfonso de Urresti (PS) y Rafael Prohens (RN). El objetivo de la sesi\u00f3n fue \u00abconocer y analizar las razones por las cuales el proyecto hidroel\u00e9ctrico central Los Maquis, ubicado en Puerto Guadal, regi\u00f3n de Ays\u00e9n, no ingres\u00f3 al Sistema de Evaluaci\u00f3n de Impacto Ambiental, habi\u00e9ndose autorizado su funcionamiento v\u00eda consulta de pertinencia\u00bb.\u00a0<\/span><\/p>\n<p class=\"v1MsoNormal\" style=\"text-align: justify;\"><span lang=\"ES\">\u00abEllos quiere ganar sobre la base de lo que dicen las redes sociales\u00bb fue la frase que utiliz\u00f3 Bobadilla para referirse a las im\u00e1genes y videos que ha publicado la red Los Maquis Libre para denunciar las intervenciones de las obras en el sector.\u00a0\u00a0Agreg\u00f3 que en este sentido todas las acciones legales y administrativas de la comunidad han sido rechazadas, aunque todav\u00eda queda pendiente lo que resuelva el Tribunal Ambiental de Valdivia.\u00a0<\/span><\/p>\n<p class=\"v1MsoNormal\" style=\"text-align: justify;\"><span lang=\"ES\">En este sentido, \u00d3rdenes record\u00f3 que \u00ablos tribunales har\u00e1n su trabajo, pero yo estoy convencida de que los est\u00e1ndares de Chile son bajos\u00bb. E hizo una pregunta gen\u00e9rica: \u00abSi el proyecto es tan inocuo, \u00bfpor qu\u00e9 no evaluarlo?\u00bb.<\/span><\/p>\n<p class=\"v1MsoNormal\" style=\"text-align: justify;\"><span lang=\"ES\">En la reuni\u00f3n el\u00a0asesor legal de los vecinos y vecinas, Erwin Sandoval\u00a0(del Estudio Jur\u00eddico LAWen), se refiri\u00f3 a los dichos de la empresa, cuyos ejecutivos aseguraron que los temas ambientales han sido analizados por el proyecto.\u00a0\u00a0\u00abLos antecedentes empezaron a aparecer cuando la comunidad reclam\u00f3. Yo le puedo hacer llegar los expedientes administrativos. La consulta de pertinencia fue una carta de no m\u00e1s de 20 p\u00e1ginas, con un estudio de estimaci\u00f3n de impactos al valor del paisaje que ni siquiera estaba firmado por un profesional\u00bb explic\u00f3.\u00a0\u00a0Agreg\u00f3 que esto luego se complement\u00f3 con una carta de 50 p\u00e1ginas, la que \u00abno acompa\u00f1\u00f3 ning\u00fan estudio adicional, y con eso se pronunci\u00f3 el Servicio de Evaluaci\u00f3n Ambiental, en agosto de 2019\u00bb.<\/span><\/p>\n<p class=\"v1MsoNormal\" style=\"text-align: justify;\"><span lang=\"ES\">\u00abLo que han intentado, desde entonces, es parchar, sin lograrlo por lo dem\u00e1s, una decisi\u00f3n adoptada sin antecedentes suficientes en agosto de 2019, con antecedentes acompa\u00f1ados en 2020 y 2021\u00bb especific\u00f3.<\/span><\/p>\n<p class=\"v1MsoNormal\" style=\"text-align: justify;\"><span lang=\"ES\">Tambi\u00e9n expuso la\u00a0representante de la Corporaci\u00f3n Chelenko, Jasmia Y\u00e1\u00f1ez, quien hizo un repaso sobre la importancia de la Zona de Inter\u00e9s Tur\u00edstico (ZOIT), considerando que el proyecto Los Maquis se construye al interior del pol\u00edgono. \u00abHoy la ZOIT Chelenko est\u00e1 posicionada, es un ejemplo, y eso nos insta a seguir trabajando por que nuestro objeto de conservaci\u00f3n, que es nuestro territorio, nuestro patrimonio, nuestra biodiversidad, sea respetado y se respete tambi\u00e9n la opini\u00f3n de las comunidades que han sido involucradas desde hace tantos a\u00f1os\u00bb puntualiz\u00f3.<\/span><\/p>\n<p class=\"v1MsoNormal\" style=\"text-align: justify;\"><span lang=\"ES\">Por su parte, el\u00a0ingeniero hidr\u00f3logo Dr. Alejandro Dussaillant\u00a0se\u00f1al\u00f3 en la ocasi\u00f3n que \u00abel desv\u00edo de caudales cepillar\u00eda o sacar\u00eda 1.100 l\/s, si es que el caudal supera ese valor, por tanto va a afectar mucho a las crecidas media, aqu\u00e9llas entre 700 y 2000 l\/s, que no sabemos c\u00f3mo impactar\u00eda a la biota del sistema fluvial, insectos, peces y plantas, porque no hay antecedente al respecto. No hay estudios\u00bb.\u00a0\u00a0Agreg\u00f3 que \u00abm\u00e1s crucial a\u00fan, no se detalla c\u00f3mo va a ser la operaci\u00f3n de la central&#8230;. \u00bfvan a generar con hydropeaking o no?, que significa que podr\u00eda pasar el r\u00edo Los Maquis y, por supuesto, la cascada desde 1.466 a 366 l\/s y viceversa, en un mismo d\u00eda, quiz\u00e1s en unas pocas horas\u00bb. Y se pregunt\u00f3: \u00ab\u00bfC\u00f3mo se va a mitigar el impacto en el patrimonio natural, la biota, el ecosistema y el medio cultural?\u00bb. Dussaillant indic\u00f3 que \u00abtampoco se hace referencia al manejo de sedimento, que algo va a arrastrar ese r\u00edo desde su cuenca de aguas arriba\u00bb.\u00a0\u00a0<\/span><\/p>\n<p class=\"v1MsoNormal\" style=\"text-align: justify;\"><span lang=\"ES\">\u00abEn suma, hay informaci\u00f3n insuficiente para poder estimar los impactos\u00bb concluy\u00f3.<\/span><\/p>\n<\/div><\/section><\/div><div  style='height:50px' class='hr hr-invisible   avia-builder-el-6  el_after_av_one_full  el_before_av_social_share '><span class='hr-inner ' ><span class='hr-inner-style'><\/span><\/span><\/div><\/p>\n<div  class='av-social-sharing-box  avia-builder-el-7  el_after_av_hr  el_before_av_hr  '><div class='av-share-box'><h5 class='av-share-link-description av-no-toc '>Compartir esta noticia<\/h5><ul class='av-share-box-list noLightbox'><li class='av-share-link av-social-link-facebook' ><a target=\"_blank\" aria-label=\"Compartir en Facebook\" href='https:\/\/www.facebook.com\/sharer.php?u=https:\/\/radiorevelacionfm.cl\/?p=4281&#038;t=Ximena%20%C3%93rdenes%3A%20%C2%ABYo%20vi%20la%20intervenci%C3%B3n%C2%BB%20en%20sector%20donde%20se%20construye%20central%20Los%20Maquis' aria-hidden='false' data-av_icon='\ue8f3' data-av_iconfont='entypo-fontello' title='' data-avia-related-tooltip='Compartir en Facebook' rel=\"noopener\"><span class='avia_hidden_link_text'>Compartir en Facebook<\/span><\/a><\/li><li class='av-share-link av-social-link-twitter' ><a target=\"_blank\" aria-label=\"Compartir en Twitter\" href='https:\/\/twitter.com\/share?text=Ximena%20%C3%93rdenes%3A%20%C2%ABYo%20vi%20la%20intervenci%C3%B3n%C2%BB%20en%20sector%20donde%20se%20construye%20central%20Los%20Maquis&#038;url=https:\/\/radiorevelacionfm.cl\/?p=4281' aria-hidden='false' data-av_icon='\ue8f1' data-av_iconfont='entypo-fontello' title='' data-avia-related-tooltip='Compartir en Twitter' rel=\"noopener\"><span class='avia_hidden_link_text'>Compartir en Twitter<\/span><\/a><\/li><li class='av-share-link av-social-link-whatsapp' ><a target=\"_blank\" aria-label=\"Compartir en Whatsapp\" href='https:\/\/api.whatsapp.com\/send?text=https:\/\/radiorevelacionfm.cl\/?p=4281' aria-hidden='false' data-av_icon='\uf232' data-av_iconfont='entypo-fontello' title='' data-avia-related-tooltip='Compartir en Whatsapp' rel=\"noopener\"><span class='avia_hidden_link_text'>Compartir en Whatsapp<\/span><\/a><\/li><li class='av-share-link av-social-link-linkedin' ><a target=\"_blank\" aria-label=\"Compartir en LinkedIn\" href='https:\/\/linkedin.com\/shareArticle?mini=true&#038;title=Ximena%20%C3%93rdenes%3A%20%C2%ABYo%20vi%20la%20intervenci%C3%B3n%C2%BB%20en%20sector%20donde%20se%20construye%20central%20Los%20Maquis&#038;url=https:\/\/radiorevelacionfm.cl\/?p=4281' aria-hidden='false' data-av_icon='\ue8fc' data-av_iconfont='entypo-fontello' title='' data-avia-related-tooltip='Compartir en LinkedIn' rel=\"noopener\"><span class='avia_hidden_link_text'>Compartir en LinkedIn<\/span><\/a><\/li><li class='av-share-link av-social-link-mail' ><a  aria-label=\"Compartir por correo\" href='mailto:?subject=Ximena%20%C3%93rdenes%3A%20%C2%ABYo%20vi%20la%20intervenci%C3%B3n%C2%BB%20en%20sector%20donde%20se%20construye%20central%20Los%20Maquis&#038;body=https:\/\/radiorevelacionfm.cl\/?p=4281' aria-hidden='false' data-av_icon='\ue805' data-av_iconfont='entypo-fontello' title='' data-avia-related-tooltip='Compartir por correo'><span class='avia_hidden_link_text'>Compartir por correo<\/span><\/a><\/li><\/ul><\/div><\/div>\n<div  style='height:50px' class='hr hr-invisible   avia-builder-el-8  el_after_av_social_share  el_before_av_comments_list '><span class='hr-inner ' ><span class='hr-inner-style'><\/span><\/span><\/div>\n<div  class='av-buildercomment  av-blog-meta-html-info-disabled av-blog-meta-tag-disabled  '><\/div>\n","protected":false},"excerpt":{"rendered":"","protected":false},"author":1,"featured_media":0,"comment_status":"open","ping_status":"open","sticky":false,"template":"","format":"standard","meta":{"footnotes":""},"categories":[39],"tags":[],"class_list":["post-4281","post","type-post","status-publish","format-standard","hentry","category-medio-ambiente"],"jetpack_featured_media_url":"","_links":{"self":[{"href":"https:\/\/radiorevelacionfm.cl\/index.php?rest_route=\/wp\/v2\/posts\/4281","targetHints":{"allow":["GET"]}}],"collection":[{"href":"https:\/\/radiorevelacionfm.cl\/index.php?rest_route=\/wp\/v2\/posts"}],"about":[{"href":"https:\/\/radiorevelacionfm.cl\/index.php?rest_route=\/wp\/v2\/types\/post"}],"author":[{"embeddable":true,"href":"https:\/\/radiorevelacionfm.cl\/index.php?rest_route=\/wp\/v2\/users\/1"}],"replies":[{"embeddable":true,"href":"https:\/\/radiorevelacionfm.cl\/index.php?rest_route=%2Fwp%2Fv2%2Fcomments&post=4281"}],"version-history":[{"count":1,"href":"https:\/\/radiorevelacionfm.cl\/index.php?rest_route=\/wp\/v2\/posts\/4281\/revisions"}],"predecessor-version":[{"id":4283,"href":"https:\/\/radiorevelacionfm.cl\/index.php?rest_route=\/wp\/v2\/posts\/4281\/revisions\/4283"}],"wp:attachment":[{"href":"https:\/\/radiorevelacionfm.cl\/index.php?rest_route=%2Fwp%2Fv2%2Fmedia&parent=4281"}],"wp:term":[{"taxonomy":"category","embeddable":true,"href":"https:\/\/radiorevelacionfm.cl\/index.php?rest_route=%2Fwp%2Fv2%2Fcategories&post=4281"},{"taxonomy":"post_tag","embeddable":true,"href":"https:\/\/radiorevelacionfm.cl\/index.php?rest_route=%2Fwp%2Fv2%2Ftags&post=4281"}],"curies":[{"name":"wp","href":"https:\/\/api.w.org\/{rel}","templated":true}]}}