{"id":42797,"date":"2024-06-03T16:55:24","date_gmt":"2024-06-03T19:55:24","guid":{"rendered":"https:\/\/radiorevelacionfm.cl\/?p=42797"},"modified":"2024-06-03T16:55:24","modified_gmt":"2024-06-03T19:55:24","slug":"segun-lo-planificado-el-domingo-2-de-junio-censo-finalizo-visitas-a-viviendas-en-7-comunas-de-la-region-de-aysen","status":"publish","type":"post","link":"https:\/\/radiorevelacionfm.cl\/?p=42797","title":{"rendered":"Seg\u00fan lo planificado, el domingo 2 de junio Censo finaliz\u00f3 visitas a viviendas en 7 comunas de la regi\u00f3n de Ays\u00e9n"},"content":{"rendered":"<div class=\"flex_column av_one_full  flex_column_div av-zero-column-padding first  avia-builder-el-0  el_before_av_one_full  avia-builder-el-first  \" style='border-radius:0px; '><div  class='avia-image-container  av-styling-    avia-builder-el-1  avia-builder-el-no-sibling  avia-align-center '  itemprop=\"image\" itemscope=\"itemscope\" itemtype=\"https:\/\/schema.org\/ImageObject\"  ><div class='avia-image-container-inner'><div class='avia-image-overlay-wrap'><img decoding=\"async\" class='wp-image-42798 avia-img-lazy-loading-not-42798 avia_image' src=\"https:\/\/radiorevelacionfm.cl\/wp-content\/uploads\/2024\/06\/IMG-20240506-WA0027-1-1.jpg\" alt='' title='IMG-20240506-WA0027 (1) (1)' height=\"600\" width=\"800\"  itemprop=\"thumbnailUrl\" srcset=\"https:\/\/radiorevelacionfm.cl\/wp-content\/uploads\/2024\/06\/IMG-20240506-WA0027-1-1.jpg 800w, https:\/\/radiorevelacionfm.cl\/wp-content\/uploads\/2024\/06\/IMG-20240506-WA0027-1-1-300x225.jpg 300w, https:\/\/radiorevelacionfm.cl\/wp-content\/uploads\/2024\/06\/IMG-20240506-WA0027-1-1-768x576.jpg 768w, https:\/\/radiorevelacionfm.cl\/wp-content\/uploads\/2024\/06\/IMG-20240506-WA0027-1-1-705x529.jpg 705w, https:\/\/radiorevelacionfm.cl\/wp-content\/uploads\/2024\/06\/IMG-20240506-WA0027-1-1-450x338.jpg 450w, https:\/\/radiorevelacionfm.cl\/wp-content\/uploads\/2024\/06\/IMG-20240506-WA0027-1-1-600x450.jpg 600w\" sizes=\"(max-width: 800px) 100vw, 800px\" \/><\/div><\/div><\/div><\/div><div class=\"flex_column av_one_full  flex_column_div av-zero-column-padding first  avia-builder-el-2  el_after_av_one_full  el_before_av_one_full  column-top-margin\" style='border-radius:0px; '><section class=\"av_textblock_section \"  itemscope=\"itemscope\" itemtype=\"https:\/\/schema.org\/BlogPosting\" itemprop=\"blogPost\" ><div class='avia_textblock  '   itemprop=\"text\" ><p style=\"text-align: center;\"><span style=\"font-size: 18pt;\"><strong>Seg\u00fan lo planificado, el domingo 2 de junio Censo finaliz\u00f3 visitas a viviendas en 7 comunas de la regi\u00f3n de Ays\u00e9n<\/strong><\/span><\/p>\n<div id=\"gtx-trans\" style=\"position: absolute; left: -50px; top: 4.31534px;\">\n<div class=\"gtx-trans-icon\"><\/div>\n<\/div>\n<\/div><\/section><\/div><div class=\"flex_column av_one_full  flex_column_div av-zero-column-padding first  avia-builder-el-4  el_after_av_one_full  el_before_av_hr  column-top-margin\" style='border-radius:0px; '><section class=\"av_textblock_section \"  itemscope=\"itemscope\" itemtype=\"https:\/\/schema.org\/BlogPosting\" itemprop=\"blogPost\" ><div class='avia_textblock  '   itemprop=\"text\" ><p style=\"text-align: justify;\"><em>En estas comunas ya no habr\u00e1 personal del Censo visitando las viviendas para ser censadas, pero s\u00ed continuar\u00e1n con stand de apoyo para Censo en L\u00ednea durante todo el mes de junio.<\/em><\/p>\n<p style=\"text-align: justify;\"><em>Las personas de todas las comunas del pa\u00eds que a\u00fan no han sido censadas pueden llamar al Fono Censo 1525\u00a0para acceder al Censo en L\u00ednea.<\/em><\/p>\n<p style=\"text-align: justify;\">En el marco de la tercera fase del Censo de Poblaci\u00f3n y Vivienda 2024, el domingo 2 de junio, el Instituto Nacional de Estad\u00edsticas (INE) finaliza las visitas a viviendas en 179 comunas del pa\u00eds, 7 de las cuales pertenecen a la regi\u00f3n de Ays\u00e9n.<\/p>\n<p style=\"text-align: justify;\">En este contexto, a contar del lunes 3 de junio, en Lago Verde, Guaitecas, Cochrane, O\u2019Higgins, Tortel, Chile Chico y R\u00edo Ib\u00e1\u00f1ez ya no habr\u00e1 personal operativo de Censo visitando las viviendas. En tanto, en las comunas de Ays\u00e9n, Cisnes y Coyhaique, se continuar\u00e1 con el levantamiento en terreno.<\/p>\n<p style=\"text-align: justify;\">La informaci\u00f3n de las comunas que no ser\u00e1n revisitadas por las y los censistas estar\u00e1 siendo actualizada en el sitio web\u00a0<a href=\"https:\/\/nam02.safelinks.protection.outlook.com\/?url=http%3A%2F%2Fwww.censo2024.cl%2F&amp;data=05%7C02%7Cacoliveran%40ine.gob.cl%7C4d5e5bca3eb74c0be75a08dc8161818f%7C5baaaa0a1f94469bbbb9d1645dad5ac5%7C0%7C0%7C638527503116381101%7CUnknown%7CTWFpbGZsb3d8eyJWIjoiMC4wLjAwMDAiLCJQIjoiV2luMzIiLCJBTiI6Ik1haWwiLCJXVCI6Mn0%3D%7C0%7C%7C%7C&amp;sdata=0hNiBpW5DNekNe34j%2B0qjZxnSAvyGHA%2FVYbREGwda1Q%3D&amp;reserved=0\">www.censo2024.cl<\/a>, en la secci\u00f3n Avance Territorial.<\/p>\n<p style=\"text-align: justify;\">El director regional del INE Ays\u00e9n, Danilo Pavez, reiter\u00f3 el llamado a la poblaci\u00f3n que a\u00fan no ha respondido el cuestionario censal a censarse, indicando que \u201cLa poblaci\u00f3n que a\u00fan no se ha censado puede llamar gratuitamente al Fono Censo 1525 para acceder al Censo en L\u00ednea, desde las 09:00 a las 21:00 horas de lunes a domingo, o acudir a los locales censales distribuidos en todas las comunas de la regi\u00f3n para solicitar orientaci\u00f3n\u201d.<\/p>\n<p style=\"text-align: justify;\">Las personas que responden el Censo en L\u00ednea reciben un comprobante de cuestionario como confirmaci\u00f3n de que su vivienda fue censada, el que puede ser exhibido como medio de verificaci\u00f3n. Este comprobante llega al correo asociado al Censo en L\u00ednea una vez completado el cuestionario.<\/p>\n<p style=\"text-align: justify;\">Hay que hacer presente que la ley 17.374 que rige al INE establece que los habitantes del pa\u00eds deben proporcionar los datos requeridos para el operativo censal.\u00a0La misma ley establece el secreto estad\u00edstico, es decir, que los datos que recopila el INE son confidenciales y su uso es solo con fines estad\u00edsticos.<\/p>\n<p style=\"text-align: justify;\">Puntos informativos de Censo 2024:<\/p>\n<p style=\"text-align: justify;\">En la regi\u00f3n de Ays\u00e9n se ha dispuesto que los locales censales sirvan como puntos informativos del proceso censal. A continuaci\u00f3n, se detalla cada uno de ellos:<\/p>\n<ul style=\"text-align: justify;\">\n<li><strong>Local censal Ays\u00e9n<\/strong>: Bernardo O\u2019Higgins 571, Puerto Ays\u00e9n.<\/li>\n<li><strong>Local censal 1 Coyhaique<\/strong>: 21 de Mayo 449, Coyhaique,<\/li>\n<li><strong>Local Censal 2 Coyhaique<\/strong>: Las Lengas 952, Coyhaique.<\/li>\n<li><strong>Local censal Chile Chico<\/strong>: Bernardo O\u2019Higgins 333, Chile Chico.<\/li>\n<li><strong>Local censal Puerto Cisnes<\/strong>: Gabriela Mistral c\/S\u00e9ptimo de L\u00ednea, segundo piso, Puerto Cisnes.<\/li>\n<li><strong>Local censal Cochrane<\/strong>: Esmeralda 171, Cochrane.<\/li>\n<li><strong>Local censal Guaitecas<\/strong>: Aeropuerto S\/N, Guaitecas.<\/li>\n<li><strong>Local censal Lago Verde<\/strong>: Trapananda S\/N, Lago Verde.<\/li>\n<li><strong>Local censal R\u00edo Ib\u00e1\u00f1ez<\/strong>: Doctor Luis Pasteur S\/N, R\u00edo Ib\u00e1\u00f1ez.<\/li>\n<\/ul>\n<\/div><\/section><\/div><div  style='height:50px' class='hr hr-invisible   avia-builder-el-6  el_after_av_one_full  el_before_av_social_share '><span class='hr-inner ' ><span class='hr-inner-style'><\/span><\/span><\/div><\/p>\n<div  class='av-social-sharing-box  avia-builder-el-7  el_after_av_hr  el_before_av_hr  '><div class='av-share-box'><h5 class='av-share-link-description av-no-toc '>Compartir esta noticia<\/h5><ul class='av-share-box-list noLightbox'><li class='av-share-link av-social-link-facebook' ><a target=\"_blank\" aria-label=\"Compartir en Facebook\" href='https:\/\/www.facebook.com\/sharer.php?u=https:\/\/radiorevelacionfm.cl\/?p=42797&#038;t=Seg%C3%BAn%20lo%20planificado%2C%20el%20domingo%202%20de%20junio%20Censo%20finaliz%C3%B3%20visitas%20a%20viviendas%20en%207%20comunas%20de%20la%20regi%C3%B3n%20de%20Ays%C3%A9n' aria-hidden='false' data-av_icon='\ue8f3' data-av_iconfont='entypo-fontello' title='' data-avia-related-tooltip='Compartir en Facebook' rel=\"noopener\"><span class='avia_hidden_link_text'>Compartir en Facebook<\/span><\/a><\/li><li class='av-share-link av-social-link-twitter' ><a target=\"_blank\" aria-label=\"Compartir en Twitter\" href='https:\/\/twitter.com\/share?text=Seg%C3%BAn%20lo%20planificado%2C%20el%20domingo%202%20de%20junio%20Censo%20finaliz%C3%B3%20visitas%20a%20viviendas%20en%207%20comunas%20de%20la%20regi%C3%B3n%20de%20Ays%C3%A9n&#038;url=https:\/\/radiorevelacionfm.cl\/?p=42797' aria-hidden='false' data-av_icon='\ue8f1' data-av_iconfont='entypo-fontello' title='' data-avia-related-tooltip='Compartir en Twitter' rel=\"noopener\"><span class='avia_hidden_link_text'>Compartir en Twitter<\/span><\/a><\/li><li class='av-share-link av-social-link-whatsapp' ><a target=\"_blank\" aria-label=\"Compartir en Whatsapp\" href='https:\/\/api.whatsapp.com\/send?text=https:\/\/radiorevelacionfm.cl\/?p=42797' aria-hidden='false' data-av_icon='\uf232' data-av_iconfont='entypo-fontello' title='' data-avia-related-tooltip='Compartir en Whatsapp' rel=\"noopener\"><span class='avia_hidden_link_text'>Compartir en Whatsapp<\/span><\/a><\/li><li class='av-share-link av-social-link-linkedin' ><a target=\"_blank\" aria-label=\"Compartir en LinkedIn\" href='https:\/\/linkedin.com\/shareArticle?mini=true&#038;title=Seg%C3%BAn%20lo%20planificado%2C%20el%20domingo%202%20de%20junio%20Censo%20finaliz%C3%B3%20visitas%20a%20viviendas%20en%207%20comunas%20de%20la%20regi%C3%B3n%20de%20Ays%C3%A9n&#038;url=https:\/\/radiorevelacionfm.cl\/?p=42797' aria-hidden='false' data-av_icon='\ue8fc' data-av_iconfont='entypo-fontello' title='' data-avia-related-tooltip='Compartir en LinkedIn' rel=\"noopener\"><span class='avia_hidden_link_text'>Compartir en LinkedIn<\/span><\/a><\/li><li class='av-share-link av-social-link-mail' ><a  aria-label=\"Compartir por correo\" href='mailto:?subject=Seg%C3%BAn%20lo%20planificado%2C%20el%20domingo%202%20de%20junio%20Censo%20finaliz%C3%B3%20visitas%20a%20viviendas%20en%207%20comunas%20de%20la%20regi%C3%B3n%20de%20Ays%C3%A9n&#038;body=https:\/\/radiorevelacionfm.cl\/?p=42797' aria-hidden='false' data-av_icon='\ue805' data-av_iconfont='entypo-fontello' title='' data-avia-related-tooltip='Compartir por correo'><span class='avia_hidden_link_text'>Compartir por correo<\/span><\/a><\/li><\/ul><\/div><\/div>\n<div  style='height:50px' class='hr hr-invisible   avia-builder-el-8  el_after_av_social_share  el_before_av_comments_list '><span class='hr-inner ' ><span class='hr-inner-style'><\/span><\/span><\/div>\n<div  class='av-buildercomment  av-blog-meta-html-info-disabled av-blog-meta-tag-disabled  '><\/div>\n","protected":false},"excerpt":{"rendered":"","protected":false},"author":1,"featured_media":42798,"comment_status":"open","ping_status":"open","sticky":false,"template":"","format":"standard","meta":{"footnotes":""},"categories":[38],"tags":[],"class_list":["post-42797","post","type-post","status-publish","format-standard","has-post-thumbnail","hentry","category-regional"],"jetpack_featured_media_url":"https:\/\/radiorevelacionfm.cl\/wp-content\/uploads\/2024\/06\/IMG-20240506-WA0027-1-1.jpg","_links":{"self":[{"href":"https:\/\/radiorevelacionfm.cl\/index.php?rest_route=\/wp\/v2\/posts\/42797","targetHints":{"allow":["GET"]}}],"collection":[{"href":"https:\/\/radiorevelacionfm.cl\/index.php?rest_route=\/wp\/v2\/posts"}],"about":[{"href":"https:\/\/radiorevelacionfm.cl\/index.php?rest_route=\/wp\/v2\/types\/post"}],"author":[{"embeddable":true,"href":"https:\/\/radiorevelacionfm.cl\/index.php?rest_route=\/wp\/v2\/users\/1"}],"replies":[{"embeddable":true,"href":"https:\/\/radiorevelacionfm.cl\/index.php?rest_route=%2Fwp%2Fv2%2Fcomments&post=42797"}],"version-history":[{"count":1,"href":"https:\/\/radiorevelacionfm.cl\/index.php?rest_route=\/wp\/v2\/posts\/42797\/revisions"}],"predecessor-version":[{"id":42799,"href":"https:\/\/radiorevelacionfm.cl\/index.php?rest_route=\/wp\/v2\/posts\/42797\/revisions\/42799"}],"wp:featuredmedia":[{"embeddable":true,"href":"https:\/\/radiorevelacionfm.cl\/index.php?rest_route=\/wp\/v2\/media\/42798"}],"wp:attachment":[{"href":"https:\/\/radiorevelacionfm.cl\/index.php?rest_route=%2Fwp%2Fv2%2Fmedia&parent=42797"}],"wp:term":[{"taxonomy":"category","embeddable":true,"href":"https:\/\/radiorevelacionfm.cl\/index.php?rest_route=%2Fwp%2Fv2%2Fcategories&post=42797"},{"taxonomy":"post_tag","embeddable":true,"href":"https:\/\/radiorevelacionfm.cl\/index.php?rest_route=%2Fwp%2Fv2%2Ftags&post=42797"}],"curies":[{"name":"wp","href":"https:\/\/api.w.org\/{rel}","templated":true}]}}