{"id":42794,"date":"2024-06-03T19:06:51","date_gmt":"2024-06-03T22:06:51","guid":{"rendered":"https:\/\/radiorevelacionfm.cl\/?p=42794"},"modified":"2024-06-03T19:07:50","modified_gmt":"2024-06-03T22:07:50","slug":"juzgado-de-cochrane-realizo-primera-itinerancia-del-ano-en-caleta-tortel-y-villa-ohiggins","status":"publish","type":"post","link":"https:\/\/radiorevelacionfm.cl\/?p=42794","title":{"rendered":"Juzgado de Cochrane realiz\u00f3 primera itinerancia del a\u00f1o en Caleta Tortel y Villa O&#8217;Higgins"},"content":{"rendered":"<div class=\"flex_column av_one_full  flex_column_div av-zero-column-padding first  avia-builder-el-0  el_before_av_one_full  avia-builder-el-first  \" style='border-radius:0px; '><div  class='avia-image-container  av-styling-    avia-builder-el-1  avia-builder-el-no-sibling  avia-align-center '  itemprop=\"image\" itemscope=\"itemscope\" itemtype=\"https:\/\/schema.org\/ImageObject\"  ><div class='avia-image-container-inner'><div class='avia-image-overlay-wrap'><img decoding=\"async\" class='wp-image-42795 avia-img-lazy-loading-not-42795 avia_image' src=\"https:\/\/radiorevelacionfm.cl\/wp-content\/uploads\/2024\/06\/foto-13-carabineros-candelario-mansilla-1_optimized.jpg\" alt='' title='foto-13-carabineros-candelario-mansilla--(1)_optimized' height=\"600\" width=\"1113\"  itemprop=\"thumbnailUrl\" srcset=\"https:\/\/radiorevelacionfm.cl\/wp-content\/uploads\/2024\/06\/foto-13-carabineros-candelario-mansilla-1_optimized.jpg 1113w, https:\/\/radiorevelacionfm.cl\/wp-content\/uploads\/2024\/06\/foto-13-carabineros-candelario-mansilla-1_optimized-300x162.jpg 300w, https:\/\/radiorevelacionfm.cl\/wp-content\/uploads\/2024\/06\/foto-13-carabineros-candelario-mansilla-1_optimized-1030x555.jpg 1030w, https:\/\/radiorevelacionfm.cl\/wp-content\/uploads\/2024\/06\/foto-13-carabineros-candelario-mansilla-1_optimized-768x414.jpg 768w, https:\/\/radiorevelacionfm.cl\/wp-content\/uploads\/2024\/06\/foto-13-carabineros-candelario-mansilla-1_optimized-705x380.jpg 705w, https:\/\/radiorevelacionfm.cl\/wp-content\/uploads\/2024\/06\/foto-13-carabineros-candelario-mansilla-1_optimized-450x243.jpg 450w, https:\/\/radiorevelacionfm.cl\/wp-content\/uploads\/2024\/06\/foto-13-carabineros-candelario-mansilla-1_optimized-600x323.jpg 600w\" sizes=\"(max-width: 1113px) 100vw, 1113px\" \/><\/div><\/div><\/div><\/div><div class=\"flex_column av_one_full  flex_column_div av-zero-column-padding first  avia-builder-el-2  el_after_av_one_full  el_before_av_one_full  column-top-margin\" style='border-radius:0px; '><section class=\"av_textblock_section \"  itemscope=\"itemscope\" itemtype=\"https:\/\/schema.org\/BlogPosting\" itemprop=\"blogPost\" ><div class='avia_textblock  '   itemprop=\"text\" ><p style=\"text-align: center;\"><span style=\"font-size: 18pt;\"><b>Juzgado de Cochrane realiz\u00f3 primera itinerancia del a\u00f1o en Caleta Tortel y Villa O&#8217;Higgins<\/b><\/span><\/p>\n<div id=\"gtx-trans\" style=\"position: absolute; left: -50px; top: 4.31534px;\">\n<div class=\"gtx-trans-icon\"><\/div>\n<\/div>\n<\/div><\/section><\/div><div class=\"flex_column av_one_full  flex_column_div av-zero-column-padding first  avia-builder-el-4  el_after_av_one_full  el_before_av_hr  column-top-margin\" style='border-radius:0px; '><section class=\"av_textblock_section \"  itemscope=\"itemscope\" itemtype=\"https:\/\/schema.org\/BlogPosting\" itemprop=\"blogPost\" ><div class='avia_textblock  '   itemprop=\"text\" ><p class=\"v1MsoNormal\" style=\"text-align: justify;\">Durante el 28 y 29 de mayo reci\u00e9n pasado, el Juzgado de Letras, Garant\u00eda y Familia de Cochrane se desplaz\u00f3 hasta las comunas de Tortel y O&#8217;Higgins para llevar a cabo su primera itinerancia del 2024 en estas localidades extremas del sur de Ays\u00e9n. Instancia que permiti\u00f3 desarrollar audiencias del \u00e1mbito Penal y Familia, y para resolver dudas y consultas de los habitantes de ambas comunidades.<\/p>\n<p class=\"v1MsoNormal\" style=\"text-align: justify;\">Esta instancia itinerante cont\u00f3 con la presencia del presidente de la Corte de Apelaciones de Coyhaique, ministro Luis Aedo Mora y la magistrada del tribunal de Cochrane, Javiera Alarc\u00f3n Zurita y funcionarios. Adem\u00e1s, del fiscal (s) regional Jos\u00e9 Moris Ferrando, la fiscal Estefan\u00eda Leiva, y el defensor penal p\u00fablico Andr\u00e9s Pi\u00f1eiro. Junto con ellos, el notario y conservador Fernando C\u00e1ceres, la abogada de la Corporaci\u00f3n de Asistencia Judicial, Katherine C\u00e1rcamo Viveros y funcionarios de Gendarmer\u00eda.<\/p>\n<p class=\"v1MsoNormal\" style=\"text-align: justify;\">En la oportunidad se desarrollaron siete audiencias en Caleta Tortel (cinco de Garant\u00eda y dos de Familia) y ocho audiencias en Villa O\u00b4Higgins (tres de Familia y cinco de Garant\u00eda).<\/p>\n<p class=\"v1MsoNormal\" style=\"text-align: justify;\">\u00abHemos podido desplegarnos tambi\u00e9n con el grupo y equipo de trabajo del Juzgado de Letras, Garant\u00eda y Familia de Cochrane, encabezado por su magistrada titular, Javiera Alarc\u00f3n Zurita, quien sus funcionarios han desarrollado su labor tanto en las comunas de Caleta Tortel como en Villa O&#8217;Higgins. Se han desarrollado audiencias fundamentalmente vinculadas al \u00e1rea de familia y al \u00e1rea penal, procurando resolver conflictos de esas dos disciplinas que eran significativas para ellos, de manera de ir terminando casas que se traducen en la soluci\u00f3n de conflictos concretos de nuestra gente\u00bb, sostuvo el presidente de la Corte, Luis Aedo.<\/p>\n<p class=\"v1MsoNormal\" style=\"text-align: justify;\">En tanto, Jos\u00e9 Moris, fiscal regional (s) indic\u00f3 que \u00ablas itinerancias tambi\u00e9n se producen hacia el sector norte de la regi\u00f3n en las localidades de la Junta y Melinka. Entonces, bajo esa premisa, el que se logre por parte de las instituciones comprender las dificultades geogr\u00e1ficas que tiene nuestra regi\u00f3n y poder constituirse en las distintas localidades es un tremendo avance, un apoyo a nuestros pobladores y naturalmente una muy buena idea que esperamos se siga implementando\u00bb.<\/p>\n<p class=\"v1MsoNormal\" style=\"text-align: justify;\"><b>Actividades de vinculaci\u00f3n<\/b><\/p>\n<p class=\"v1MsoNormal\" style=\"text-align: justify;\">En el contexto de la itinerancia, el presidente de la Corte de Apelaciones pudo saludar protocolarmente al alcalde de Caleta Tortel, Abel Becerra, por los 69 a\u00f1os de vida de la comuna. Sosteniendo una reuni\u00f3n en compa\u00f1\u00eda de los fiscales Jos\u00e9 Moris Ferrando y Estefan\u00eda Leiva. M\u00e1s tarde, y en el gimnasio local particip\u00f3 de la ceremonia p\u00fablica que conmemor\u00f3 un nuevo aniversario de esta lejana comunidad.<\/p>\n<p class=\"v1MsoNormal\" style=\"text-align: justify;\">En tanto, en la comuna de O&#8217;Higgins el ministro sostuvo un encuentro con funcionarios de Carabineros de Chile, y con estudiantes de sexto a\u00f1o b\u00e1sico de la Escuela Pioneros del Sur, a quienes brind\u00f3 una charla sobre el trabajo que realiza el Poder Judicial y por cierto respondi\u00f3 dudas y consultas de los ni\u00f1os y ni\u00f1as. Adem\u00e1s, visit\u00f3 los estudios de Radio R\u00edo Pascua para comentar sobre la visita y el quehacer judicial.<\/p>\n<p class=\"v1MsoNormal\" style=\"text-align: justify;\">Al respecto, Roxana Arriagada, coordinadora acad\u00e9mica de la Escuela y Liceo Pioneros del Sur, sostuvo que \u00abnuestros estudiantes tienen pocas posibilidades de salir a Coyhaique y de impregnarse un poco en c\u00f3mo se manejan los poderes del Estado. Entonces, es s\u00faper importante traer esa informaci\u00f3n a los establecimientos, para que ellos desde peque\u00f1os y como dijo el presidente de la Corte, est\u00e1n en su periodo de formaci\u00f3n y es positivo que desde peque\u00f1os puedan ir entendiendo c\u00f3mo funciona el sistema, para en el fondo llegar a tener 18 a\u00f1os y ser ciudadanos que puedan aportar a la sociedad\u00bb.<\/p>\n<p class=\"v1MsoNormal\" style=\"text-align: justify;\">Las actividades del presidente concluyeron con una visita a la Tenencia Hern\u00e1n Merino Correa, en la zona fronteriza de Candelario Mansilla, donde la comitiva comparti\u00f3 con los funcionarios que hacen patria en esta aislada zona.<\/p>\n<p class=\"v1MsoNormal\" style=\"text-align: justify;\">\u00abQue vengan a visitarnos para ac\u00e1 y vean lo que nosotros hacemos en nuestra labor diaria, tambi\u00e9n es un golpe an\u00edmico para nosotros, que se acuerden que estamos aqu\u00ed, y es una alegr\u00eda y un placer, porque no todos saben que estamos por ac\u00e1 y que hacemos en esta aislada zona. Felices de recibirlos y en lo que podamos ayudarles y cooperar, siempre dispuestos\u00bb, expres\u00f3 el suboficial Jorge Reyes Moraga, jefe (s) de la tenencia Hern\u00e1n Merino Correa.<\/p>\n<\/div><\/section><\/div><div  style='height:50px' class='hr hr-invisible   avia-builder-el-6  el_after_av_one_full  el_before_av_social_share '><span class='hr-inner ' ><span class='hr-inner-style'><\/span><\/span><\/div><\/p>\n<div  class='av-social-sharing-box  avia-builder-el-7  el_after_av_hr  el_before_av_hr  '><div class='av-share-box'><h5 class='av-share-link-description av-no-toc '>Compartir esta noticia<\/h5><ul class='av-share-box-list noLightbox'><li class='av-share-link av-social-link-facebook' ><a target=\"_blank\" aria-label=\"Compartir en Facebook\" href='https:\/\/www.facebook.com\/sharer.php?u=https:\/\/radiorevelacionfm.cl\/?p=42794&#038;t=Juzgado%20de%20Cochrane%20realiz%C3%B3%20primera%20itinerancia%20del%20a%C3%B1o%20en%20Caleta%20Tortel%20y%20Villa%20O%E2%80%99Higgins' aria-hidden='false' data-av_icon='\ue8f3' data-av_iconfont='entypo-fontello' title='' data-avia-related-tooltip='Compartir en Facebook' rel=\"noopener\"><span class='avia_hidden_link_text'>Compartir en Facebook<\/span><\/a><\/li><li class='av-share-link av-social-link-twitter' ><a target=\"_blank\" aria-label=\"Compartir en Twitter\" href='https:\/\/twitter.com\/share?text=Juzgado%20de%20Cochrane%20realiz%C3%B3%20primera%20itinerancia%20del%20a%C3%B1o%20en%20Caleta%20Tortel%20y%20Villa%20O%E2%80%99Higgins&#038;url=https:\/\/radiorevelacionfm.cl\/?p=42794' aria-hidden='false' data-av_icon='\ue8f1' data-av_iconfont='entypo-fontello' title='' data-avia-related-tooltip='Compartir en Twitter' rel=\"noopener\"><span class='avia_hidden_link_text'>Compartir en Twitter<\/span><\/a><\/li><li class='av-share-link av-social-link-whatsapp' ><a target=\"_blank\" aria-label=\"Compartir en Whatsapp\" href='https:\/\/api.whatsapp.com\/send?text=https:\/\/radiorevelacionfm.cl\/?p=42794' aria-hidden='false' data-av_icon='\uf232' data-av_iconfont='entypo-fontello' title='' data-avia-related-tooltip='Compartir en Whatsapp' rel=\"noopener\"><span class='avia_hidden_link_text'>Compartir en Whatsapp<\/span><\/a><\/li><li class='av-share-link av-social-link-linkedin' ><a target=\"_blank\" aria-label=\"Compartir en LinkedIn\" href='https:\/\/linkedin.com\/shareArticle?mini=true&#038;title=Juzgado%20de%20Cochrane%20realiz%C3%B3%20primera%20itinerancia%20del%20a%C3%B1o%20en%20Caleta%20Tortel%20y%20Villa%20O%E2%80%99Higgins&#038;url=https:\/\/radiorevelacionfm.cl\/?p=42794' aria-hidden='false' data-av_icon='\ue8fc' data-av_iconfont='entypo-fontello' title='' data-avia-related-tooltip='Compartir en LinkedIn' rel=\"noopener\"><span class='avia_hidden_link_text'>Compartir en LinkedIn<\/span><\/a><\/li><li class='av-share-link av-social-link-mail' ><a  aria-label=\"Compartir por correo\" href='mailto:?subject=Juzgado%20de%20Cochrane%20realiz%C3%B3%20primera%20itinerancia%20del%20a%C3%B1o%20en%20Caleta%20Tortel%20y%20Villa%20O%E2%80%99Higgins&#038;body=https:\/\/radiorevelacionfm.cl\/?p=42794' aria-hidden='false' data-av_icon='\ue805' data-av_iconfont='entypo-fontello' title='' data-avia-related-tooltip='Compartir por correo'><span class='avia_hidden_link_text'>Compartir por correo<\/span><\/a><\/li><\/ul><\/div><\/div>\n<div  style='height:50px' class='hr hr-invisible   avia-builder-el-8  el_after_av_social_share  el_before_av_comments_list '><span class='hr-inner ' ><span class='hr-inner-style'><\/span><\/span><\/div>\n<div  class='av-buildercomment  av-blog-meta-html-info-disabled av-blog-meta-tag-disabled  '><\/div>\n","protected":false},"excerpt":{"rendered":"","protected":false},"author":1,"featured_media":42795,"comment_status":"open","ping_status":"open","sticky":false,"template":"","format":"standard","meta":{"footnotes":""},"categories":[55],"tags":[],"class_list":["post-42794","post","type-post","status-publish","format-standard","has-post-thumbnail","hentry","category-justicia"],"jetpack_featured_media_url":"https:\/\/radiorevelacionfm.cl\/wp-content\/uploads\/2024\/06\/foto-13-carabineros-candelario-mansilla-1_optimized.jpg","_links":{"self":[{"href":"https:\/\/radiorevelacionfm.cl\/index.php?rest_route=\/wp\/v2\/posts\/42794","targetHints":{"allow":["GET"]}}],"collection":[{"href":"https:\/\/radiorevelacionfm.cl\/index.php?rest_route=\/wp\/v2\/posts"}],"about":[{"href":"https:\/\/radiorevelacionfm.cl\/index.php?rest_route=\/wp\/v2\/types\/post"}],"author":[{"embeddable":true,"href":"https:\/\/radiorevelacionfm.cl\/index.php?rest_route=\/wp\/v2\/users\/1"}],"replies":[{"embeddable":true,"href":"https:\/\/radiorevelacionfm.cl\/index.php?rest_route=%2Fwp%2Fv2%2Fcomments&post=42794"}],"version-history":[{"count":1,"href":"https:\/\/radiorevelacionfm.cl\/index.php?rest_route=\/wp\/v2\/posts\/42794\/revisions"}],"predecessor-version":[{"id":42796,"href":"https:\/\/radiorevelacionfm.cl\/index.php?rest_route=\/wp\/v2\/posts\/42794\/revisions\/42796"}],"wp:featuredmedia":[{"embeddable":true,"href":"https:\/\/radiorevelacionfm.cl\/index.php?rest_route=\/wp\/v2\/media\/42795"}],"wp:attachment":[{"href":"https:\/\/radiorevelacionfm.cl\/index.php?rest_route=%2Fwp%2Fv2%2Fmedia&parent=42794"}],"wp:term":[{"taxonomy":"category","embeddable":true,"href":"https:\/\/radiorevelacionfm.cl\/index.php?rest_route=%2Fwp%2Fv2%2Fcategories&post=42794"},{"taxonomy":"post_tag","embeddable":true,"href":"https:\/\/radiorevelacionfm.cl\/index.php?rest_route=%2Fwp%2Fv2%2Ftags&post=42794"}],"curies":[{"name":"wp","href":"https:\/\/api.w.org\/{rel}","templated":true}]}}