{"id":42792,"date":"2024-06-10T11:40:44","date_gmt":"2024-06-10T14:40:44","guid":{"rendered":"https:\/\/radiorevelacionfm.cl\/?p=42792"},"modified":"2024-06-10T11:40:44","modified_gmt":"2024-06-10T14:40:44","slug":"dan-inicio-a-la-convocatoria-2024-para-obtener-el-sello-azul-distintivo-de-compromiso-con-la-pesca-sustentable","status":"publish","type":"post","link":"https:\/\/radiorevelacionfm.cl\/?p=42792","title":{"rendered":"Dan inicio a la convocatoria 2024 para obtener el Sello Azul, distintivo de compromiso con la pesca sustentable"},"content":{"rendered":"<div class=\"flex_column av_one_full  flex_column_div av-zero-column-padding first  avia-builder-el-0  el_before_av_one_full  avia-builder-el-first  \" style='border-radius:0px; '><div  class='avia-image-container  av-styling-    avia-builder-el-1  avia-builder-el-no-sibling  avia-align-center '  itemprop=\"image\" itemscope=\"itemscope\" itemtype=\"https:\/\/schema.org\/ImageObject\"  ><div class='avia-image-container-inner'><div class='avia-image-overlay-wrap'><img decoding=\"async\" class='wp-image-37527 avia-img-lazy-loading-not-37527 avia_image' src=\"https:\/\/radiorevelacionfm.cl\/wp-content\/uploads\/2023\/11\/Sello-Azul-1-1-1.jpg\" alt='' title='Sello Azul-1 (1) (1)' height=\"600\" width=\"1067\"  itemprop=\"thumbnailUrl\" srcset=\"https:\/\/radiorevelacionfm.cl\/wp-content\/uploads\/2023\/11\/Sello-Azul-1-1-1.jpg 1067w, https:\/\/radiorevelacionfm.cl\/wp-content\/uploads\/2023\/11\/Sello-Azul-1-1-1-300x169.jpg 300w, https:\/\/radiorevelacionfm.cl\/wp-content\/uploads\/2023\/11\/Sello-Azul-1-1-1-1030x579.jpg 1030w, https:\/\/radiorevelacionfm.cl\/wp-content\/uploads\/2023\/11\/Sello-Azul-1-1-1-768x432.jpg 768w, https:\/\/radiorevelacionfm.cl\/wp-content\/uploads\/2023\/11\/Sello-Azul-1-1-1-705x396.jpg 705w, https:\/\/radiorevelacionfm.cl\/wp-content\/uploads\/2023\/11\/Sello-Azul-1-1-1-450x253.jpg 450w, https:\/\/radiorevelacionfm.cl\/wp-content\/uploads\/2023\/11\/Sello-Azul-1-1-1-600x337.jpg 600w\" sizes=\"(max-width: 1067px) 100vw, 1067px\" \/><\/div><\/div><\/div><\/div><div class=\"flex_column av_one_full  flex_column_div av-zero-column-padding first  avia-builder-el-2  el_after_av_one_full  el_before_av_one_full  column-top-margin\" style='border-radius:0px; '><section class=\"av_textblock_section \"  itemscope=\"itemscope\" itemtype=\"https:\/\/schema.org\/BlogPosting\" itemprop=\"blogPost\" ><div class='avia_textblock  '   itemprop=\"text\" ><p style=\"text-align: center;\"><strong><span style=\"font-size: 18pt;\">Dan inicio a la convocatoria 2024 para obtener el Sello Azul, distintivo de compromiso con la pesca sustentable<\/span><\/strong><\/p>\n<div id=\"gtx-trans\" style=\"position: absolute; left: -50px; top: 4.31534px;\">\n<div class=\"gtx-trans-icon\"><\/div>\n<\/div>\n<\/div><\/section><\/div><div class=\"flex_column av_one_full  flex_column_div av-zero-column-padding first  avia-builder-el-4  el_after_av_one_full  el_before_av_hr  column-top-margin\" style='border-radius:0px; '><section class=\"av_textblock_section \"  itemscope=\"itemscope\" itemtype=\"https:\/\/schema.org\/BlogPosting\" itemprop=\"blogPost\" ><div class='avia_textblock  '   itemprop=\"text\" ><p dir=\"ltr\" style=\"text-align: justify;\">Entre el 01 y el 30 de junio estar\u00e1n disponibles las postulaciones para ser parte del Programa de Consumo Responsable \u201cSello Azul\u201d del Servicio Nacional de Pesca y Acuicultura (Sernapesca). Dicho distintivo acredita a los establecimientos que est\u00e1n comprometidos con la sustentabilidad y el cumplimiento de la normativa pesquera y acu\u00edcola, asegurando a las y los consumidores que los recursos de ese establecimiento son de origen legal.<\/p>\n<p dir=\"ltr\" style=\"text-align: justify;\">Aquellos centros comercializadores de recursos y productos del mar que quieran obtener el Sello Azul, deben acreditar el cumplimiento de una serie de requisitos, tales como: abastecerse de proveedores que cuenten con acreditaci\u00f3n de origen legal; contar con autorizaciones vigentes tanto a nivel municipal como sanitario, no haber sido sancionado por infracci\u00f3n a la Ley de Pesca y Acuicultura, entre otros.<\/p>\n<p dir=\"ltr\" style=\"text-align: justify;\">En esta convocatoria tambi\u00e9n pueden participar los centros de consumo minorista como restaurantes y hoteles mediante una v\u00eda m\u00e1s expedita, pudiendo recibir una acreditaci\u00f3n por extensi\u00f3n, siempre y cuando se abastezcan de alg\u00fan comercializador de productos del mar que est\u00e9 acreditado con Sello Azul.<\/p>\n<p dir=\"ltr\" style=\"text-align: justify;\">\u201cEl Sello Azul es un compromiso a ir m\u00e1s all\u00e1 de las obligaciones para contribuir al cuidado de los recursos hidrobiol\u00f3gicos. Es por esto que invitamos a todos quienes comercializan productos y recursos del mar a sumarse a esta iniciativa y obtener este sello, que le permite a la ciudadan\u00eda saber con facilidad que el establecimiento donde compra o consume productos del mar est\u00e1 comprometido con la sustentabilidad de nuestros recursos\u201d, asegur\u00f3 Soledad Tapia, Directora Nacional de Sernapesca.<\/p>\n<p dir=\"ltr\" style=\"text-align: justify;\">Los locales que cumplan con los requisitos y queden seleccionados para ser parte del programa Sello Azul, recibir\u00e1n un sello foliado que ser\u00e1 colocado en su local en un lugar visible al p\u00fablico, adem\u00e1s de pasar a ser parte del registro disponible en la p\u00e1gina web del Servicio Nacional de Pesca y Acuicultura y del mapa de locales con Sello Azul<\/p>\n<p dir=\"ltr\" style=\"text-align: justify;\">Para m\u00e1s informaci\u00f3n sobre el Sello Azul y el proceso de postulaci\u00f3n, pueden hacer click en este enlace (<a href=\"https:\/\/www.sernapesca.cl\/programas\/programa-de-consumo-responsable-sello-azul\" target=\"_blank\" rel=\"noopener\" data-saferedirecturl=\"https:\/\/www.google.com\/url?q=https:\/\/www.sernapesca.cl\/programas\/programa-de-consumo-responsable-sello-azul&amp;source=gmail&amp;ust=1717524404101000&amp;usg=AOvVaw2PBO5ifydHqANqnRh31aGN\">https:\/\/www.sernapesca.cl\/<wbr \/>programas\/programa-de-consumo-<wbr \/>responsable-sello-azul<\/a>). Finalmente, desde SERNAPESCA se hace \u00e9nfasis en que la ciudadan\u00eda, especialmente aquellas personas que son consumidores habituales de pescados y mariscos, consulten el origen de los recursos o prefieran los locales con Sello Azul, ya que es una forma segura de apoyar el consumo responsable y la legalidad de los recursos hidrobiol\u00f3gicos.<\/p>\n<\/div><\/section><\/div><div  style='height:50px' class='hr hr-invisible   avia-builder-el-6  el_after_av_one_full  el_before_av_social_share '><span class='hr-inner ' ><span class='hr-inner-style'><\/span><\/span><\/div><\/p>\n<div  class='av-social-sharing-box  avia-builder-el-7  el_after_av_hr  el_before_av_hr  '><div class='av-share-box'><h5 class='av-share-link-description av-no-toc '>Compartir esta noticia<\/h5><ul class='av-share-box-list noLightbox'><li class='av-share-link av-social-link-facebook' ><a target=\"_blank\" aria-label=\"Compartir en Facebook\" href='https:\/\/www.facebook.com\/sharer.php?u=https:\/\/radiorevelacionfm.cl\/?p=42792&#038;t=Dan%20inicio%20a%20la%20convocatoria%202024%20para%20obtener%20el%20Sello%20Azul%2C%20distintivo%20de%20compromiso%20con%20la%20pesca%20sustentable' aria-hidden='false' data-av_icon='\ue8f3' data-av_iconfont='entypo-fontello' title='' data-avia-related-tooltip='Compartir en Facebook' rel=\"noopener\"><span class='avia_hidden_link_text'>Compartir en Facebook<\/span><\/a><\/li><li class='av-share-link av-social-link-twitter' ><a target=\"_blank\" aria-label=\"Compartir en Twitter\" href='https:\/\/twitter.com\/share?text=Dan%20inicio%20a%20la%20convocatoria%202024%20para%20obtener%20el%20Sello%20Azul%2C%20distintivo%20de%20compromiso%20con%20la%20pesca%20sustentable&#038;url=https:\/\/radiorevelacionfm.cl\/?p=42792' aria-hidden='false' data-av_icon='\ue8f1' data-av_iconfont='entypo-fontello' title='' data-avia-related-tooltip='Compartir en Twitter' rel=\"noopener\"><span class='avia_hidden_link_text'>Compartir en Twitter<\/span><\/a><\/li><li class='av-share-link av-social-link-whatsapp' ><a target=\"_blank\" aria-label=\"Compartir en Whatsapp\" href='https:\/\/api.whatsapp.com\/send?text=https:\/\/radiorevelacionfm.cl\/?p=42792' aria-hidden='false' data-av_icon='\uf232' data-av_iconfont='entypo-fontello' title='' data-avia-related-tooltip='Compartir en Whatsapp' rel=\"noopener\"><span class='avia_hidden_link_text'>Compartir en Whatsapp<\/span><\/a><\/li><li class='av-share-link av-social-link-linkedin' ><a target=\"_blank\" aria-label=\"Compartir en LinkedIn\" href='https:\/\/linkedin.com\/shareArticle?mini=true&#038;title=Dan%20inicio%20a%20la%20convocatoria%202024%20para%20obtener%20el%20Sello%20Azul%2C%20distintivo%20de%20compromiso%20con%20la%20pesca%20sustentable&#038;url=https:\/\/radiorevelacionfm.cl\/?p=42792' aria-hidden='false' data-av_icon='\ue8fc' data-av_iconfont='entypo-fontello' title='' data-avia-related-tooltip='Compartir en LinkedIn' rel=\"noopener\"><span class='avia_hidden_link_text'>Compartir en LinkedIn<\/span><\/a><\/li><li class='av-share-link av-social-link-mail' ><a  aria-label=\"Compartir por correo\" href='mailto:?subject=Dan%20inicio%20a%20la%20convocatoria%202024%20para%20obtener%20el%20Sello%20Azul%2C%20distintivo%20de%20compromiso%20con%20la%20pesca%20sustentable&#038;body=https:\/\/radiorevelacionfm.cl\/?p=42792' aria-hidden='false' data-av_icon='\ue805' data-av_iconfont='entypo-fontello' title='' data-avia-related-tooltip='Compartir por correo'><span class='avia_hidden_link_text'>Compartir por correo<\/span><\/a><\/li><\/ul><\/div><\/div>\n<div  style='height:50px' class='hr hr-invisible   avia-builder-el-8  el_after_av_social_share  el_before_av_comments_list '><span class='hr-inner ' ><span class='hr-inner-style'><\/span><\/span><\/div>\n<div  class='av-buildercomment  av-blog-meta-html-info-disabled av-blog-meta-tag-disabled  '><\/div>\n","protected":false},"excerpt":{"rendered":"","protected":false},"author":1,"featured_media":37527,"comment_status":"open","ping_status":"open","sticky":false,"template":"","format":"standard","meta":{"footnotes":""},"categories":[60],"tags":[],"class_list":["post-42792","post","type-post","status-publish","format-standard","has-post-thumbnail","hentry","category-pesca"],"jetpack_featured_media_url":"https:\/\/radiorevelacionfm.cl\/wp-content\/uploads\/2023\/11\/Sello-Azul-1-1-1.jpg","_links":{"self":[{"href":"https:\/\/radiorevelacionfm.cl\/index.php?rest_route=\/wp\/v2\/posts\/42792","targetHints":{"allow":["GET"]}}],"collection":[{"href":"https:\/\/radiorevelacionfm.cl\/index.php?rest_route=\/wp\/v2\/posts"}],"about":[{"href":"https:\/\/radiorevelacionfm.cl\/index.php?rest_route=\/wp\/v2\/types\/post"}],"author":[{"embeddable":true,"href":"https:\/\/radiorevelacionfm.cl\/index.php?rest_route=\/wp\/v2\/users\/1"}],"replies":[{"embeddable":true,"href":"https:\/\/radiorevelacionfm.cl\/index.php?rest_route=%2Fwp%2Fv2%2Fcomments&post=42792"}],"version-history":[{"count":1,"href":"https:\/\/radiorevelacionfm.cl\/index.php?rest_route=\/wp\/v2\/posts\/42792\/revisions"}],"predecessor-version":[{"id":42793,"href":"https:\/\/radiorevelacionfm.cl\/index.php?rest_route=\/wp\/v2\/posts\/42792\/revisions\/42793"}],"wp:featuredmedia":[{"embeddable":true,"href":"https:\/\/radiorevelacionfm.cl\/index.php?rest_route=\/wp\/v2\/media\/37527"}],"wp:attachment":[{"href":"https:\/\/radiorevelacionfm.cl\/index.php?rest_route=%2Fwp%2Fv2%2Fmedia&parent=42792"}],"wp:term":[{"taxonomy":"category","embeddable":true,"href":"https:\/\/radiorevelacionfm.cl\/index.php?rest_route=%2Fwp%2Fv2%2Fcategories&post=42792"},{"taxonomy":"post_tag","embeddable":true,"href":"https:\/\/radiorevelacionfm.cl\/index.php?rest_route=%2Fwp%2Fv2%2Ftags&post=42792"}],"curies":[{"name":"wp","href":"https:\/\/api.w.org\/{rel}","templated":true}]}}