{"id":42786,"date":"2024-06-03T15:58:59","date_gmt":"2024-06-03T18:58:59","guid":{"rendered":"https:\/\/radiorevelacionfm.cl\/?p=42786"},"modified":"2024-06-03T15:58:59","modified_gmt":"2024-06-03T18:58:59","slug":"encuentro-territorial-con-identidad-reune-agentes-culturales-de-todo-el-sur-de-aysen","status":"publish","type":"post","link":"https:\/\/radiorevelacionfm.cl\/?p=42786","title":{"rendered":"Encuentro Territorial con Identidad re\u00fane agentes culturales de todo el sur de Ays\u00e9n"},"content":{"rendered":"<div class=\"flex_column av_one_full  flex_column_div av-zero-column-padding first  avia-builder-el-0  el_before_av_one_full  avia-builder-el-first  \" style='border-radius:0px; '><div  class='avia-image-container  av-styling-    avia-builder-el-1  avia-builder-el-no-sibling  avia-align-center '  itemprop=\"image\" itemscope=\"itemscope\" itemtype=\"https:\/\/schema.org\/ImageObject\"  ><div class='avia-image-container-inner'><div class='avia-image-overlay-wrap'><img decoding=\"async\" class='wp-image-42787 avia-img-lazy-loading-not-42787 avia_image' src=\"https:\/\/radiorevelacionfm.cl\/wp-content\/uploads\/2024\/06\/encuentro-identidad-sur1-1_optimized.jpg\" alt='' title='encuentro-identidad-sur1-(1)_optimized' height=\"600\" width=\"1045\"  itemprop=\"thumbnailUrl\" srcset=\"https:\/\/radiorevelacionfm.cl\/wp-content\/uploads\/2024\/06\/encuentro-identidad-sur1-1_optimized.jpg 1045w, https:\/\/radiorevelacionfm.cl\/wp-content\/uploads\/2024\/06\/encuentro-identidad-sur1-1_optimized-300x172.jpg 300w, https:\/\/radiorevelacionfm.cl\/wp-content\/uploads\/2024\/06\/encuentro-identidad-sur1-1_optimized-1030x591.jpg 1030w, https:\/\/radiorevelacionfm.cl\/wp-content\/uploads\/2024\/06\/encuentro-identidad-sur1-1_optimized-768x441.jpg 768w, https:\/\/radiorevelacionfm.cl\/wp-content\/uploads\/2024\/06\/encuentro-identidad-sur1-1_optimized-705x405.jpg 705w, https:\/\/radiorevelacionfm.cl\/wp-content\/uploads\/2024\/06\/encuentro-identidad-sur1-1_optimized-450x258.jpg 450w, https:\/\/radiorevelacionfm.cl\/wp-content\/uploads\/2024\/06\/encuentro-identidad-sur1-1_optimized-600x344.jpg 600w\" sizes=\"(max-width: 1045px) 100vw, 1045px\" \/><\/div><\/div><\/div><\/div><div class=\"flex_column av_one_full  flex_column_div av-zero-column-padding first  avia-builder-el-2  el_after_av_one_full  el_before_av_one_full  column-top-margin\" style='border-radius:0px; '><section class=\"av_textblock_section \"  itemscope=\"itemscope\" itemtype=\"https:\/\/schema.org\/BlogPosting\" itemprop=\"blogPost\" ><div class='avia_textblock  '   itemprop=\"text\" ><p style=\"text-align: center;\"><strong><span style=\"font-size: 18pt;\">Encuentro Territorial con Identidad re\u00fane agentes culturales de todo el sur de Ays\u00e9n<\/span><\/strong><\/p>\n<div id=\"gtx-trans\" style=\"position: absolute; left: -50px; top: 4.31534px;\">\n<div class=\"gtx-trans-icon\"><\/div>\n<\/div>\n<\/div><\/section><\/div><div class=\"flex_column av_one_full  flex_column_div av-zero-column-padding first  avia-builder-el-4  el_after_av_one_full  el_before_av_hr  column-top-margin\" style='border-radius:0px; '><section class=\"av_textblock_section \"  itemscope=\"itemscope\" itemtype=\"https:\/\/schema.org\/BlogPosting\" itemprop=\"blogPost\" ><div class='avia_textblock  '   itemprop=\"text\" ><p style=\"text-align: justify;\">Una exitosa jornada de intercambio de experiencias y trabajo cultural comunitario tuvo lugar en Bah\u00eda Murta, hasta donde llegaron agentes culturales de las comunas de R\u00edo Ib\u00e1\u00f1ez, Chile Chico, Cochrane, Tortel y O\u2019Higgins para ser protagonistas del Encuentro Territorial con Identidad Sur, organizado por el Departamento de Ciudadan\u00eda de la Seremi de Culturas Ays\u00e9n, a trav\u00e9s de los programas de Fortalecimiento de la Identidad Cultural Regional (FICR) y Red Cultura.<\/p>\n<p style=\"text-align: justify;\">Todo comenz\u00f3 con la llegada de las delegaciones comunales, integradas por artistas, gestores culturales, artesanas, m\u00fasicos, creadoras y creadores, todos y todas representantes de la Red de Activaci\u00f3n Cultural Regional y de las mesas de Agentes Culturales del sur aysenino.<\/p>\n<p style=\"text-align: justify;\">Los Encuentros Territoriales con Identidad buscan darle continuidad a los procesos de escucha y di\u00e1logo que se han instalado en el territorio, a partir del trabajo sostenido para fortalecer la acci\u00f3n cultural comunitaria.<\/p>\n<p style=\"text-align: justify;\">Felipe Quiroz, seremi de Culturas Ays\u00e9n, explic\u00f3 que \u201ctal como en encuentros anteriores, hemos tenido la posibilidad no solo de conversar largamente y sacar conclusiones acerca del trabajo que estamos desempe\u00f1ando en los territorios, sino adem\u00e1s instalar procesos de formaci\u00f3n y entregar herramientas de gesti\u00f3n en \u00e1reas requeridas por la comunidad art\u00edstica. Creemos que nuestro rol como institucionalidad cultural debe orientarse hacia la instalaci\u00f3n de capacidades para que sean las propias comunidades las que sean portavoces de su territorio. Nuestro eje fundamental como Gobierno ha sido ser promotores de los derechos culturales, porque de esta forma vamos avanzando en una mayor democracia cultural\u201d.<\/p>\n<p style=\"text-align: justify;\">Acerca de realizar estos encuentros en distintos lugares cada vez, la artesana de Puerto Ib\u00e1\u00f1ez, Eva Carrillo, dijo que \u201ces bastante importante porque son lugares totalmente diferentes a cada localidad, la posibilidad de poder acercarse a la oficina de Cultura Regional es muy dif\u00edcil, por las conexiones, entonces, que hoy podamos reunirnos en diferentes lugares de nuestra regi\u00f3n es muy importante. Yo creo que es genial porque antes se hac\u00eda todo en Coyhaique pero, gracias a Dios, se ha logrado que salgan al territorio\u201d.<\/p>\n<p style=\"text-align: justify;\">Scarlet Verdugo, encargada de Cultura de Tortel, piensa que \u201ca pesar de toda la lejan\u00eda, estar aislados, hay algo que nos re\u00fane a todos y es la cultura. En todos los lugares est\u00e1 pasando algo y eso es lo rico, el calorcito humano est\u00e1 en todos lados prendi\u00e9ndose\u201d.<\/p>\n<p style=\"text-align: justify;\">Desde O\u2019Higgins se sum\u00f3 el encargado de Cultura de la comuna y payador, Luciano Auad: \u201cMuchas veces pasan meses o a\u00f1os incluso sin que la gente salga de su pueblo, por lo tanto, es muy importante ir generando estos v\u00ednculos, estas redes, e irnos conectando tambi\u00e9n con la actualizaci\u00f3n de conocimientos\u00bb.<\/p>\n<p style=\"text-align: justify;\">Franco Mansilla se dedica a la fotograf\u00eda en Puerto Guadal y manifiesta que \u201cesto sirve para conocer a m\u00e1s gente creadora que est\u00e9 haciendo alg\u00fan proceso creativo o se est\u00e9 incorporando a la cultura y generando lazos para seguir a trav\u00e9s del tiempo haciendo una simbiosis para que todo confluya en creaci\u00f3n. Tambi\u00e9n hacer parte a la comunidad, mostrar el patrimonio y el arte de cada pueblo\u201d.<\/p>\n<p style=\"text-align: justify;\">Al cierre del Encuentro Territorial con Identidad Sur, se desarroll\u00f3 una muestra artesanal y folcl\u00f3rica, junto a los Hermanos Barr\u00eda, Buena Yunta y C\u00f3digo de Barra. Adem\u00e1s, se mostraron los resultado de la Residencia Art\u00edstica de Artes Esc\u00e9nicas que llevo a cabo la actriz B\u00e1rbara Medina junto a la comunidad murtina: \u201cEstoy muy contenta, sobre todo porque esto fue algo de algunas ideas y chispazos por ah\u00ed, se arm\u00f3 pr\u00e1cticamente solo, y la gente fue sumando sus ideas, sus propuestas, sus personajes. Aparecieron solos dentro de todo el proceso que se dio. Entonces es un trabajo muy de la comunidad. Por lo mismo, es importante que se vea lo que se est\u00e1 haciendo ac\u00e1 desde otros lugares\u201d.<\/p>\n<p style=\"text-align: justify;\">Sobre el desarrollo de estos procesos con las comunidades, B\u00e1rbara sugiere \u201cver lo que las comunidades tienen para ofrecer. No llegar con una idea preconcebida; ver lo que podemos aportar con lo que ya existe en cada lugar\u201d.<\/p>\n<p style=\"text-align: justify;\">La pr\u00f3xima semana un nuevo Encuentro Territorial con Identidad reunir\u00e1 a las 5 comunas del norte aysenino en Ra\u00fal Mar\u00edn Balmaceda: Ays\u00e9n, Coyhaique, Lago Verde, Cisnes y Guaitecas, para desarrollar un completo programa de actividades de di\u00e1logo y formaci\u00f3n.<\/p>\n<p style=\"text-align: justify;\"><strong>\u00a0<\/strong><\/p>\n<\/div><\/section><\/div><div  style='height:50px' class='hr hr-invisible   avia-builder-el-6  el_after_av_one_full  el_before_av_social_share '><span class='hr-inner ' ><span class='hr-inner-style'><\/span><\/span><\/div><\/p>\n<div  class='av-social-sharing-box  avia-builder-el-7  el_after_av_hr  el_before_av_hr  '><div class='av-share-box'><h5 class='av-share-link-description av-no-toc '>Compartir esta noticia<\/h5><ul class='av-share-box-list noLightbox'><li class='av-share-link av-social-link-facebook' ><a target=\"_blank\" aria-label=\"Compartir en Facebook\" href='https:\/\/www.facebook.com\/sharer.php?u=https:\/\/radiorevelacionfm.cl\/?p=42786&#038;t=Encuentro%20Territorial%20con%20Identidad%20re%C3%BAne%20agentes%20culturales%20de%20todo%20el%20sur%20de%20Ays%C3%A9n' aria-hidden='false' data-av_icon='\ue8f3' data-av_iconfont='entypo-fontello' title='' data-avia-related-tooltip='Compartir en Facebook' rel=\"noopener\"><span class='avia_hidden_link_text'>Compartir en Facebook<\/span><\/a><\/li><li class='av-share-link av-social-link-twitter' ><a target=\"_blank\" aria-label=\"Compartir en Twitter\" href='https:\/\/twitter.com\/share?text=Encuentro%20Territorial%20con%20Identidad%20re%C3%BAne%20agentes%20culturales%20de%20todo%20el%20sur%20de%20Ays%C3%A9n&#038;url=https:\/\/radiorevelacionfm.cl\/?p=42786' aria-hidden='false' data-av_icon='\ue8f1' data-av_iconfont='entypo-fontello' title='' data-avia-related-tooltip='Compartir en Twitter' rel=\"noopener\"><span class='avia_hidden_link_text'>Compartir en Twitter<\/span><\/a><\/li><li class='av-share-link av-social-link-whatsapp' ><a target=\"_blank\" aria-label=\"Compartir en Whatsapp\" href='https:\/\/api.whatsapp.com\/send?text=https:\/\/radiorevelacionfm.cl\/?p=42786' aria-hidden='false' data-av_icon='\uf232' data-av_iconfont='entypo-fontello' title='' data-avia-related-tooltip='Compartir en Whatsapp' rel=\"noopener\"><span class='avia_hidden_link_text'>Compartir en Whatsapp<\/span><\/a><\/li><li class='av-share-link av-social-link-linkedin' ><a target=\"_blank\" aria-label=\"Compartir en LinkedIn\" href='https:\/\/linkedin.com\/shareArticle?mini=true&#038;title=Encuentro%20Territorial%20con%20Identidad%20re%C3%BAne%20agentes%20culturales%20de%20todo%20el%20sur%20de%20Ays%C3%A9n&#038;url=https:\/\/radiorevelacionfm.cl\/?p=42786' aria-hidden='false' data-av_icon='\ue8fc' data-av_iconfont='entypo-fontello' title='' data-avia-related-tooltip='Compartir en LinkedIn' rel=\"noopener\"><span class='avia_hidden_link_text'>Compartir en LinkedIn<\/span><\/a><\/li><li class='av-share-link av-social-link-mail' ><a  aria-label=\"Compartir por correo\" href='mailto:?subject=Encuentro%20Territorial%20con%20Identidad%20re%C3%BAne%20agentes%20culturales%20de%20todo%20el%20sur%20de%20Ays%C3%A9n&#038;body=https:\/\/radiorevelacionfm.cl\/?p=42786' aria-hidden='false' data-av_icon='\ue805' data-av_iconfont='entypo-fontello' title='' data-avia-related-tooltip='Compartir por correo'><span class='avia_hidden_link_text'>Compartir por correo<\/span><\/a><\/li><\/ul><\/div><\/div>\n<div  style='height:50px' class='hr hr-invisible   avia-builder-el-8  el_after_av_social_share  el_before_av_comments_list '><span class='hr-inner ' ><span class='hr-inner-style'><\/span><\/span><\/div>\n<div  class='av-buildercomment  av-blog-meta-html-info-disabled av-blog-meta-tag-disabled  '><\/div>\n","protected":false},"excerpt":{"rendered":"","protected":false},"author":1,"featured_media":42787,"comment_status":"open","ping_status":"open","sticky":false,"template":"","format":"standard","meta":{"footnotes":""},"categories":[52],"tags":[],"class_list":["post-42786","post","type-post","status-publish","format-standard","has-post-thumbnail","hentry","category-cultura"],"jetpack_featured_media_url":"https:\/\/radiorevelacionfm.cl\/wp-content\/uploads\/2024\/06\/encuentro-identidad-sur1-1_optimized.jpg","_links":{"self":[{"href":"https:\/\/radiorevelacionfm.cl\/index.php?rest_route=\/wp\/v2\/posts\/42786","targetHints":{"allow":["GET"]}}],"collection":[{"href":"https:\/\/radiorevelacionfm.cl\/index.php?rest_route=\/wp\/v2\/posts"}],"about":[{"href":"https:\/\/radiorevelacionfm.cl\/index.php?rest_route=\/wp\/v2\/types\/post"}],"author":[{"embeddable":true,"href":"https:\/\/radiorevelacionfm.cl\/index.php?rest_route=\/wp\/v2\/users\/1"}],"replies":[{"embeddable":true,"href":"https:\/\/radiorevelacionfm.cl\/index.php?rest_route=%2Fwp%2Fv2%2Fcomments&post=42786"}],"version-history":[{"count":1,"href":"https:\/\/radiorevelacionfm.cl\/index.php?rest_route=\/wp\/v2\/posts\/42786\/revisions"}],"predecessor-version":[{"id":42788,"href":"https:\/\/radiorevelacionfm.cl\/index.php?rest_route=\/wp\/v2\/posts\/42786\/revisions\/42788"}],"wp:featuredmedia":[{"embeddable":true,"href":"https:\/\/radiorevelacionfm.cl\/index.php?rest_route=\/wp\/v2\/media\/42787"}],"wp:attachment":[{"href":"https:\/\/radiorevelacionfm.cl\/index.php?rest_route=%2Fwp%2Fv2%2Fmedia&parent=42786"}],"wp:term":[{"taxonomy":"category","embeddable":true,"href":"https:\/\/radiorevelacionfm.cl\/index.php?rest_route=%2Fwp%2Fv2%2Fcategories&post=42786"},{"taxonomy":"post_tag","embeddable":true,"href":"https:\/\/radiorevelacionfm.cl\/index.php?rest_route=%2Fwp%2Fv2%2Ftags&post=42786"}],"curies":[{"name":"wp","href":"https:\/\/api.w.org\/{rel}","templated":true}]}}